{"id":60335,"date":"2010-05-25T07:52:15","date_gmt":"2010-05-25T05:52:15","guid":{"rendered":"http:\/\/www.fuldaer-nachrichten.de\/?p=60335"},"modified":"2010-05-25T07:52:15","modified_gmt":"2010-05-25T05:52:15","slug":"malteser-fulda-verabschieden-rettungsdienstleiter-markus-lapp","status":"publish","type":"post","link":"https:\/\/www.fuldaernachrichten.de\/?p=60335","title":{"rendered":"Malteser Fulda verabschieden Rettungsdienstleiter Markus Lapp"},"content":{"rendered":"<p><a href=\"http:\/\/www.fuldaer-nachrichten.de\/wp-content\/uploads\/2010\/05\/2010-05-15_Lapp.jpg\"><img decoding=\"async\" class=\"alignleft size-thumbnail wp-image-60336\" title=\"2010-05-15_Lapp\" src=\"http:\/\/www.fuldaer-nachrichten.de\/wp-content\/uploads\/2010\/05\/2010-05-15_Lapp-265x177.jpg\" alt=\"2010-05-15_Lapp\" width=\"265\" height=\"177\" srcset=\"https:\/\/www.fuldaernachrichten.de\/wp-content\/uploads\/2010\/05\/2010-05-15_Lapp-265x177.jpg 265w, https:\/\/www.fuldaernachrichten.de\/wp-content\/uploads\/2010\/05\/2010-05-15_Lapp.jpg 592w\" sizes=\"(max-width: 265px) 100vw, 265px\" \/><\/a>Fulda(tg) In einer Feierstunde haben die Fuldaer Malteser den bisherigen Leiter Rettungsdienst Markus Lapp verabschiedet. Er verl\u00e4sst die Region Osthessen aus famili\u00e4ren Gr\u00fcnden und wird zuk\u00fcnftig im Dreil\u00e4ndereck Deutschland-Frankreich-Schweiz in L\u00f6rrach arbeiten. F\u00fcr die Malteser war Lapp seit 1988 in den unterschiedlichsten F\u00fchrungspositionen t\u00e4tig, zuletzt seit 1994 als Leiter Rettungsdienst in der Di\u00f6zese Fulda.<!--more--><\/p>\n<p>F\u00fcr die Malteser dankten Di\u00f6zesangesch\u00e4ftsf\u00fchrer Thomas Peffermann und der Di\u00f6zesanleiter und Pr\u00e4sident Dr. Constantin von Brandenstein-Zeppelin Markus Lapp. Den Rettungsdienst der Malteser im Kreis Fulda hat Lapp von Beginn an ausgebaut. Heute sind 29 hauptamtliche Mitarbeiter, Mitarbeiter im Freiwilligen Sozialen Jahr (FSJ) sowie Auszubildende bei den Maltesern besch\u00e4ftigt. Die Entwicklung des Katastrophenschutzes hat Lapp vom Jahr 1993 bis 2010 verantwortet. Auch f\u00fcr die zuk\u00fcnftige der Malteser in so genannten &#8220;Medizinischer Task-Forces&#8221; hat er sich eingesetzt. Zwischenzeitlich leitete er zus\u00e4tzlich die Malteser-Dienststelle am Aschenberg, von wo aus Mahlzeitendienst, Fahrdienst und Hausnotruf angeboten werden. Markus Lapp hat f\u00fcr die Malteser die Notfallseelsorge im Landkreis Fulda mit aufgebaut und bis zuletzt unterst\u00fctzt.<\/p>\n<p>Der erste Kreisbeigeordnete Dr. Heiko Wingenfeld w\u00fcrdigte die Verdienste von Markus Lapp, der die Entwicklung im Rettungsdienst und Katastrophenschutz seit 1988 mit gepr\u00e4gt habe. &#8220;Sie waren auch in kritischen Zukunftsfragen jederzeit ein vertrauensw\u00fcrdiger Ansprechpartner.&#8221;  &#8220;Nur unter gr\u00f6\u00dften pers\u00f6nlichen Widerstrebungen&#8221;, so Wingenfeld, \u00fcberreichte er Markus Lapp die Entlassungsurkunde aus dem Ehrenbeamtenverh\u00e4ltnis als Organisatorischer Leiter Rettungsdienst des Landkreises Fulda.<\/p>\n<p>Holger Heil, der Di\u00f6zesan-Jugendseelsorger der Malteser w\u00fcnschte Markus Lapp alles Gute f\u00fcr die Zukunft. Heil selbst war 1996 bis 1998 Zivildienstleistender und erinnerte an gemeinsame Dienste in der Rettungswache. Weitere Gru\u00dfworte sprachen Andreas Sch\u00e4fer und Donald L\u00f6w (DRK Fulda), Matthias Krause (Wachleiter) sowie J\u00fcrgen Diegelmann und Stefan Fr\u00fchauf f\u00fcr die Rettungsdienst-Mitarbeiter der Malteser.<\/p>\n","protected":false},"excerpt":{"rendered":"<div class=\"tmnf_excerpt\"><p>Fulda(tg) In einer Feierstunde haben die Fuldaer Malteser den bisherigen Leiter Rettungsdienst Markus Lapp verabschiedet. Er verl\u00e4sst die Region Osthessen aus famili\u00e4ren Gr\u00fcnden und wird zuk\u00fcnftig im Dreil\u00e4ndereck Deutschland-Frankreich-Schweiz in L\u00f6rrach arbeiten. F\u00fcr die Malteser war Lapp seit 1988 in den unterschiedlichsten F\u00fchrungspositionen t\u00e4tig, zuletzt seit 1994 als Leiter Rettungsdienst in der Di\u00f6zese Fulda.<\/p>\n<\/div>","protected":false},"author":1,"featured_media":0,"comment_status":"closed","ping_status":"closed","sticky":false,"template":"","format":"standard","meta":{"footnotes":""},"categories":[1,51,50],"tags":[],"class_list":["post-60335","post","type-post","status-publish","format-standard","hentry","category-startseite","category-medizin","category-kirche"],"_links":{"self":[{"href":"https:\/\/www.fuldaernachrichten.de\/index.php?rest_route=\/wp\/v2\/posts\/60335","targetHints":{"allow":["GET"]}}],"collection":[{"href":"https:\/\/www.fuldaernachrichten.de\/index.php?rest_route=\/wp\/v2\/posts"}],"about":[{"href":"https:\/\/www.fuldaernachrichten.de\/index.php?rest_route=\/wp\/v2\/types\/post"}],"author":[{"embeddable":true,"href":"https:\/\/www.fuldaernachrichten.de\/index.php?rest_route=\/wp\/v2\/users\/1"}],"replies":[{"embeddable":true,"href":"https:\/\/www.fuldaernachrichten.de\/index.php?rest_route=%2Fwp%2Fv2%2Fcomments&post=60335"}],"version-history":[{"count":1,"href":"https:\/\/www.fuldaernachrichten.de\/index.php?rest_route=\/wp\/v2\/posts\/60335\/revisions"}],"predecessor-version":[{"id":60337,"href":"https:\/\/www.fuldaernachrichten.de\/index.php?rest_route=\/wp\/v2\/posts\/60335\/revisions\/60337"}],"wp:attachment":[{"href":"https:\/\/www.fuldaernachrichten.de\/index.php?rest_route=%2Fwp%2Fv2%2Fmedia&parent=60335"}],"wp:term":[{"taxonomy":"category","embeddable":true,"href":"https:\/\/www.fuldaernachrichten.de\/index.php?rest_route=%2Fwp%2Fv2%2Fcategories&post=60335"},{"taxonomy":"post_tag","embeddable":true,"href":"https:\/\/www.fuldaernachrichten.de\/index.php?rest_route=%2Fwp%2Fv2%2Ftags&post=60335"}],"curies":[{"name":"wp","href":"https:\/\/api.w.org\/{rel}","templated":true}]}}