{"id":60331,"date":"2010-05-24T22:24:20","date_gmt":"2010-05-24T20:24:20","guid":{"rendered":"http:\/\/www.fuldaer-nachrichten.de\/?p=60331"},"modified":"2010-05-24T22:25:21","modified_gmt":"2010-05-24T20:25:21","slug":"das-fuerstliche-gartenfest-schloss-fasanerie-mit-neuem-rekord-24-500-besucher","status":"publish","type":"post","link":"https:\/\/www.fuldaernachrichten.de\/?p=60331","title":{"rendered":"Das F\u00fcrstliche Gartenfest Schloss Fasanerie mit neuem Rekord: 24.500 Besucher"},"content":{"rendered":"<p><a title=\"Foto: Marzena Traber\" rel=\"lightbox[roadtrip]\" href=\"http:\/\/www.fuldaer-nachrichten.de\/wp-content\/uploads\/2010\/05\/100524_Fasanerie_158.jpg\" target=\"_blank\"><img decoding=\"async\" src=\"http:\/\/www.fuldaer-nachrichten.de\/wp-content\/uploads\/2010\/05\/100524_Fasanerie_158.jpg\" alt=\"100524_Fasanerie_158.jpg\" width=\"560\" \/><\/a><\/p>\n<p><strong>Eichenzell.<\/strong> Ein festliches Barockkonzert setzte am Montagabend den Schlussakkord zum 11. F\u00fcrstlichen Gartenfest Schloss Fasanerie. W\u00e4hrend der vier Gartenfesttage zog es bei herrlichem Wetter 24.500 Besucher auf das Gel\u00e4nde. Gartenhungrige nutzen nach dem langen Winter die Gelegenheit, sich an diesem Pfingstwochenende mit neuen Pflanzen einzudecken. In den Gartenanlagen und H\u00f6fen von Schloss Fasanerie begeisterten G\u00e4rtner und Rarit\u00e4tenz\u00fcchter die Besucher mit ihren vielf\u00e4ltigen und oftmals sehr ausgefallenen Pflanzen, Stauden, Str\u00e4uchern und B\u00e4umen.<\/p>\n<p><strong>Fotos (164):<\/strong> Marzena Traber<\/p>\n<p><a title=\"Foto: Marzena Traber\" rel=\"lightbox[roadtrip]\" href=\"http:\/\/www.fuldaer-nachrichten.de\/wp-content\/uploads\/2010\/05\/100524_Fasanerie_056.jpg\" target=\"_blank\"><img decoding=\"async\" src=\"http:\/\/www.fuldaer-nachrichten.de\/wp-content\/uploads\/2010\/05\/100524_Fasanerie_056.thumbnail.jpg\" alt=\"100524_Fasanerie_056.jpg\" width=\"265\" \/><\/a> <a title=\"Foto: Marzena Traber\" rel=\"lightbox[roadtrip]\" href=\"http:\/\/www.fuldaer-nachrichten.de\/wp-content\/uploads\/2010\/05\/100524_Fasanerie_050.jpg\" target=\"_blank\"><img decoding=\"async\" src=\"http:\/\/www.fuldaer-nachrichten.de\/wp-content\/uploads\/2010\/05\/100524_Fasanerie_050.thumbnail.jpg\" alt=\"100524_Fasanerie_050.jpg\" width=\"265\" \/><\/a><\/p>\n<p><a title=\"Foto: Marzena Traber\" rel=\"lightbox[roadtrip]\" href=\"http:\/\/www.fuldaer-nachrichten.de\/wp-content\/uploads\/2010\/05\/100524_Fasanerie_093.jpg\" target=\"_blank\"><img decoding=\"async\" src=\"http:\/\/www.fuldaer-nachrichten.de\/wp-content\/uploads\/2010\/05\/100524_Fasanerie_093.thumbnail.jpg\" alt=\"100524_Fasanerie_093.jpg\" width=\"265\" \/><\/a> <a title=\"Foto: Marzena Traber\" rel=\"lightbox[roadtrip]\" href=\"http:\/\/www.fuldaer-nachrichten.de\/wp-content\/uploads\/2010\/05\/100524_Fasanerie_134.jpg\" target=\"_blank\"><img decoding=\"async\" src=\"http:\/\/www.fuldaer-nachrichten.de\/wp-content\/uploads\/2010\/05\/100524_Fasanerie_134.thumbnail.jpg\" alt=\"100524_Fasanerie_134.jpg\" width=\"265\" \/><\/a><\/p>\n<p><!--more--><\/p>\n<p>Ein Badezimmer im Gr\u00fcnen lockte viele Besucher zur Schaufl\u00e4che des Gartenbaubetriebs von Dirk Engel aus Fulda: Eingebunden in eine Gartenlandschaft machten Badewanne und Gartendusche Lust auf ein Badevergn\u00fcgen unter freiem Himmel. Dirk Engel erhielt f\u00fcr diese Gestaltung die Goldene Ananas &#8211; eine Auszeichnung, die allj\u00e4hrlich in unterschiedlichen Kategorien von Fachjuroren vergeben wird. Ebenfalls eine Goldene Ananas erhielt Werner Ruf von der Bioland Rosenschule Ruf aus Steinfurth f\u00fcr das Eichenzeller Zimtr\u00f6slein, eine historische Rosenvariante, die im Park von Schloss Fasanerie entdeckt, wieder vermehrt und dadurch gerettet wurde.<\/p>\n<p><a title=\"Foto: Marzena Traber\" rel=\"lightbox[roadtrip]\" href=\"http:\/\/www.fuldaer-nachrichten.de\/wp-content\/uploads\/2010\/05\/100524_Fasanerie_019.jpg\" target=\"_blank\"><img decoding=\"async\" src=\"http:\/\/www.fuldaer-nachrichten.de\/wp-content\/uploads\/2010\/05\/100524_Fasanerie_019.thumbnail.jpg\" alt=\"100524_Fasanerie_019.jpg\" width=\"265\" \/><\/a> <a title=\"Foto: Marzena  Traber\" rel=\"lightbox[roadtrip]\" href=\"http:\/\/www.fuldaer-nachrichten.de\/wp-content\/uploads\/2010\/05\/100524_Fasanerie_020.jpg\" target=\"_blank\"><img decoding=\"async\" src=\"http:\/\/www.fuldaer-nachrichten.de\/wp-content\/uploads\/2010\/05\/100524_Fasanerie_020.thumbnail.jpg\" alt=\"100524_Fasanerie_020.jpg\" width=\"265\" \/><\/a><\/p>\n<p>Einen Sonderpreis vergab die Jury an alle Sch\u00fcler, die sich am Schulwettbewerb \u201eVolle Kanne \u2013 Unsere Brause f\u00fcr Bl\u00fcte und Beet\u201c beteiligten. Dieser Wettbewerb wurde im Vorfeld des Gartenfestes ausgelobt und forderte Schulklassen auf, eine gew\u00f6hnliche Gie\u00dfkanne ganz ungew\u00f6hnlich zu gestalten. Die eingereichten Werke \u00fcberraschten sowohl den Veranstalter als auch die G\u00e4ste. Barbara Siehl, die bekannte Fernsehmoderatorin des Hessischen Rundfunks meinte als Mitglied der Jury dazu: \u201eWer die Gie\u00dfkannen-Ausstellung an der Schlossmauer nicht besucht hat, hat wirklich was verpasst!\u201c<\/p>\n<p><a title=\"Foto: Marzena Traber\" rel=\"lightbox[roadtrip]\" href=\"http:\/\/www.fuldaer-nachrichten.de\/wp-content\/uploads\/2010\/05\/100524_Fasanerie_125.jpg\" target=\"_blank\"><img decoding=\"async\" src=\"http:\/\/www.fuldaer-nachrichten.de\/wp-content\/uploads\/2010\/05\/100524_Fasanerie_125.thumbnail.jpg\" alt=\"100524_Fasanerie_125.jpg\" width=\"265\" \/><\/a> <a title=\"Foto: Marzena  Traber\" rel=\"lightbox[roadtrip]\" href=\"http:\/\/www.fuldaer-nachrichten.de\/wp-content\/uploads\/2010\/05\/100524_Fasanerie_126.jpg\" target=\"_blank\"><img decoding=\"async\" src=\"http:\/\/www.fuldaer-nachrichten.de\/wp-content\/uploads\/2010\/05\/100524_Fasanerie_126.thumbnail.jpg\" alt=\"100524_Fasanerie_126.jpg\" width=\"265\" \/><\/a><\/p>\n<p><a title=\"Foto:  Marzena Traber\" rel=\"lightbox[roadtrip]\" href=\"http:\/\/www.fuldaer-nachrichten.de\/wp-content\/uploads\/2010\/05\/100524_Fasanerie_119.jpg\" target=\"_blank\"><img decoding=\"async\" src=\"http:\/\/www.fuldaer-nachrichten.de\/wp-content\/uploads\/2010\/05\/100524_Fasanerie_119.thumbnail.jpg\" alt=\"100524_Fasanerie_119.jpg\" width=\"265\" \/><\/a> <a title=\"Foto: Marzena   Traber\" rel=\"lightbox[roadtrip]\" href=\"http:\/\/www.fuldaer-nachrichten.de\/wp-content\/uploads\/2010\/05\/100524_Fasanerie_120.jpg\" target=\"_blank\"><img decoding=\"async\" src=\"http:\/\/www.fuldaer-nachrichten.de\/wp-content\/uploads\/2010\/05\/100524_Fasanerie_120.thumbnail.jpg\" alt=\"100524_Fasanerie_120.jpg\" width=\"265\" \/><\/a><\/p>\n<p>Auch zum diesj\u00e4hrigen Sonderthema \u201eWasser im Garten\u201c gab es vielf\u00e4ltige Inspirationen f\u00fcr den eigenen Hausgarten. Von sprudelnden Quellsteinen und Wassertr\u00f6gen \u00fcber Whirlpools bis hin zu abstrakten Gestaltungen mit blauem Recyclingglas griffen viele Aussteller das Motto auf und entwarfen sogar kleine Gartenanlagen mit Teichen und Wasserl\u00e4ufen. G\u00e4rtner und Z\u00fcchter boten speziell dazu Wasserpflanzen, wie See- oder Sumpfrosen oder pr\u00e4sentierten blau bl\u00fchende Pflanzen wie Clematis oder Lilien.<br \/>\nKonkrete Ratschl\u00e4ge und Tipps zur Gestaltung eines Schwimmteichs oder zur richtigen Rosenpflege lieferten die etwa 30 Vortr\u00e4ge, die w\u00e4hrend der vier Gartenfesttage angeboten wurden. Die Vortr\u00e4ge von Wolfram Franke, dem Herausgeber der Zeitschrift kraut&amp;r\u00fcben, oder auch von Schwester Christa aus der Benediktinerinnenabtei St. Maria in Fulda waren bis auf den letzten Platz besetzt.<\/p>\n<p><a title=\"Foto: Marzena Traber\" rel=\"lightbox[roadtrip]\" href=\"http:\/\/www.fuldaer-nachrichten.de\/wp-content\/uploads\/2010\/05\/100524_Fasanerie_033.jpg\" target=\"_blank\"><img decoding=\"async\" src=\"http:\/\/www.fuldaer-nachrichten.de\/wp-content\/uploads\/2010\/05\/100524_Fasanerie_033.thumbnail.jpg\" alt=\"100524_Fasanerie_033.jpg\" width=\"265\" \/><\/a> <a title=\"Foto: Marzena  Traber\" rel=\"lightbox[roadtrip]\" href=\"http:\/\/www.fuldaer-nachrichten.de\/wp-content\/uploads\/2010\/05\/100524_Fasanerie_034.jpg\" target=\"_blank\"><img decoding=\"async\" src=\"http:\/\/www.fuldaer-nachrichten.de\/wp-content\/uploads\/2010\/05\/100524_Fasanerie_034.thumbnail.jpg\" alt=\"100524_Fasanerie_034.jpg\" width=\"265\" \/><\/a><\/p>\n<p>Dekorative Gartenaccessoires, Landmode und kulinarische K\u00f6stlichkeiten wurden von den Besuchern nicht weniger wertgesch\u00e4tzt, so dass sich die Aussteller allesamt eines guten Zuspruchs erfreuten. Nicht zuletzt bot das F\u00fcrstliche Gartenfest die besondere Gelegenheit, die Kunstausstellung openART im Schlosspark zu besuchen. Mit bunten M\u00f6psen, fliegenden Fischen und ausgefallenen Installationen lockte die Red Corridor Gallery aus Fulda in den Park von Schloss Fasanerie. Vier international bekannte K\u00fcnstler zeigten dort ihre Werke. Die filigranen Drahtskulpturen der Malerin und Textilk\u00fcnstlerin Joanna Skurska oder die bunten M\u00f6pse der M\u00fcnchner Bildhauerin Beate Schubert regten zu einem Kunstspaziergang an. Zudem waren Werke von Leszek Skurski und Rudi Neuland zu sehen.<\/p>\n<p><a title=\"Foto: Marzena Traber\" rel=\"lightbox[roadtrip]\" href=\"http:\/\/www.fuldaer-nachrichten.de\/wp-content\/uploads\/2010\/05\/100524_Fasanerie_159.jpg\" target=\"_blank\"><img decoding=\"async\" src=\"http:\/\/www.fuldaer-nachrichten.de\/wp-content\/uploads\/2010\/05\/100524_Fasanerie_159.thumbnail.jpg\" alt=\"100524_Fasanerie_159.jpg\" width=\"265\" \/><\/a> <a title=\"Foto: Marzena  Traber\" rel=\"lightbox[roadtrip]\" href=\"http:\/\/www.fuldaer-nachrichten.de\/wp-content\/uploads\/2010\/05\/100524_Fasanerie_160.jpg\" target=\"_blank\"><img decoding=\"async\" src=\"http:\/\/www.fuldaer-nachrichten.de\/wp-content\/uploads\/2010\/05\/100524_Fasanerie_160.thumbnail.jpg\" alt=\"100524_Fasanerie_160.jpg\" width=\"265\" \/><\/a><\/p>\n<p><a title=\"Foto: Marzena Traber\" rel=\"lightbox[roadtrip]\" href=\"http:\/\/www.fuldaer-nachrichten.de\/wp-content\/uploads\/2010\/05\/100524_Fasanerie_161.jpg\" target=\"_blank\"><img decoding=\"async\" src=\"http:\/\/www.fuldaer-nachrichten.de\/wp-content\/uploads\/2010\/05\/100524_Fasanerie_161.thumbnail.jpg\" alt=\"100524_Fasanerie_161.jpg\" width=\"265\" \/><\/a> <a title=\"Foto: Marzena  Traber\" rel=\"lightbox[roadtrip]\" href=\"http:\/\/www.fuldaer-nachrichten.de\/wp-content\/uploads\/2010\/05\/100524_Fasanerie_162.jpg\" target=\"_blank\"><img decoding=\"async\" src=\"http:\/\/www.fuldaer-nachrichten.de\/wp-content\/uploads\/2010\/05\/100524_Fasanerie_162.thumbnail.jpg\" alt=\"100524_Fasanerie_162.jpg\" width=\"265\" \/><\/a><\/p>\n<p>\u201eEs war eines der gelungensten Gartenfeste, das wir jemals hatten: Die Besucher sind gl\u00fccklich, unsere Aussteller zufrieden und es gab organisatorisch keine Zwischenf\u00e4lle\u201c, res\u00fcmierte Projektleiter Dr. Markus Miller. Ein herrliches Gartenfestwochenende erwartet Gartenliebhaber auch im n\u00e4chsten Jahr. Der Termin steht schon fest: Das F\u00fcrstliche Gartenfest Schloss Fasanerie wird vom 19. bis 22. Mai 2011 stattfinden.<\/p>\n<p><a title=\"Foto: Marzena Traber\" rel=\"lightbox[roadtrip]\" href=\"http:\/\/www.fuldaer-nachrichten.de\/wp-content\/uploads\/2010\/05\/100524_Fasanerie_001.jpg\" target=\"_blank\"><img decoding=\"async\" src=\"http:\/\/www.fuldaer-nachrichten.de\/wp-content\/uploads\/2010\/05\/100524_Fasanerie_001.thumbnail.jpg\" alt=\"100524_Fasanerie_001.jpg\" width=\"265\" \/><\/a> <a title=\"Foto: Marzena Traber\" rel=\"lightbox[roadtrip]\" href=\"http:\/\/www.fuldaer-nachrichten.de\/wp-content\/uploads\/2010\/05\/100524_Fasanerie_002.jpg\" target=\"_blank\"><img decoding=\"async\" src=\"http:\/\/www.fuldaer-nachrichten.de\/wp-content\/uploads\/2010\/05\/100524_Fasanerie_002.thumbnail.jpg\" alt=\"100524_Fasanerie_002.jpg\" width=\"265\" \/><\/a><\/p>\n<p><a title=\"Foto: Marzena Traber\" rel=\"lightbox[roadtrip]\" href=\"http:\/\/www.fuldaer-nachrichten.de\/wp-content\/uploads\/2010\/05\/100524_Fasanerie_003.jpg\" target=\"_blank\"><img decoding=\"async\" src=\"http:\/\/www.fuldaer-nachrichten.de\/wp-content\/uploads\/2010\/05\/100524_Fasanerie_003.thumbnail.jpg\" alt=\"100524_Fasanerie_003.jpg\" width=\"265\" \/><\/a> <a title=\"Foto: Marzena Traber\" rel=\"lightbox[roadtrip]\" href=\"http:\/\/www.fuldaer-nachrichten.de\/wp-content\/uploads\/2010\/05\/100524_Fasanerie_004.jpg\" target=\"_blank\"><img decoding=\"async\" src=\"http:\/\/www.fuldaer-nachrichten.de\/wp-content\/uploads\/2010\/05\/100524_Fasanerie_004.thumbnail.jpg\" alt=\"100524_Fasanerie_004.jpg\" width=\"265\" \/><\/a><\/p>\n<p><a title=\"Foto: Marzena Traber\" rel=\"lightbox[roadtrip]\" href=\"http:\/\/www.fuldaer-nachrichten.de\/wp-content\/uploads\/2010\/05\/100524_Fasanerie_005.jpg\" target=\"_blank\"><img decoding=\"async\" src=\"http:\/\/www.fuldaer-nachrichten.de\/wp-content\/uploads\/2010\/05\/100524_Fasanerie_005.thumbnail.jpg\" alt=\"100524_Fasanerie_005.jpg\" width=\"265\" \/><\/a> <a title=\"Foto: Marzena Traber\" rel=\"lightbox[roadtrip]\" href=\"http:\/\/www.fuldaer-nachrichten.de\/wp-content\/uploads\/2010\/05\/100524_Fasanerie_006.jpg\" target=\"_blank\"><img decoding=\"async\" src=\"http:\/\/www.fuldaer-nachrichten.de\/wp-content\/uploads\/2010\/05\/100524_Fasanerie_006.thumbnail.jpg\" alt=\"100524_Fasanerie_006.jpg\" width=\"265\" \/><\/a><\/p>\n<p><a title=\"Foto: Marzena Traber\" rel=\"lightbox[roadtrip]\" href=\"http:\/\/www.fuldaer-nachrichten.de\/wp-content\/uploads\/2010\/05\/100524_Fasanerie_007.jpg\" target=\"_blank\"><img decoding=\"async\" src=\"http:\/\/www.fuldaer-nachrichten.de\/wp-content\/uploads\/2010\/05\/100524_Fasanerie_007.thumbnail.jpg\" alt=\"100524_Fasanerie_007.jpg\" width=\"265\" \/><\/a> <a title=\"Foto: Marzena Traber\" rel=\"lightbox[roadtrip]\" href=\"http:\/\/www.fuldaer-nachrichten.de\/wp-content\/uploads\/2010\/05\/100524_Fasanerie_008.jpg\" target=\"_blank\"><img decoding=\"async\" src=\"http:\/\/www.fuldaer-nachrichten.de\/wp-content\/uploads\/2010\/05\/100524_Fasanerie_008.thumbnail.jpg\" alt=\"100524_Fasanerie_008.jpg\" width=\"265\" \/><\/a><\/p>\n<p><a title=\"Foto: Marzena Traber\" rel=\"lightbox[roadtrip]\" href=\"http:\/\/www.fuldaer-nachrichten.de\/wp-content\/uploads\/2010\/05\/100524_Fasanerie_009.jpg\" target=\"_blank\"><img decoding=\"async\" src=\"http:\/\/www.fuldaer-nachrichten.de\/wp-content\/uploads\/2010\/05\/100524_Fasanerie_009.thumbnail.jpg\" alt=\"100524_Fasanerie_009.jpg\" width=\"265\" \/><\/a> <a title=\"Foto: Marzena Traber\" rel=\"lightbox[roadtrip]\" href=\"http:\/\/www.fuldaer-nachrichten.de\/wp-content\/uploads\/2010\/05\/100524_Fasanerie_010.jpg\" target=\"_blank\"><img decoding=\"async\" src=\"http:\/\/www.fuldaer-nachrichten.de\/wp-content\/uploads\/2010\/05\/100524_Fasanerie_010.thumbnail.jpg\" alt=\"100524_Fasanerie_010.jpg\" width=\"265\" \/><\/a><\/p>\n<p><a title=\"Foto: Marzena Traber\" rel=\"lightbox[roadtrip]\" href=\"http:\/\/www.fuldaer-nachrichten.de\/wp-content\/uploads\/2010\/05\/100524_Fasanerie_011.jpg\" target=\"_blank\"><img decoding=\"async\" src=\"http:\/\/www.fuldaer-nachrichten.de\/wp-content\/uploads\/2010\/05\/100524_Fasanerie_011.thumbnail.jpg\" alt=\"100524_Fasanerie_011.jpg\" width=\"265\" \/><\/a> <a title=\"Foto: Marzena Traber\" rel=\"lightbox[roadtrip]\" href=\"http:\/\/www.fuldaer-nachrichten.de\/wp-content\/uploads\/2010\/05\/100524_Fasanerie_012.jpg\" target=\"_blank\"><img decoding=\"async\" src=\"http:\/\/www.fuldaer-nachrichten.de\/wp-content\/uploads\/2010\/05\/100524_Fasanerie_012.thumbnail.jpg\" alt=\"100524_Fasanerie_012.jpg\" width=\"265\" \/><\/a><\/p>\n<p><a title=\"Foto: Marzena Traber\" rel=\"lightbox[roadtrip]\" href=\"http:\/\/www.fuldaer-nachrichten.de\/wp-content\/uploads\/2010\/05\/100524_Fasanerie_013.jpg\" target=\"_blank\"><img decoding=\"async\" src=\"http:\/\/www.fuldaer-nachrichten.de\/wp-content\/uploads\/2010\/05\/100524_Fasanerie_013.thumbnail.jpg\" alt=\"100524_Fasanerie_013.jpg\" width=\"265\" \/><\/a> <a title=\"Foto: Marzena Traber\" rel=\"lightbox[roadtrip]\" href=\"http:\/\/www.fuldaer-nachrichten.de\/wp-content\/uploads\/2010\/05\/100524_Fasanerie_014.jpg\" target=\"_blank\"><img decoding=\"async\" src=\"http:\/\/www.fuldaer-nachrichten.de\/wp-content\/uploads\/2010\/05\/100524_Fasanerie_014.thumbnail.jpg\" alt=\"100524_Fasanerie_014.jpg\" width=\"265\" \/><\/a><\/p>\n<p><a title=\"Foto: Marzena Traber\" rel=\"lightbox[roadtrip]\" href=\"http:\/\/www.fuldaer-nachrichten.de\/wp-content\/uploads\/2010\/05\/100524_Fasanerie_015.jpg\" target=\"_blank\"><img decoding=\"async\" src=\"http:\/\/www.fuldaer-nachrichten.de\/wp-content\/uploads\/2010\/05\/100524_Fasanerie_015.thumbnail.jpg\" alt=\"100524_Fasanerie_015.jpg\" width=\"265\" \/><\/a> <a title=\"Foto: Marzena Traber\" rel=\"lightbox[roadtrip]\" href=\"http:\/\/www.fuldaer-nachrichten.de\/wp-content\/uploads\/2010\/05\/100524_Fasanerie_016.jpg\" target=\"_blank\"><img decoding=\"async\" src=\"http:\/\/www.fuldaer-nachrichten.de\/wp-content\/uploads\/2010\/05\/100524_Fasanerie_016.thumbnail.jpg\" alt=\"100524_Fasanerie_016.jpg\" width=\"265\" \/><\/a><\/p>\n<p><a title=\"Foto: Marzena Traber\" rel=\"lightbox[roadtrip]\" href=\"http:\/\/www.fuldaer-nachrichten.de\/wp-content\/uploads\/2010\/05\/100524_Fasanerie_017.jpg\" target=\"_blank\"><img decoding=\"async\" src=\"http:\/\/www.fuldaer-nachrichten.de\/wp-content\/uploads\/2010\/05\/100524_Fasanerie_017.thumbnail.jpg\" alt=\"100524_Fasanerie_017.jpg\" width=\"265\" \/><\/a> <a title=\"Foto: Marzena Traber\" rel=\"lightbox[roadtrip]\" href=\"http:\/\/www.fuldaer-nachrichten.de\/wp-content\/uploads\/2010\/05\/100524_Fasanerie_018.jpg\" target=\"_blank\"><img decoding=\"async\" src=\"http:\/\/www.fuldaer-nachrichten.de\/wp-content\/uploads\/2010\/05\/100524_Fasanerie_018.thumbnail.jpg\" alt=\"100524_Fasanerie_018.jpg\" width=\"265\" \/><\/a><\/p>\n<p><a title=\"Foto: Marzena Traber\" rel=\"lightbox[roadtrip]\" href=\"http:\/\/www.fuldaer-nachrichten.de\/wp-content\/uploads\/2010\/05\/100524_Fasanerie_021.jpg\" target=\"_blank\"><img decoding=\"async\" src=\"http:\/\/www.fuldaer-nachrichten.de\/wp-content\/uploads\/2010\/05\/100524_Fasanerie_021.thumbnail.jpg\" alt=\"100524_Fasanerie_021.jpg\" width=\"265\" \/><\/a> <a title=\"Foto: Marzena Traber\" rel=\"lightbox[roadtrip]\" href=\"http:\/\/www.fuldaer-nachrichten.de\/wp-content\/uploads\/2010\/05\/100524_Fasanerie_022.jpg\" target=\"_blank\"><img decoding=\"async\" src=\"http:\/\/www.fuldaer-nachrichten.de\/wp-content\/uploads\/2010\/05\/100524_Fasanerie_022.thumbnail.jpg\" alt=\"100524_Fasanerie_022.jpg\" width=\"265\" \/><\/a><\/p>\n<p><a title=\"Foto: Marzena Traber\" rel=\"lightbox[roadtrip]\" href=\"http:\/\/www.fuldaer-nachrichten.de\/wp-content\/uploads\/2010\/05\/100524_Fasanerie_023.jpg\" target=\"_blank\"><img decoding=\"async\" src=\"http:\/\/www.fuldaer-nachrichten.de\/wp-content\/uploads\/2010\/05\/100524_Fasanerie_023.thumbnail.jpg\" alt=\"100524_Fasanerie_023.jpg\" width=\"265\" \/><\/a> <a title=\"Foto: Marzena Traber\" rel=\"lightbox[roadtrip]\" href=\"http:\/\/www.fuldaer-nachrichten.de\/wp-content\/uploads\/2010\/05\/100524_Fasanerie_024.jpg\" target=\"_blank\"><img decoding=\"async\" src=\"http:\/\/www.fuldaer-nachrichten.de\/wp-content\/uploads\/2010\/05\/100524_Fasanerie_024.thumbnail.jpg\" alt=\"100524_Fasanerie_024.jpg\" width=\"265\" \/><\/a><\/p>\n<p><a title=\"Foto: Marzena Traber\" rel=\"lightbox[roadtrip]\" href=\"http:\/\/www.fuldaer-nachrichten.de\/wp-content\/uploads\/2010\/05\/100524_Fasanerie_025.jpg\" target=\"_blank\"><img decoding=\"async\" src=\"http:\/\/www.fuldaer-nachrichten.de\/wp-content\/uploads\/2010\/05\/100524_Fasanerie_025.thumbnail.jpg\" alt=\"100524_Fasanerie_025.jpg\" width=\"265\" \/><\/a> <a title=\"Foto: Marzena Traber\" rel=\"lightbox[roadtrip]\" href=\"http:\/\/www.fuldaer-nachrichten.de\/wp-content\/uploads\/2010\/05\/100524_Fasanerie_026.jpg\" target=\"_blank\"><img decoding=\"async\" src=\"http:\/\/www.fuldaer-nachrichten.de\/wp-content\/uploads\/2010\/05\/100524_Fasanerie_026.thumbnail.jpg\" alt=\"100524_Fasanerie_026.jpg\" width=\"265\" \/><\/a><\/p>\n<p><a title=\"Foto: Marzena Traber\" rel=\"lightbox[roadtrip]\" href=\"http:\/\/www.fuldaer-nachrichten.de\/wp-content\/uploads\/2010\/05\/100524_Fasanerie_027.jpg\" target=\"_blank\"><img decoding=\"async\" src=\"http:\/\/www.fuldaer-nachrichten.de\/wp-content\/uploads\/2010\/05\/100524_Fasanerie_027.thumbnail.jpg\" alt=\"100524_Fasanerie_027.jpg\" width=\"265\" \/><\/a> <a title=\"Foto: Marzena Traber\" rel=\"lightbox[roadtrip]\" href=\"http:\/\/www.fuldaer-nachrichten.de\/wp-content\/uploads\/2010\/05\/100524_Fasanerie_028.jpg\" target=\"_blank\"><img decoding=\"async\" src=\"http:\/\/www.fuldaer-nachrichten.de\/wp-content\/uploads\/2010\/05\/100524_Fasanerie_028.thumbnail.jpg\" alt=\"100524_Fasanerie_028.jpg\" width=\"265\" \/><\/a><\/p>\n<p><a title=\"Foto: Marzena Traber\" rel=\"lightbox[roadtrip]\" href=\"http:\/\/www.fuldaer-nachrichten.de\/wp-content\/uploads\/2010\/05\/100524_Fasanerie_029.jpg\" target=\"_blank\"><img decoding=\"async\" src=\"http:\/\/www.fuldaer-nachrichten.de\/wp-content\/uploads\/2010\/05\/100524_Fasanerie_029.thumbnail.jpg\" alt=\"100524_Fasanerie_029.jpg\" width=\"265\" \/><\/a> <a title=\"Foto: Marzena Traber\" rel=\"lightbox[roadtrip]\" href=\"http:\/\/www.fuldaer-nachrichten.de\/wp-content\/uploads\/2010\/05\/100524_Fasanerie_030.jpg\" target=\"_blank\"><img decoding=\"async\" src=\"http:\/\/www.fuldaer-nachrichten.de\/wp-content\/uploads\/2010\/05\/100524_Fasanerie_030.thumbnail.jpg\" alt=\"100524_Fasanerie_030.jpg\" width=\"265\" \/><\/a><\/p>\n<p><a title=\"Foto: Marzena Traber\" rel=\"lightbox[roadtrip]\" href=\"http:\/\/www.fuldaer-nachrichten.de\/wp-content\/uploads\/2010\/05\/100524_Fasanerie_031.jpg\" target=\"_blank\"><img decoding=\"async\" src=\"http:\/\/www.fuldaer-nachrichten.de\/wp-content\/uploads\/2010\/05\/100524_Fasanerie_031.thumbnail.jpg\" alt=\"100524_Fasanerie_031.jpg\" width=\"265\" \/><\/a> <a title=\"Foto: Marzena Traber\" rel=\"lightbox[roadtrip]\" href=\"http:\/\/www.fuldaer-nachrichten.de\/wp-content\/uploads\/2010\/05\/100524_Fasanerie_032.jpg\" target=\"_blank\"><img decoding=\"async\" src=\"http:\/\/www.fuldaer-nachrichten.de\/wp-content\/uploads\/2010\/05\/100524_Fasanerie_032.thumbnail.jpg\" alt=\"100524_Fasanerie_032.jpg\" width=\"265\" \/><\/a><\/p>\n<p><a title=\"Foto: Marzena Traber\" rel=\"lightbox[roadtrip]\" href=\"http:\/\/www.fuldaer-nachrichten.de\/wp-content\/uploads\/2010\/05\/100524_Fasanerie_035.jpg\" target=\"_blank\"><img decoding=\"async\" src=\"http:\/\/www.fuldaer-nachrichten.de\/wp-content\/uploads\/2010\/05\/100524_Fasanerie_035.thumbnail.jpg\" alt=\"100524_Fasanerie_035.jpg\" width=\"265\" \/><\/a> <a title=\"Foto: Marzena Traber\" rel=\"lightbox[roadtrip]\" href=\"http:\/\/www.fuldaer-nachrichten.de\/wp-content\/uploads\/2010\/05\/100524_Fasanerie_036.jpg\" target=\"_blank\"><img decoding=\"async\" src=\"http:\/\/www.fuldaer-nachrichten.de\/wp-content\/uploads\/2010\/05\/100524_Fasanerie_036.thumbnail.jpg\" alt=\"100524_Fasanerie_036.jpg\" width=\"265\" \/><\/a><\/p>\n<p><a title=\"Foto: Marzena Traber\" rel=\"lightbox[roadtrip]\" href=\"http:\/\/www.fuldaer-nachrichten.de\/wp-content\/uploads\/2010\/05\/100524_Fasanerie_037.jpg\" target=\"_blank\"><img decoding=\"async\" src=\"http:\/\/www.fuldaer-nachrichten.de\/wp-content\/uploads\/2010\/05\/100524_Fasanerie_037.thumbnail.jpg\" alt=\"100524_Fasanerie_037.jpg\" width=\"265\" \/><\/a> <a title=\"Foto: Marzena Traber\" rel=\"lightbox[roadtrip]\" href=\"http:\/\/www.fuldaer-nachrichten.de\/wp-content\/uploads\/2010\/05\/100524_Fasanerie_038.jpg\" target=\"_blank\"><img decoding=\"async\" src=\"http:\/\/www.fuldaer-nachrichten.de\/wp-content\/uploads\/2010\/05\/100524_Fasanerie_038.thumbnail.jpg\" alt=\"100524_Fasanerie_038.jpg\" width=\"265\" \/><\/a><\/p>\n<p><a title=\"Foto: Marzena Traber\" rel=\"lightbox[roadtrip]\" href=\"http:\/\/www.fuldaer-nachrichten.de\/wp-content\/uploads\/2010\/05\/100524_Fasanerie_039.jpg\" target=\"_blank\"><img decoding=\"async\" src=\"http:\/\/www.fuldaer-nachrichten.de\/wp-content\/uploads\/2010\/05\/100524_Fasanerie_039.thumbnail.jpg\" alt=\"100524_Fasanerie_039.jpg\" width=\"265\" \/><\/a> <a title=\"Foto: Marzena Traber\" rel=\"lightbox[roadtrip]\" href=\"http:\/\/www.fuldaer-nachrichten.de\/wp-content\/uploads\/2010\/05\/100524_Fasanerie_040.jpg\" target=\"_blank\"><img decoding=\"async\" src=\"http:\/\/www.fuldaer-nachrichten.de\/wp-content\/uploads\/2010\/05\/100524_Fasanerie_040.thumbnail.jpg\" alt=\"100524_Fasanerie_040.jpg\" width=\"265\" \/><\/a><\/p>\n<p><a title=\"Foto: Marzena Traber\" rel=\"lightbox[roadtrip]\" href=\"http:\/\/www.fuldaer-nachrichten.de\/wp-content\/uploads\/2010\/05\/100524_Fasanerie_041.jpg\" target=\"_blank\"><img decoding=\"async\" src=\"http:\/\/www.fuldaer-nachrichten.de\/wp-content\/uploads\/2010\/05\/100524_Fasanerie_041.thumbnail.jpg\" alt=\"100524_Fasanerie_041.jpg\" width=\"265\" \/><\/a> <a title=\"Foto: Marzena Traber\" rel=\"lightbox[roadtrip]\" href=\"http:\/\/www.fuldaer-nachrichten.de\/wp-content\/uploads\/2010\/05\/100524_Fasanerie_042.jpg\" target=\"_blank\"><img decoding=\"async\" src=\"http:\/\/www.fuldaer-nachrichten.de\/wp-content\/uploads\/2010\/05\/100524_Fasanerie_042.thumbnail.jpg\" alt=\"100524_Fasanerie_042.jpg\" width=\"265\" \/><\/a><\/p>\n<p><a title=\"Foto: Marzena Traber\" rel=\"lightbox[roadtrip]\" href=\"http:\/\/www.fuldaer-nachrichten.de\/wp-content\/uploads\/2010\/05\/100524_Fasanerie_043.jpg\" target=\"_blank\"><img decoding=\"async\" src=\"http:\/\/www.fuldaer-nachrichten.de\/wp-content\/uploads\/2010\/05\/100524_Fasanerie_043.thumbnail.jpg\" alt=\"100524_Fasanerie_043.jpg\" width=\"265\" \/><\/a> <a title=\"Foto: Marzena Traber\" rel=\"lightbox[roadtrip]\" href=\"http:\/\/www.fuldaer-nachrichten.de\/wp-content\/uploads\/2010\/05\/100524_Fasanerie_044.jpg\" target=\"_blank\"><img decoding=\"async\" src=\"http:\/\/www.fuldaer-nachrichten.de\/wp-content\/uploads\/2010\/05\/100524_Fasanerie_044.thumbnail.jpg\" alt=\"100524_Fasanerie_044.jpg\" width=\"265\" \/><\/a><\/p>\n<p><a title=\"Foto: Marzena Traber\" rel=\"lightbox[roadtrip]\" href=\"http:\/\/www.fuldaer-nachrichten.de\/wp-content\/uploads\/2010\/05\/100524_Fasanerie_045.jpg\" target=\"_blank\"><img decoding=\"async\" src=\"http:\/\/www.fuldaer-nachrichten.de\/wp-content\/uploads\/2010\/05\/100524_Fasanerie_045.thumbnail.jpg\" alt=\"100524_Fasanerie_045.jpg\" width=\"265\" \/><\/a> <a title=\"Foto: Marzena Traber\" rel=\"lightbox[roadtrip]\" href=\"http:\/\/www.fuldaer-nachrichten.de\/wp-content\/uploads\/2010\/05\/100524_Fasanerie_046.jpg\" target=\"_blank\"><img decoding=\"async\" src=\"http:\/\/www.fuldaer-nachrichten.de\/wp-content\/uploads\/2010\/05\/100524_Fasanerie_046.thumbnail.jpg\" alt=\"100524_Fasanerie_046.jpg\" width=\"265\" \/><\/a><\/p>\n<p><a title=\"Foto: Marzena Traber\" rel=\"lightbox[roadtrip]\" href=\"http:\/\/www.fuldaer-nachrichten.de\/wp-content\/uploads\/2010\/05\/100524_Fasanerie_047.jpg\" target=\"_blank\"><img decoding=\"async\" src=\"http:\/\/www.fuldaer-nachrichten.de\/wp-content\/uploads\/2010\/05\/100524_Fasanerie_047.thumbnail.jpg\" alt=\"100524_Fasanerie_047.jpg\" width=\"265\" \/><\/a><\/p>\n<p><a title=\"Foto: Marzena Traber\" rel=\"lightbox[roadtrip]\" href=\"http:\/\/www.fuldaer-nachrichten.de\/wp-content\/uploads\/2010\/05\/100524_Fasanerie_049.jpg\" target=\"_blank\"><img decoding=\"async\" src=\"http:\/\/www.fuldaer-nachrichten.de\/wp-content\/uploads\/2010\/05\/100524_Fasanerie_049.thumbnail.jpg\" alt=\"100524_Fasanerie_049.jpg\" width=\"265\" \/><\/a> <a title=\"Foto: Marzena Traber\" rel=\"lightbox[roadtrip]\" href=\"http:\/\/www.fuldaer-nachrichten.de\/wp-content\/uploads\/2010\/05\/100524_Fasanerie_048.jpg\" target=\"_blank\"><img decoding=\"async\" src=\"http:\/\/www.fuldaer-nachrichten.de\/wp-content\/uploads\/2010\/05\/100524_Fasanerie_048.thumbnail.jpg\" alt=\"100524_Fasanerie_048.jpg\" width=\"265\" \/><\/a><\/p>\n<p><a title=\"Foto: Marzena Traber\" rel=\"lightbox[roadtrip]\" href=\"http:\/\/www.fuldaer-nachrichten.de\/wp-content\/uploads\/2010\/05\/100524_Fasanerie_051.jpg\" target=\"_blank\"><img decoding=\"async\" src=\"http:\/\/www.fuldaer-nachrichten.de\/wp-content\/uploads\/2010\/05\/100524_Fasanerie_051.thumbnail.jpg\" alt=\"100524_Fasanerie_051.jpg\" width=\"265\" \/><\/a> <a title=\"Foto: Marzena Traber\" rel=\"lightbox[roadtrip]\" href=\"http:\/\/www.fuldaer-nachrichten.de\/wp-content\/uploads\/2010\/05\/100524_Fasanerie_052.jpg\" target=\"_blank\"><img decoding=\"async\" src=\"http:\/\/www.fuldaer-nachrichten.de\/wp-content\/uploads\/2010\/05\/100524_Fasanerie_052.thumbnail.jpg\" alt=\"100524_Fasanerie_052.jpg\" width=\"265\" \/><\/a><\/p>\n<p><a title=\"Foto: Marzena Traber\" rel=\"lightbox[roadtrip]\" href=\"http:\/\/www.fuldaer-nachrichten.de\/wp-content\/uploads\/2010\/05\/100524_Fasanerie_053.jpg\" target=\"_blank\"><img decoding=\"async\" src=\"http:\/\/www.fuldaer-nachrichten.de\/wp-content\/uploads\/2010\/05\/100524_Fasanerie_053.thumbnail.jpg\" alt=\"100524_Fasanerie_053.jpg\" width=\"265\" \/><\/a> <a title=\"Foto: Marzena Traber\" rel=\"lightbox[roadtrip]\" href=\"http:\/\/www.fuldaer-nachrichten.de\/wp-content\/uploads\/2010\/05\/100524_Fasanerie_054.jpg\" target=\"_blank\"><img decoding=\"async\" src=\"http:\/\/www.fuldaer-nachrichten.de\/wp-content\/uploads\/2010\/05\/100524_Fasanerie_054.thumbnail.jpg\" alt=\"100524_Fasanerie_054.jpg\" width=\"265\" \/><\/a><\/p>\n<p><a title=\"Foto: Marzena Traber\" rel=\"lightbox[roadtrip]\" href=\"http:\/\/www.fuldaer-nachrichten.de\/wp-content\/uploads\/2010\/05\/100524_Fasanerie_057.jpg\" target=\"_blank\"><img decoding=\"async\" src=\"http:\/\/www.fuldaer-nachrichten.de\/wp-content\/uploads\/2010\/05\/100524_Fasanerie_057.thumbnail.jpg\" alt=\"100524_Fasanerie_057.jpg\" width=\"265\" \/><\/a> <a title=\"Foto: Marzena Traber\" rel=\"lightbox[roadtrip]\" href=\"http:\/\/www.fuldaer-nachrichten.de\/wp-content\/uploads\/2010\/05\/100524_Fasanerie_058.jpg\" target=\"_blank\"><img decoding=\"async\" src=\"http:\/\/www.fuldaer-nachrichten.de\/wp-content\/uploads\/2010\/05\/100524_Fasanerie_058.thumbnail.jpg\" alt=\"100524_Fasanerie_058.jpg\" width=\"265\" \/><\/a><\/p>\n<p><a title=\"Foto: Marzena Traber\" rel=\"lightbox[roadtrip]\" href=\"http:\/\/www.fuldaer-nachrichten.de\/wp-content\/uploads\/2010\/05\/100524_Fasanerie_059.jpg\" target=\"_blank\"><img decoding=\"async\" src=\"http:\/\/www.fuldaer-nachrichten.de\/wp-content\/uploads\/2010\/05\/100524_Fasanerie_059.thumbnail.jpg\" alt=\"100524_Fasanerie_059.jpg\" width=\"265\" \/><\/a> <a title=\"Foto: Marzena Traber\" rel=\"lightbox[roadtrip]\" href=\"http:\/\/www.fuldaer-nachrichten.de\/wp-content\/uploads\/2010\/05\/100524_Fasanerie_060.jpg\" target=\"_blank\"><img decoding=\"async\" src=\"http:\/\/www.fuldaer-nachrichten.de\/wp-content\/uploads\/2010\/05\/100524_Fasanerie_060.thumbnail.jpg\" alt=\"100524_Fasanerie_060.jpg\" width=\"265\" \/><\/a><\/p>\n<p><a title=\"Foto: Marzena Traber\" rel=\"lightbox[roadtrip]\" href=\"http:\/\/www.fuldaer-nachrichten.de\/wp-content\/uploads\/2010\/05\/100524_Fasanerie_061.jpg\" target=\"_blank\"><img decoding=\"async\" src=\"http:\/\/www.fuldaer-nachrichten.de\/wp-content\/uploads\/2010\/05\/100524_Fasanerie_061.thumbnail.jpg\" alt=\"100524_Fasanerie_061.jpg\" width=\"265\" \/><\/a> <a title=\"Foto: Marzena Traber\" rel=\"lightbox[roadtrip]\" href=\"http:\/\/www.fuldaer-nachrichten.de\/wp-content\/uploads\/2010\/05\/100524_Fasanerie_062.jpg\" target=\"_blank\"><img decoding=\"async\" src=\"http:\/\/www.fuldaer-nachrichten.de\/wp-content\/uploads\/2010\/05\/100524_Fasanerie_062.thumbnail.jpg\" alt=\"100524_Fasanerie_062.jpg\" width=\"265\" \/><\/a><\/p>\n<p><a title=\"Foto: Marzena Traber\" rel=\"lightbox[roadtrip]\" href=\"http:\/\/www.fuldaer-nachrichten.de\/wp-content\/uploads\/2010\/05\/100524_Fasanerie_063.jpg\" target=\"_blank\"><img decoding=\"async\" src=\"http:\/\/www.fuldaer-nachrichten.de\/wp-content\/uploads\/2010\/05\/100524_Fasanerie_063.thumbnail.jpg\" alt=\"100524_Fasanerie_063.jpg\" width=\"265\" \/><\/a> <a title=\"Foto: Marzena Traber\" rel=\"lightbox[roadtrip]\" href=\"http:\/\/www.fuldaer-nachrichten.de\/wp-content\/uploads\/2010\/05\/100524_Fasanerie_064.jpg\" target=\"_blank\"><img decoding=\"async\" src=\"http:\/\/www.fuldaer-nachrichten.de\/wp-content\/uploads\/2010\/05\/100524_Fasanerie_064.thumbnail.jpg\" alt=\"100524_Fasanerie_064.jpg\" width=\"265\" \/><\/a><\/p>\n<p><a title=\"Foto: Marzena Traber\" rel=\"lightbox[roadtrip]\" href=\"http:\/\/www.fuldaer-nachrichten.de\/wp-content\/uploads\/2010\/05\/100524_Fasanerie_065.jpg\" target=\"_blank\"><img decoding=\"async\" src=\"http:\/\/www.fuldaer-nachrichten.de\/wp-content\/uploads\/2010\/05\/100524_Fasanerie_065.thumbnail.jpg\" alt=\"100524_Fasanerie_065.jpg\" width=\"265\" \/><\/a> <a title=\"Foto: Marzena Traber\" rel=\"lightbox[roadtrip]\" href=\"http:\/\/www.fuldaer-nachrichten.de\/wp-content\/uploads\/2010\/05\/100524_Fasanerie_066.jpg\" target=\"_blank\"><img decoding=\"async\" src=\"http:\/\/www.fuldaer-nachrichten.de\/wp-content\/uploads\/2010\/05\/100524_Fasanerie_066.thumbnail.jpg\" alt=\"100524_Fasanerie_066.jpg\" width=\"265\" \/><\/a><\/p>\n<p><a title=\"Foto: Marzena Traber\" rel=\"lightbox[roadtrip]\" href=\"http:\/\/www.fuldaer-nachrichten.de\/wp-content\/uploads\/2010\/05\/100524_Fasanerie_067.jpg\" target=\"_blank\"><img decoding=\"async\" src=\"http:\/\/www.fuldaer-nachrichten.de\/wp-content\/uploads\/2010\/05\/100524_Fasanerie_067.thumbnail.jpg\" alt=\"100524_Fasanerie_067.jpg\" width=\"265\" \/><\/a> <a title=\"Foto: Marzena Traber\" rel=\"lightbox[roadtrip]\" href=\"http:\/\/www.fuldaer-nachrichten.de\/wp-content\/uploads\/2010\/05\/100524_Fasanerie_068.jpg\" target=\"_blank\"><img decoding=\"async\" src=\"http:\/\/www.fuldaer-nachrichten.de\/wp-content\/uploads\/2010\/05\/100524_Fasanerie_068.thumbnail.jpg\" alt=\"100524_Fasanerie_068.jpg\" width=\"265\" \/><\/a><\/p>\n<p><a title=\"Foto: Marzena Traber\" rel=\"lightbox[roadtrip]\" href=\"http:\/\/www.fuldaer-nachrichten.de\/wp-content\/uploads\/2010\/05\/100524_Fasanerie_069.jpg\" target=\"_blank\"><img decoding=\"async\" src=\"http:\/\/www.fuldaer-nachrichten.de\/wp-content\/uploads\/2010\/05\/100524_Fasanerie_069.thumbnail.jpg\" alt=\"100524_Fasanerie_069.jpg\" width=\"265\" \/><\/a> <a title=\"Foto: Marzena Traber\" rel=\"lightbox[roadtrip]\" href=\"http:\/\/www.fuldaer-nachrichten.de\/wp-content\/uploads\/2010\/05\/100524_Fasanerie_070.jpg\" target=\"_blank\"><img decoding=\"async\" src=\"http:\/\/www.fuldaer-nachrichten.de\/wp-content\/uploads\/2010\/05\/100524_Fasanerie_070.thumbnail.jpg\" alt=\"100524_Fasanerie_070.jpg\" width=\"265\" \/><\/a><\/p>\n<p><a title=\"Foto: Marzena Traber\" rel=\"lightbox[roadtrip]\" href=\"http:\/\/www.fuldaer-nachrichten.de\/wp-content\/uploads\/2010\/05\/100524_Fasanerie_071.jpg\" target=\"_blank\"><img decoding=\"async\" src=\"http:\/\/www.fuldaer-nachrichten.de\/wp-content\/uploads\/2010\/05\/100524_Fasanerie_071.thumbnail.jpg\" alt=\"100524_Fasanerie_071.jpg\" width=\"265\" \/><\/a> <a title=\"Foto: Marzena Traber\" rel=\"lightbox[roadtrip]\" href=\"http:\/\/www.fuldaer-nachrichten.de\/wp-content\/uploads\/2010\/05\/100524_Fasanerie_072.jpg\" target=\"_blank\"><img decoding=\"async\" src=\"http:\/\/www.fuldaer-nachrichten.de\/wp-content\/uploads\/2010\/05\/100524_Fasanerie_072.thumbnail.jpg\" alt=\"100524_Fasanerie_072.jpg\" width=\"265\" \/><\/a><\/p>\n<p><a title=\"Foto: Marzena Traber\" rel=\"lightbox[roadtrip]\" href=\"http:\/\/www.fuldaer-nachrichten.de\/wp-content\/uploads\/2010\/05\/100524_Fasanerie_073.jpg\" target=\"_blank\"><img decoding=\"async\" src=\"http:\/\/www.fuldaer-nachrichten.de\/wp-content\/uploads\/2010\/05\/100524_Fasanerie_073.thumbnail.jpg\" alt=\"100524_Fasanerie_073.jpg\" width=\"265\" \/><\/a> <a title=\"Foto: Marzena Traber\" rel=\"lightbox[roadtrip]\" href=\"http:\/\/www.fuldaer-nachrichten.de\/wp-content\/uploads\/2010\/05\/100524_Fasanerie_074.jpg\" target=\"_blank\"><img decoding=\"async\" src=\"http:\/\/www.fuldaer-nachrichten.de\/wp-content\/uploads\/2010\/05\/100524_Fasanerie_074.thumbnail.jpg\" alt=\"100524_Fasanerie_074.jpg\" width=\"265\" \/><\/a><\/p>\n<p><a title=\"Foto: Marzena Traber\" rel=\"lightbox[roadtrip]\" href=\"http:\/\/www.fuldaer-nachrichten.de\/wp-content\/uploads\/2010\/05\/100524_Fasanerie_075.jpg\" target=\"_blank\"><img decoding=\"async\" src=\"http:\/\/www.fuldaer-nachrichten.de\/wp-content\/uploads\/2010\/05\/100524_Fasanerie_075.thumbnail.jpg\" alt=\"100524_Fasanerie_075.jpg\" width=\"265\" \/><\/a> <a title=\"Foto: Marzena Traber\" rel=\"lightbox[roadtrip]\" href=\"http:\/\/www.fuldaer-nachrichten.de\/wp-content\/uploads\/2010\/05\/100524_Fasanerie_076.jpg\" target=\"_blank\"><img decoding=\"async\" src=\"http:\/\/www.fuldaer-nachrichten.de\/wp-content\/uploads\/2010\/05\/100524_Fasanerie_076.thumbnail.jpg\" alt=\"100524_Fasanerie_076.jpg\" width=\"265\" \/><\/a><\/p>\n<p><a title=\"Foto: Marzena Traber\" rel=\"lightbox[roadtrip]\" href=\"http:\/\/www.fuldaer-nachrichten.de\/wp-content\/uploads\/2010\/05\/100524_Fasanerie_077.jpg\" target=\"_blank\"><img decoding=\"async\" src=\"http:\/\/www.fuldaer-nachrichten.de\/wp-content\/uploads\/2010\/05\/100524_Fasanerie_077.thumbnail.jpg\" alt=\"100524_Fasanerie_077.jpg\" width=\"265\" \/><\/a> <a title=\"Foto: Marzena Traber\" rel=\"lightbox[roadtrip]\" href=\"http:\/\/www.fuldaer-nachrichten.de\/wp-content\/uploads\/2010\/05\/100524_Fasanerie_078.jpg\" target=\"_blank\"><img decoding=\"async\" src=\"http:\/\/www.fuldaer-nachrichten.de\/wp-content\/uploads\/2010\/05\/100524_Fasanerie_078.thumbnail.jpg\" alt=\"100524_Fasanerie_078.jpg\" width=\"265\" \/><\/a><\/p>\n<p><a title=\"Foto: Marzena Traber\" rel=\"lightbox[roadtrip]\" href=\"http:\/\/www.fuldaer-nachrichten.de\/wp-content\/uploads\/2010\/05\/100524_Fasanerie_079.jpg\" target=\"_blank\"><img decoding=\"async\" src=\"http:\/\/www.fuldaer-nachrichten.de\/wp-content\/uploads\/2010\/05\/100524_Fasanerie_079.thumbnail.jpg\" alt=\"100524_Fasanerie_079.jpg\" width=\"265\" \/><\/a> <a title=\"Foto: Marzena Traber\" rel=\"lightbox[roadtrip]\" href=\"http:\/\/www.fuldaer-nachrichten.de\/wp-content\/uploads\/2010\/05\/100524_Fasanerie_080.jpg\" target=\"_blank\"><img decoding=\"async\" src=\"http:\/\/www.fuldaer-nachrichten.de\/wp-content\/uploads\/2010\/05\/100524_Fasanerie_080.thumbnail.jpg\" alt=\"100524_Fasanerie_080.jpg\" width=\"265\" \/><\/a><\/p>\n<p><a title=\"Foto: Marzena Traber\" rel=\"lightbox[roadtrip]\" href=\"http:\/\/www.fuldaer-nachrichten.de\/wp-content\/uploads\/2010\/05\/100524_Fasanerie_081.jpg\" target=\"_blank\"><img decoding=\"async\" src=\"http:\/\/www.fuldaer-nachrichten.de\/wp-content\/uploads\/2010\/05\/100524_Fasanerie_081.thumbnail.jpg\" alt=\"100524_Fasanerie_081.jpg\" width=\"265\" \/><\/a> <a title=\"Foto: Marzena Traber\" rel=\"lightbox[roadtrip]\" href=\"http:\/\/www.fuldaer-nachrichten.de\/wp-content\/uploads\/2010\/05\/100524_Fasanerie_082.jpg\" target=\"_blank\"><img decoding=\"async\" src=\"http:\/\/www.fuldaer-nachrichten.de\/wp-content\/uploads\/2010\/05\/100524_Fasanerie_082.thumbnail.jpg\" alt=\"100524_Fasanerie_082.jpg\" width=\"265\" \/><\/a><\/p>\n<p><a title=\"Foto: Marzena Traber\" rel=\"lightbox[roadtrip]\" href=\"http:\/\/www.fuldaer-nachrichten.de\/wp-content\/uploads\/2010\/05\/100524_Fasanerie_083.jpg\" target=\"_blank\"><img decoding=\"async\" src=\"http:\/\/www.fuldaer-nachrichten.de\/wp-content\/uploads\/2010\/05\/100524_Fasanerie_083.thumbnail.jpg\" alt=\"100524_Fasanerie_083.jpg\" width=\"265\" \/><\/a> <a title=\"Foto: Marzena Traber\" rel=\"lightbox[roadtrip]\" href=\"http:\/\/www.fuldaer-nachrichten.de\/wp-content\/uploads\/2010\/05\/100524_Fasanerie_084.jpg\" target=\"_blank\"><img decoding=\"async\" src=\"http:\/\/www.fuldaer-nachrichten.de\/wp-content\/uploads\/2010\/05\/100524_Fasanerie_084.thumbnail.jpg\" alt=\"100524_Fasanerie_084.jpg\" width=\"265\" \/><\/a><\/p>\n<p><a title=\"Foto: Marzena Traber\" rel=\"lightbox[roadtrip]\" href=\"http:\/\/www.fuldaer-nachrichten.de\/wp-content\/uploads\/2010\/05\/100524_Fasanerie_085.jpg\" target=\"_blank\"><img decoding=\"async\" src=\"http:\/\/www.fuldaer-nachrichten.de\/wp-content\/uploads\/2010\/05\/100524_Fasanerie_085.thumbnail.jpg\" alt=\"100524_Fasanerie_085.jpg\" width=\"265\" \/><\/a> <a title=\"Foto: Marzena Traber\" rel=\"lightbox[roadtrip]\" href=\"http:\/\/www.fuldaer-nachrichten.de\/wp-content\/uploads\/2010\/05\/100524_Fasanerie_086.jpg\" target=\"_blank\"><img decoding=\"async\" src=\"http:\/\/www.fuldaer-nachrichten.de\/wp-content\/uploads\/2010\/05\/100524_Fasanerie_086.thumbnail.jpg\" alt=\"100524_Fasanerie_086.jpg\" width=\"265\" \/><\/a><\/p>\n<p><a title=\"Foto: Marzena Traber\" rel=\"lightbox[roadtrip]\" href=\"http:\/\/www.fuldaer-nachrichten.de\/wp-content\/uploads\/2010\/05\/100524_Fasanerie_087.jpg\" target=\"_blank\"><img decoding=\"async\" src=\"http:\/\/www.fuldaer-nachrichten.de\/wp-content\/uploads\/2010\/05\/100524_Fasanerie_087.thumbnail.jpg\" alt=\"100524_Fasanerie_087.jpg\" width=\"265\" \/><\/a> <a title=\"Foto: Marzena Traber\" rel=\"lightbox[roadtrip]\" href=\"http:\/\/www.fuldaer-nachrichten.de\/wp-content\/uploads\/2010\/05\/100524_Fasanerie_088.jpg\" target=\"_blank\"><img decoding=\"async\" src=\"http:\/\/www.fuldaer-nachrichten.de\/wp-content\/uploads\/2010\/05\/100524_Fasanerie_088.thumbnail.jpg\" alt=\"100524_Fasanerie_088.jpg\" width=\"265\" \/><\/a><\/p>\n<p><a title=\"Foto: Marzena Traber\" rel=\"lightbox[roadtrip]\" href=\"http:\/\/www.fuldaer-nachrichten.de\/wp-content\/uploads\/2010\/05\/100524_Fasanerie_089.jpg\" target=\"_blank\"><img decoding=\"async\" src=\"http:\/\/www.fuldaer-nachrichten.de\/wp-content\/uploads\/2010\/05\/100524_Fasanerie_089.thumbnail.jpg\" alt=\"100524_Fasanerie_089.jpg\" width=\"265\" \/><\/a> <a title=\"Foto: Marzena Traber\" rel=\"lightbox[roadtrip]\" href=\"http:\/\/www.fuldaer-nachrichten.de\/wp-content\/uploads\/2010\/05\/100524_Fasanerie_090.jpg\" target=\"_blank\"><img decoding=\"async\" src=\"http:\/\/www.fuldaer-nachrichten.de\/wp-content\/uploads\/2010\/05\/100524_Fasanerie_090.thumbnail.jpg\" alt=\"100524_Fasanerie_090.jpg\" width=\"265\" \/><\/a><\/p>\n<p><a title=\"Foto: Marzena Traber\" rel=\"lightbox[roadtrip]\" href=\"http:\/\/www.fuldaer-nachrichten.de\/wp-content\/uploads\/2010\/05\/100524_Fasanerie_091.jpg\" target=\"_blank\"><img decoding=\"async\" src=\"http:\/\/www.fuldaer-nachrichten.de\/wp-content\/uploads\/2010\/05\/100524_Fasanerie_091.thumbnail.jpg\" alt=\"100524_Fasanerie_091.jpg\" width=\"265\" \/><\/a> <a title=\"Foto: Marzena Traber\" rel=\"lightbox[roadtrip]\" href=\"http:\/\/www.fuldaer-nachrichten.de\/wp-content\/uploads\/2010\/05\/100524_Fasanerie_092.jpg\" target=\"_blank\"><img decoding=\"async\" src=\"http:\/\/www.fuldaer-nachrichten.de\/wp-content\/uploads\/2010\/05\/100524_Fasanerie_092.thumbnail.jpg\" alt=\"100524_Fasanerie_092.jpg\" width=\"265\" \/><\/a><\/p>\n<p><a title=\"Foto: Marzena Traber\" rel=\"lightbox[roadtrip]\" href=\"http:\/\/www.fuldaer-nachrichten.de\/wp-content\/uploads\/2010\/05\/100524_Fasanerie_055.jpg\" target=\"_blank\"><img decoding=\"async\" src=\"http:\/\/www.fuldaer-nachrichten.de\/wp-content\/uploads\/2010\/05\/100524_Fasanerie_055.thumbnail.jpg\" alt=\"100524_Fasanerie_055.jpg\" width=\"265\" \/><\/a> <a title=\"Foto: Marzena Traber\" rel=\"lightbox[roadtrip]\" href=\"http:\/\/www.fuldaer-nachrichten.de\/wp-content\/uploads\/2010\/05\/100524_Fasanerie_094.jpg\" target=\"_blank\"><img decoding=\"async\" src=\"http:\/\/www.fuldaer-nachrichten.de\/wp-content\/uploads\/2010\/05\/100524_Fasanerie_094.thumbnail.jpg\" alt=\"100524_Fasanerie_094.jpg\" width=\"265\" \/><\/a><\/p>\n<p><a title=\"Foto: Marzena Traber\" rel=\"lightbox[roadtrip]\" href=\"http:\/\/www.fuldaer-nachrichten.de\/wp-content\/uploads\/2010\/05\/100524_Fasanerie_095.jpg\" target=\"_blank\"><img decoding=\"async\" src=\"http:\/\/www.fuldaer-nachrichten.de\/wp-content\/uploads\/2010\/05\/100524_Fasanerie_095.thumbnail.jpg\" alt=\"100524_Fasanerie_095.jpg\" width=\"265\" \/><\/a> <a title=\"Foto: Marzena Traber\" rel=\"lightbox[roadtrip]\" href=\"http:\/\/www.fuldaer-nachrichten.de\/wp-content\/uploads\/2010\/05\/100524_Fasanerie_096.jpg\" target=\"_blank\"><img decoding=\"async\" src=\"http:\/\/www.fuldaer-nachrichten.de\/wp-content\/uploads\/2010\/05\/100524_Fasanerie_096.thumbnail.jpg\" alt=\"100524_Fasanerie_096.jpg\" width=\"265\" \/><\/a><\/p>\n<p><a title=\"Foto: Marzena Traber\" rel=\"lightbox[roadtrip]\" href=\"http:\/\/www.fuldaer-nachrichten.de\/wp-content\/uploads\/2010\/05\/100524_Fasanerie_097.jpg\" target=\"_blank\"><img decoding=\"async\" src=\"http:\/\/www.fuldaer-nachrichten.de\/wp-content\/uploads\/2010\/05\/100524_Fasanerie_097.thumbnail.jpg\" alt=\"100524_Fasanerie_097.jpg\" width=\"265\" \/><\/a> <a title=\"Foto: Marzena Traber\" rel=\"lightbox[roadtrip]\" href=\"http:\/\/www.fuldaer-nachrichten.de\/wp-content\/uploads\/2010\/05\/100524_Fasanerie_098.jpg\" target=\"_blank\"><img decoding=\"async\" src=\"http:\/\/www.fuldaer-nachrichten.de\/wp-content\/uploads\/2010\/05\/100524_Fasanerie_098.thumbnail.jpg\" alt=\"100524_Fasanerie_098.jpg\" width=\"265\" \/><\/a><\/p>\n<p><a title=\"Foto: Marzena Traber\" rel=\"lightbox[roadtrip]\" href=\"http:\/\/www.fuldaer-nachrichten.de\/wp-content\/uploads\/2010\/05\/100524_Fasanerie_099.jpg\" target=\"_blank\"><img decoding=\"async\" src=\"http:\/\/www.fuldaer-nachrichten.de\/wp-content\/uploads\/2010\/05\/100524_Fasanerie_099.thumbnail.jpg\" alt=\"100524_Fasanerie_099.jpg\" width=\"265\" \/><\/a> <a title=\"Foto: Marzena Traber\" rel=\"lightbox[roadtrip]\" href=\"http:\/\/www.fuldaer-nachrichten.de\/wp-content\/uploads\/2010\/05\/100524_Fasanerie_100.jpg\" target=\"_blank\"><img decoding=\"async\" src=\"http:\/\/www.fuldaer-nachrichten.de\/wp-content\/uploads\/2010\/05\/100524_Fasanerie_100.thumbnail.jpg\" alt=\"100524_Fasanerie_100.jpg\" width=\"265\" \/><\/a><\/p>\n<p><a title=\"Foto: Marzena Traber\" rel=\"lightbox[roadtrip]\" href=\"http:\/\/www.fuldaer-nachrichten.de\/wp-content\/uploads\/2010\/05\/100524_Fasanerie_101.jpg\" target=\"_blank\"><img decoding=\"async\" src=\"http:\/\/www.fuldaer-nachrichten.de\/wp-content\/uploads\/2010\/05\/100524_Fasanerie_101.thumbnail.jpg\" alt=\"100524_Fasanerie_101.jpg\" width=\"265\" \/><\/a> <a title=\"Foto: Marzena Traber\" rel=\"lightbox[roadtrip]\" href=\"http:\/\/www.fuldaer-nachrichten.de\/wp-content\/uploads\/2010\/05\/100524_Fasanerie_102.jpg\" target=\"_blank\"><img decoding=\"async\" src=\"http:\/\/www.fuldaer-nachrichten.de\/wp-content\/uploads\/2010\/05\/100524_Fasanerie_102.thumbnail.jpg\" alt=\"100524_Fasanerie_102.jpg\" width=\"265\" \/><\/a><\/p>\n<p><a title=\"Foto: Marzena Traber\" rel=\"lightbox[roadtrip]\" href=\"http:\/\/www.fuldaer-nachrichten.de\/wp-content\/uploads\/2010\/05\/100524_Fasanerie_103.jpg\" target=\"_blank\"><img decoding=\"async\" src=\"http:\/\/www.fuldaer-nachrichten.de\/wp-content\/uploads\/2010\/05\/100524_Fasanerie_103.thumbnail.jpg\" alt=\"100524_Fasanerie_103.jpg\" width=\"265\" \/><\/a> <a title=\"Foto: Marzena Traber\" rel=\"lightbox[roadtrip]\" href=\"http:\/\/www.fuldaer-nachrichten.de\/wp-content\/uploads\/2010\/05\/100524_Fasanerie_104.jpg\" target=\"_blank\"><img decoding=\"async\" src=\"http:\/\/www.fuldaer-nachrichten.de\/wp-content\/uploads\/2010\/05\/100524_Fasanerie_104.thumbnail.jpg\" alt=\"100524_Fasanerie_104.jpg\" width=\"265\" \/><\/a><\/p>\n<p><a title=\"Foto: Marzena Traber\" rel=\"lightbox[roadtrip]\" href=\"http:\/\/www.fuldaer-nachrichten.de\/wp-content\/uploads\/2010\/05\/100524_Fasanerie_105.jpg\" target=\"_blank\"><img decoding=\"async\" src=\"http:\/\/www.fuldaer-nachrichten.de\/wp-content\/uploads\/2010\/05\/100524_Fasanerie_105.thumbnail.jpg\" alt=\"100524_Fasanerie_105.jpg\" width=\"265\" \/><\/a> <a title=\"Foto: Marzena Traber\" rel=\"lightbox[roadtrip]\" href=\"http:\/\/www.fuldaer-nachrichten.de\/wp-content\/uploads\/2010\/05\/100524_Fasanerie_106.jpg\" target=\"_blank\"><img decoding=\"async\" src=\"http:\/\/www.fuldaer-nachrichten.de\/wp-content\/uploads\/2010\/05\/100524_Fasanerie_106.thumbnail.jpg\" alt=\"100524_Fasanerie_106.jpg\" width=\"265\" \/><\/a><\/p>\n<p><a title=\"Foto: Marzena Traber\" rel=\"lightbox[roadtrip]\" href=\"http:\/\/www.fuldaer-nachrichten.de\/wp-content\/uploads\/2010\/05\/100524_Fasanerie_107.jpg\" target=\"_blank\"><img decoding=\"async\" src=\"http:\/\/www.fuldaer-nachrichten.de\/wp-content\/uploads\/2010\/05\/100524_Fasanerie_107.thumbnail.jpg\" alt=\"100524_Fasanerie_107.jpg\" width=\"265\" \/><\/a> <a title=\"Foto: Marzena Traber\" rel=\"lightbox[roadtrip]\" href=\"http:\/\/www.fuldaer-nachrichten.de\/wp-content\/uploads\/2010\/05\/100524_Fasanerie_108.jpg\" target=\"_blank\"><img decoding=\"async\" src=\"http:\/\/www.fuldaer-nachrichten.de\/wp-content\/uploads\/2010\/05\/100524_Fasanerie_108.thumbnail.jpg\" alt=\"100524_Fasanerie_108.jpg\" width=\"265\" \/><\/a><\/p>\n<p><a title=\"Foto: Marzena Traber\" rel=\"lightbox[roadtrip]\" href=\"http:\/\/www.fuldaer-nachrichten.de\/wp-content\/uploads\/2010\/05\/100524_Fasanerie_109.jpg\" target=\"_blank\"><img decoding=\"async\" src=\"http:\/\/www.fuldaer-nachrichten.de\/wp-content\/uploads\/2010\/05\/100524_Fasanerie_109.thumbnail.jpg\" alt=\"100524_Fasanerie_109.jpg\" width=\"265\" \/><\/a> <a title=\"Foto: Marzena Traber\" rel=\"lightbox[roadtrip]\" href=\"http:\/\/www.fuldaer-nachrichten.de\/wp-content\/uploads\/2010\/05\/100524_Fasanerie_110.jpg\" target=\"_blank\"><img decoding=\"async\" src=\"http:\/\/www.fuldaer-nachrichten.de\/wp-content\/uploads\/2010\/05\/100524_Fasanerie_110.thumbnail.jpg\" alt=\"100524_Fasanerie_110.jpg\" width=\"265\" \/><\/a><\/p>\n<p><a title=\"Foto: Marzena Traber\" rel=\"lightbox[roadtrip]\" href=\"http:\/\/www.fuldaer-nachrichten.de\/wp-content\/uploads\/2010\/05\/100524_Fasanerie_111.jpg\" target=\"_blank\"><img decoding=\"async\" src=\"http:\/\/www.fuldaer-nachrichten.de\/wp-content\/uploads\/2010\/05\/100524_Fasanerie_111.thumbnail.jpg\" alt=\"100524_Fasanerie_111.jpg\" width=\"265\" \/><\/a> <a title=\"Foto: Marzena Traber\" rel=\"lightbox[roadtrip]\" href=\"http:\/\/www.fuldaer-nachrichten.de\/wp-content\/uploads\/2010\/05\/100524_Fasanerie_112.jpg\" target=\"_blank\"><img decoding=\"async\" src=\"http:\/\/www.fuldaer-nachrichten.de\/wp-content\/uploads\/2010\/05\/100524_Fasanerie_112.thumbnail.jpg\" alt=\"100524_Fasanerie_112.jpg\" width=\"265\" \/><\/a><\/p>\n<p><a title=\"Foto: Marzena Traber\" rel=\"lightbox[roadtrip]\" href=\"http:\/\/www.fuldaer-nachrichten.de\/wp-content\/uploads\/2010\/05\/100524_Fasanerie_113.jpg\" target=\"_blank\"><img decoding=\"async\" src=\"http:\/\/www.fuldaer-nachrichten.de\/wp-content\/uploads\/2010\/05\/100524_Fasanerie_113.thumbnail.jpg\" alt=\"100524_Fasanerie_113.jpg\" width=\"265\" \/><\/a> <a title=\"Foto: Marzena Traber\" rel=\"lightbox[roadtrip]\" href=\"http:\/\/www.fuldaer-nachrichten.de\/wp-content\/uploads\/2010\/05\/100524_Fasanerie_114.jpg\" target=\"_blank\"><img decoding=\"async\" src=\"http:\/\/www.fuldaer-nachrichten.de\/wp-content\/uploads\/2010\/05\/100524_Fasanerie_114.thumbnail.jpg\" alt=\"100524_Fasanerie_114.jpg\" width=\"265\" \/><\/a><\/p>\n<p><a title=\"Foto: Marzena Traber\" rel=\"lightbox[roadtrip]\" href=\"http:\/\/www.fuldaer-nachrichten.de\/wp-content\/uploads\/2010\/05\/100524_Fasanerie_115.jpg\" target=\"_blank\"><img decoding=\"async\" src=\"http:\/\/www.fuldaer-nachrichten.de\/wp-content\/uploads\/2010\/05\/100524_Fasanerie_115.thumbnail.jpg\" alt=\"100524_Fasanerie_115.jpg\" width=\"265\" \/><\/a> <a title=\"Foto: Marzena Traber\" rel=\"lightbox[roadtrip]\" href=\"http:\/\/www.fuldaer-nachrichten.de\/wp-content\/uploads\/2010\/05\/100524_Fasanerie_116.jpg\" target=\"_blank\"><img decoding=\"async\" src=\"http:\/\/www.fuldaer-nachrichten.de\/wp-content\/uploads\/2010\/05\/100524_Fasanerie_116.thumbnail.jpg\" alt=\"100524_Fasanerie_116.jpg\" width=\"265\" \/><\/a><\/p>\n<p><a title=\"Foto: Marzena Traber\" rel=\"lightbox[roadtrip]\" href=\"http:\/\/www.fuldaer-nachrichten.de\/wp-content\/uploads\/2010\/05\/100524_Fasanerie_117.jpg\" target=\"_blank\"><img decoding=\"async\" src=\"http:\/\/www.fuldaer-nachrichten.de\/wp-content\/uploads\/2010\/05\/100524_Fasanerie_117.thumbnail.jpg\" alt=\"100524_Fasanerie_117.jpg\" width=\"265\" \/><\/a> <a title=\"Foto: Marzena Traber\" rel=\"lightbox[roadtrip]\" href=\"http:\/\/www.fuldaer-nachrichten.de\/wp-content\/uploads\/2010\/05\/100524_Fasanerie_118.jpg\" target=\"_blank\"><img decoding=\"async\" src=\"http:\/\/www.fuldaer-nachrichten.de\/wp-content\/uploads\/2010\/05\/100524_Fasanerie_118.thumbnail.jpg\" alt=\"100524_Fasanerie_118.jpg\" width=\"265\" \/><\/a><\/p>\n<p><a title=\"Foto: Marzena Traber\" rel=\"lightbox[roadtrip]\" href=\"http:\/\/www.fuldaer-nachrichten.de\/wp-content\/uploads\/2010\/05\/100524_Fasanerie_123.jpg\" target=\"_blank\"><img decoding=\"async\" src=\"http:\/\/www.fuldaer-nachrichten.de\/wp-content\/uploads\/2010\/05\/100524_Fasanerie_123.thumbnail.jpg\" alt=\"100524_Fasanerie_123.jpg\" width=\"265\" \/><\/a> <a title=\"Foto: Marzena Traber\" rel=\"lightbox[roadtrip]\" href=\"http:\/\/www.fuldaer-nachrichten.de\/wp-content\/uploads\/2010\/05\/100524_Fasanerie_124.jpg\" target=\"_blank\"><img decoding=\"async\" src=\"http:\/\/www.fuldaer-nachrichten.de\/wp-content\/uploads\/2010\/05\/100524_Fasanerie_124.thumbnail.jpg\" alt=\"100524_Fasanerie_124.jpg\" width=\"265\" \/><\/a><\/p>\n<p><a title=\"Foto: Marzena Traber\" rel=\"lightbox[roadtrip]\" href=\"http:\/\/www.fuldaer-nachrichten.de\/wp-content\/uploads\/2010\/05\/100524_Fasanerie_121.jpg\" target=\"_blank\"><img decoding=\"async\" src=\"http:\/\/www.fuldaer-nachrichten.de\/wp-content\/uploads\/2010\/05\/100524_Fasanerie_121.thumbnail.jpg\" alt=\"100524_Fasanerie_121.jpg\" width=\"265\" \/><\/a> <a title=\"Foto: Marzena  Traber\" rel=\"lightbox[roadtrip]\" href=\"http:\/\/www.fuldaer-nachrichten.de\/wp-content\/uploads\/2010\/05\/100524_Fasanerie_122.jpg\" target=\"_blank\"><img decoding=\"async\" src=\"http:\/\/www.fuldaer-nachrichten.de\/wp-content\/uploads\/2010\/05\/100524_Fasanerie_122.thumbnail.jpg\" alt=\"100524_Fasanerie_122.jpg\" width=\"265\" \/><\/a><\/p>\n<p><a title=\"Foto: Marzena Traber\" rel=\"lightbox[roadtrip]\" href=\"http:\/\/www.fuldaer-nachrichten.de\/wp-content\/uploads\/2010\/05\/100524_Fasanerie_127.jpg\" target=\"_blank\"><img decoding=\"async\" src=\"http:\/\/www.fuldaer-nachrichten.de\/wp-content\/uploads\/2010\/05\/100524_Fasanerie_127.thumbnail.jpg\" alt=\"100524_Fasanerie_127.jpg\" width=\"265\" \/><\/a> <a title=\"Foto: Marzena Traber\" rel=\"lightbox[roadtrip]\" href=\"http:\/\/www.fuldaer-nachrichten.de\/wp-content\/uploads\/2010\/05\/100524_Fasanerie_128.jpg\" target=\"_blank\"><img decoding=\"async\" src=\"http:\/\/www.fuldaer-nachrichten.de\/wp-content\/uploads\/2010\/05\/100524_Fasanerie_128.thumbnail.jpg\" alt=\"100524_Fasanerie_128.jpg\" width=\"265\" \/><\/a><\/p>\n<p><a title=\"Foto: Marzena Traber\" rel=\"lightbox[roadtrip]\" href=\"http:\/\/www.fuldaer-nachrichten.de\/wp-content\/uploads\/2010\/05\/100524_Fasanerie_129.jpg\" target=\"_blank\"><img decoding=\"async\" src=\"http:\/\/www.fuldaer-nachrichten.de\/wp-content\/uploads\/2010\/05\/100524_Fasanerie_129.thumbnail.jpg\" alt=\"100524_Fasanerie_129.jpg\" width=\"265\" \/><\/a> <a title=\"Foto: Marzena Traber\" rel=\"lightbox[roadtrip]\" href=\"http:\/\/www.fuldaer-nachrichten.de\/wp-content\/uploads\/2010\/05\/100524_Fasanerie_130.jpg\" target=\"_blank\"><img decoding=\"async\" src=\"http:\/\/www.fuldaer-nachrichten.de\/wp-content\/uploads\/2010\/05\/100524_Fasanerie_130.thumbnail.jpg\" alt=\"100524_Fasanerie_130.jpg\" width=\"265\" \/><\/a><\/p>\n<p><a title=\"Foto: Marzena Traber\" rel=\"lightbox[roadtrip]\" href=\"http:\/\/www.fuldaer-nachrichten.de\/wp-content\/uploads\/2010\/05\/100524_Fasanerie_131.jpg\" target=\"_blank\"><img decoding=\"async\" src=\"http:\/\/www.fuldaer-nachrichten.de\/wp-content\/uploads\/2010\/05\/100524_Fasanerie_131.thumbnail.jpg\" alt=\"100524_Fasanerie_131.jpg\" width=\"265\" \/><\/a> <a title=\"Foto: Marzena Traber\" rel=\"lightbox[roadtrip]\" href=\"http:\/\/www.fuldaer-nachrichten.de\/wp-content\/uploads\/2010\/05\/100524_Fasanerie_132.jpg\" target=\"_blank\"><img decoding=\"async\" src=\"http:\/\/www.fuldaer-nachrichten.de\/wp-content\/uploads\/2010\/05\/100524_Fasanerie_132.thumbnail.jpg\" alt=\"100524_Fasanerie_132.jpg\" width=\"265\" \/><\/a><\/p>\n<p><a title=\"Foto: Marzena Traber\" rel=\"lightbox[roadtrip]\" href=\"http:\/\/www.fuldaer-nachrichten.de\/wp-content\/uploads\/2010\/05\/100524_Fasanerie_135.jpg\" target=\"_blank\"><img decoding=\"async\" src=\"http:\/\/www.fuldaer-nachrichten.de\/wp-content\/uploads\/2010\/05\/100524_Fasanerie_135.thumbnail.jpg\" alt=\"100524_Fasanerie_135.jpg\" width=\"265\" \/><\/a> <a title=\"Foto: Marzena Traber\" rel=\"lightbox[roadtrip]\" href=\"http:\/\/www.fuldaer-nachrichten.de\/wp-content\/uploads\/2010\/05\/100524_Fasanerie_136.jpg\" target=\"_blank\"><img decoding=\"async\" src=\"http:\/\/www.fuldaer-nachrichten.de\/wp-content\/uploads\/2010\/05\/100524_Fasanerie_136.thumbnail.jpg\" alt=\"100524_Fasanerie_136.jpg\" width=\"265\" \/><\/a><\/p>\n<p><a title=\"Foto: Marzena Traber\" rel=\"lightbox[roadtrip]\" href=\"http:\/\/www.fuldaer-nachrichten.de\/wp-content\/uploads\/2010\/05\/100524_Fasanerie_137.jpg\" target=\"_blank\"><img decoding=\"async\" src=\"http:\/\/www.fuldaer-nachrichten.de\/wp-content\/uploads\/2010\/05\/100524_Fasanerie_137.thumbnail.jpg\" alt=\"100524_Fasanerie_137.jpg\" width=\"265\" \/><\/a> <a title=\"Foto: Marzena Traber\" rel=\"lightbox[roadtrip]\" href=\"http:\/\/www.fuldaer-nachrichten.de\/wp-content\/uploads\/2010\/05\/100524_Fasanerie_138.jpg\" target=\"_blank\"><img decoding=\"async\" src=\"http:\/\/www.fuldaer-nachrichten.de\/wp-content\/uploads\/2010\/05\/100524_Fasanerie_138.thumbnail.jpg\" alt=\"100524_Fasanerie_138.jpg\" width=\"265\" \/><\/a><\/p>\n<p><a title=\"Foto: Marzena Traber\" rel=\"lightbox[roadtrip]\" href=\"http:\/\/www.fuldaer-nachrichten.de\/wp-content\/uploads\/2010\/05\/100524_Fasanerie_139.jpg\" target=\"_blank\"><img decoding=\"async\" src=\"http:\/\/www.fuldaer-nachrichten.de\/wp-content\/uploads\/2010\/05\/100524_Fasanerie_139.thumbnail.jpg\" alt=\"100524_Fasanerie_139.jpg\" width=\"265\" \/><\/a> <a title=\"Foto: Marzena Traber\" rel=\"lightbox[roadtrip]\" href=\"http:\/\/www.fuldaer-nachrichten.de\/wp-content\/uploads\/2010\/05\/100524_Fasanerie_140.jpg\" target=\"_blank\"><img decoding=\"async\" src=\"http:\/\/www.fuldaer-nachrichten.de\/wp-content\/uploads\/2010\/05\/100524_Fasanerie_140.thumbnail.jpg\" alt=\"100524_Fasanerie_140.jpg\" width=\"265\" \/><\/a><\/p>\n<p><a title=\"Foto: Marzena Traber\" rel=\"lightbox[roadtrip]\" href=\"http:\/\/www.fuldaer-nachrichten.de\/wp-content\/uploads\/2010\/05\/100524_Fasanerie_141.jpg\" target=\"_blank\"><img decoding=\"async\" src=\"http:\/\/www.fuldaer-nachrichten.de\/wp-content\/uploads\/2010\/05\/100524_Fasanerie_141.thumbnail.jpg\" alt=\"100524_Fasanerie_141.jpg\" width=\"265\" \/><\/a> <a title=\"Foto: Marzena Traber\" rel=\"lightbox[roadtrip]\" href=\"http:\/\/www.fuldaer-nachrichten.de\/wp-content\/uploads\/2010\/05\/100524_Fasanerie_142.jpg\" target=\"_blank\"><img decoding=\"async\" src=\"http:\/\/www.fuldaer-nachrichten.de\/wp-content\/uploads\/2010\/05\/100524_Fasanerie_142.thumbnail.jpg\" alt=\"100524_Fasanerie_142.jpg\" width=\"265\" \/><\/a><\/p>\n<p><a title=\"Foto: Marzena Traber\" rel=\"lightbox[roadtrip]\" href=\"http:\/\/www.fuldaer-nachrichten.de\/wp-content\/uploads\/2010\/05\/100524_Fasanerie_143.jpg\" target=\"_blank\"><img decoding=\"async\" src=\"http:\/\/www.fuldaer-nachrichten.de\/wp-content\/uploads\/2010\/05\/100524_Fasanerie_143.thumbnail.jpg\" alt=\"100524_Fasanerie_143.jpg\" width=\"265\" \/><\/a> <a title=\"Foto: Marzena Traber\" rel=\"lightbox[roadtrip]\" href=\"http:\/\/www.fuldaer-nachrichten.de\/wp-content\/uploads\/2010\/05\/100524_Fasanerie_144.jpg\" target=\"_blank\"><img decoding=\"async\" src=\"http:\/\/www.fuldaer-nachrichten.de\/wp-content\/uploads\/2010\/05\/100524_Fasanerie_144.thumbnail.jpg\" alt=\"100524_Fasanerie_144.jpg\" width=\"265\" \/><\/a><\/p>\n<p><a title=\"Foto: Marzena Traber\" rel=\"lightbox[roadtrip]\" href=\"http:\/\/www.fuldaer-nachrichten.de\/wp-content\/uploads\/2010\/05\/100524_Fasanerie_145.jpg\" target=\"_blank\"><img decoding=\"async\" src=\"http:\/\/www.fuldaer-nachrichten.de\/wp-content\/uploads\/2010\/05\/100524_Fasanerie_145.thumbnail.jpg\" alt=\"100524_Fasanerie_145.jpg\" width=\"265\" \/><\/a> <a title=\"Foto: Marzena Traber\" rel=\"lightbox[roadtrip]\" href=\"http:\/\/www.fuldaer-nachrichten.de\/wp-content\/uploads\/2010\/05\/100524_Fasanerie_146.jpg\" target=\"_blank\"><img decoding=\"async\" src=\"http:\/\/www.fuldaer-nachrichten.de\/wp-content\/uploads\/2010\/05\/100524_Fasanerie_146.thumbnail.jpg\" alt=\"100524_Fasanerie_146.jpg\" width=\"265\" \/><\/a><\/p>\n<p><a title=\"Foto: Marzena Traber\" rel=\"lightbox[roadtrip]\" href=\"http:\/\/www.fuldaer-nachrichten.de\/wp-content\/uploads\/2010\/05\/100524_Fasanerie_147.jpg\" target=\"_blank\"><img decoding=\"async\" src=\"http:\/\/www.fuldaer-nachrichten.de\/wp-content\/uploads\/2010\/05\/100524_Fasanerie_147.thumbnail.jpg\" alt=\"100524_Fasanerie_147.jpg\" width=\"265\" \/><\/a> <a title=\"Foto: Marzena Traber\" rel=\"lightbox[roadtrip]\" href=\"http:\/\/www.fuldaer-nachrichten.de\/wp-content\/uploads\/2010\/05\/100524_Fasanerie_148.jpg\" target=\"_blank\"><img decoding=\"async\" src=\"http:\/\/www.fuldaer-nachrichten.de\/wp-content\/uploads\/2010\/05\/100524_Fasanerie_148.thumbnail.jpg\" alt=\"100524_Fasanerie_148.jpg\" width=\"265\" \/><\/a><\/p>\n<p><a title=\"Foto: Marzena Traber\" rel=\"lightbox[roadtrip]\" href=\"http:\/\/www.fuldaer-nachrichten.de\/wp-content\/uploads\/2010\/05\/100524_Fasanerie_149.jpg\" target=\"_blank\"><img decoding=\"async\" src=\"http:\/\/www.fuldaer-nachrichten.de\/wp-content\/uploads\/2010\/05\/100524_Fasanerie_149.thumbnail.jpg\" alt=\"100524_Fasanerie_149.jpg\" width=\"265\" \/><\/a> <a title=\"Foto: Marzena Traber\" rel=\"lightbox[roadtrip]\" href=\"http:\/\/www.fuldaer-nachrichten.de\/wp-content\/uploads\/2010\/05\/100524_Fasanerie_150.jpg\" target=\"_blank\"><img decoding=\"async\" src=\"http:\/\/www.fuldaer-nachrichten.de\/wp-content\/uploads\/2010\/05\/100524_Fasanerie_150.thumbnail.jpg\" alt=\"100524_Fasanerie_150.jpg\" width=\"265\" \/><\/a><\/p>\n<p><a title=\"Foto: Marzena Traber\" rel=\"lightbox[roadtrip]\" href=\"http:\/\/www.fuldaer-nachrichten.de\/wp-content\/uploads\/2010\/05\/100524_Fasanerie_151.jpg\" target=\"_blank\"><img decoding=\"async\" src=\"http:\/\/www.fuldaer-nachrichten.de\/wp-content\/uploads\/2010\/05\/100524_Fasanerie_151.thumbnail.jpg\" alt=\"100524_Fasanerie_151.jpg\" width=\"265\" \/><\/a> <a title=\"Foto: Marzena Traber\" rel=\"lightbox[roadtrip]\" href=\"http:\/\/www.fuldaer-nachrichten.de\/wp-content\/uploads\/2010\/05\/100524_Fasanerie_152.jpg\" target=\"_blank\"><img decoding=\"async\" src=\"http:\/\/www.fuldaer-nachrichten.de\/wp-content\/uploads\/2010\/05\/100524_Fasanerie_152.thumbnail.jpg\" alt=\"100524_Fasanerie_152.jpg\" width=\"265\" \/><\/a><\/p>\n<p><a title=\"Foto: Marzena Traber\" rel=\"lightbox[roadtrip]\" href=\"http:\/\/www.fuldaer-nachrichten.de\/wp-content\/uploads\/2010\/05\/100524_Fasanerie_153.jpg\" target=\"_blank\"><img decoding=\"async\" src=\"http:\/\/www.fuldaer-nachrichten.de\/wp-content\/uploads\/2010\/05\/100524_Fasanerie_153.thumbnail.jpg\" alt=\"100524_Fasanerie_153.jpg\" width=\"265\" \/><\/a> <a title=\"Foto: Marzena Traber\" rel=\"lightbox[roadtrip]\" href=\"http:\/\/www.fuldaer-nachrichten.de\/wp-content\/uploads\/2010\/05\/100524_Fasanerie_154.jpg\" target=\"_blank\"><img decoding=\"async\" src=\"http:\/\/www.fuldaer-nachrichten.de\/wp-content\/uploads\/2010\/05\/100524_Fasanerie_154.thumbnail.jpg\" alt=\"100524_Fasanerie_154.jpg\" width=\"265\" \/><\/a><\/p>\n<p><a title=\"Foto: Marzena Traber\" rel=\"lightbox[roadtrip]\" href=\"http:\/\/www.fuldaer-nachrichten.de\/wp-content\/uploads\/2010\/05\/100524_Fasanerie_155.jpg\" target=\"_blank\"><img decoding=\"async\" src=\"http:\/\/www.fuldaer-nachrichten.de\/wp-content\/uploads\/2010\/05\/100524_Fasanerie_155.thumbnail.jpg\" alt=\"100524_Fasanerie_155.jpg\" width=\"265\" \/><\/a> <a title=\"Foto: Marzena Traber\" rel=\"lightbox[roadtrip]\" href=\"http:\/\/www.fuldaer-nachrichten.de\/wp-content\/uploads\/2010\/05\/100524_Fasanerie_156.jpg\" target=\"_blank\"><img decoding=\"async\" src=\"http:\/\/www.fuldaer-nachrichten.de\/wp-content\/uploads\/2010\/05\/100524_Fasanerie_156.thumbnail.jpg\" alt=\"100524_Fasanerie_156.jpg\" width=\"265\" \/><\/a><\/p>\n<p><a title=\"Foto: Marzena Traber\" rel=\"lightbox[roadtrip]\" href=\"http:\/\/www.fuldaer-nachrichten.de\/wp-content\/uploads\/2010\/05\/100524_Fasanerie_157.jpg\" target=\"_blank\"><img decoding=\"async\" src=\"http:\/\/www.fuldaer-nachrichten.de\/wp-content\/uploads\/2010\/05\/100524_Fasanerie_157.thumbnail.jpg\" alt=\"100524_Fasanerie_157.jpg\" width=\"265\" \/><\/a> <a title=\"Foto: Marzena Traber\" rel=\"lightbox[roadtrip]\" href=\"http:\/\/www.fuldaer-nachrichten.de\/wp-content\/uploads\/2010\/05\/100524_Fasanerie_158.jpg\" target=\"_blank\"><img decoding=\"async\" src=\"http:\/\/www.fuldaer-nachrichten.de\/wp-content\/uploads\/2010\/05\/100524_Fasanerie_158.thumbnail.jpg\" alt=\"100524_Fasanerie_158.jpg\" width=\"265\" \/><\/a><\/p>\n<p><a title=\"Foto: Marzena Traber\" rel=\"lightbox[roadtrip]\" href=\"http:\/\/www.fuldaer-nachrichten.de\/wp-content\/uploads\/2010\/05\/100524_Fasanerie_133.jpg\" target=\"_blank\"><img decoding=\"async\" src=\"http:\/\/www.fuldaer-nachrichten.de\/wp-content\/uploads\/2010\/05\/100524_Fasanerie_133.thumbnail.jpg\" alt=\"100524_Fasanerie_133.jpg\" width=\"265\" \/><\/a><\/p>\n","protected":false},"excerpt":{"rendered":"<div class=\"tmnf_excerpt\"><p>Eichenzell. Ein festliches Barockkonzert setzte am Montagabend den Schlussakkord zum 11. F\u00fcrstlichen Gartenfest Schloss Fasanerie. W\u00e4hrend der vier Gartenfesttage zog es bei herrlichem Wetter 24.500 Besucher auf das Gel\u00e4nde. Gartenhungrige nutzen nach dem langen Winter die Gelegenheit, sich an diesem Pfingstwochenende mit neuen Pflanzen einzudecken. In den Gartenanlagen und H\u00f6fen von Schloss Fasanerie begeisterten G\u00e4rtner &hellip;<\/p>\n<\/div>","protected":false},"author":1,"featured_media":0,"comment_status":"closed","ping_status":"closed","sticky":false,"template":"","format":"standard","meta":{"footnotes":""},"categories":[1,54,44,78],"tags":[],"class_list":["post-60331","post","type-post","status-publish","format-standard","hentry","category-startseite","category-bildergalerien","category-kultur","category-topthema"],"_links":{"self":[{"href":"https:\/\/www.fuldaernachrichten.de\/index.php?rest_route=\/wp\/v2\/posts\/60331","targetHints":{"allow":["GET"]}}],"collection":[{"href":"https:\/\/www.fuldaernachrichten.de\/index.php?rest_route=\/wp\/v2\/posts"}],"about":[{"href":"https:\/\/www.fuldaernachrichten.de\/index.php?rest_route=\/wp\/v2\/types\/post"}],"author":[{"embeddable":true,"href":"https:\/\/www.fuldaernachrichten.de\/index.php?rest_route=\/wp\/v2\/users\/1"}],"replies":[{"embeddable":true,"href":"https:\/\/www.fuldaernachrichten.de\/index.php?rest_route=%2Fwp%2Fv2%2Fcomments&post=60331"}],"version-history":[{"count":3,"href":"https:\/\/www.fuldaernachrichten.de\/index.php?rest_route=\/wp\/v2\/posts\/60331\/revisions"}],"predecessor-version":[{"id":60334,"href":"https:\/\/www.fuldaernachrichten.de\/index.php?rest_route=\/wp\/v2\/posts\/60331\/revisions\/60334"}],"wp:attachment":[{"href":"https:\/\/www.fuldaernachrichten.de\/index.php?rest_route=%2Fwp%2Fv2%2Fmedia&parent=60331"}],"wp:term":[{"taxonomy":"category","embeddable":true,"href":"https:\/\/www.fuldaernachrichten.de\/index.php?rest_route=%2Fwp%2Fv2%2Fcategories&post=60331"},{"taxonomy":"post_tag","embeddable":true,"href":"https:\/\/www.fuldaernachrichten.de\/index.php?rest_route=%2Fwp%2Fv2%2Ftags&post=60331"}],"curies":[{"name":"wp","href":"https:\/\/api.w.org\/{rel}","templated":true}]}}