{"id":60319,"date":"2010-05-22T04:33:55","date_gmt":"2010-05-22T02:33:55","guid":{"rendered":"http:\/\/www.fuldaer-nachrichten.de\/?p=60319"},"modified":"2010-05-22T15:11:16","modified_gmt":"2010-05-22T13:11:16","slug":"alter-fuldaer-lokschuppen-wird-zum-moebelhaus-der-superlative","status":"publish","type":"post","link":"https:\/\/www.fuldaernachrichten.de\/?p=60319","title":{"rendered":"Alter Fuldaer Lokschuppen wird zum M\u00f6belhaus der Superlative"},"content":{"rendered":"<p><a href=\"http:\/\/www.fuldaer-nachrichten.de\/wp-content\/uploads\/2010\/05\/100522_lokschuppen1.jpg\"><img decoding=\"async\" src=\"http:\/\/www.fuldaer-nachrichten.de\/wp-content\/uploads\/2010\/05\/100522_lokschuppen1.jpg\" alt=\"100522_lokschuppen1\" width=\"560\" class=\"alignnone size-medium wp-image-60322\" srcset=\"https:\/\/www.fuldaernachrichten.de\/wp-content\/uploads\/2010\/05\/100522_lokschuppen1.jpg 600w, https:\/\/www.fuldaernachrichten.de\/wp-content\/uploads\/2010\/05\/100522_lokschuppen1-265x176.jpg 265w\" sizes=\"(max-width: 600px) 100vw, 600px\" \/><\/a><strong>Fulda. <\/strong>Auf dem alten Lokschuppengel\u00e4nde der Bundesbahn in der Heidelsteinstra\u00dfe in Fulda  &#8211; direkt gegen\u00fcber dem derzeitigen M\u00f6belhaus Buhl entsteht in den n\u00e4chsten 12 Monaten ein in Hessen eizigartiges Bauprojekt \u2013 ein M\u00f6bel-Buhl-Einrichtungshaus der Superlative.  <\/p>\n<p>Kurz vor Pfingsten wurden im Beisein von Oberb\u00fcrgermeister Gerhard M\u00f6ller und Stadtbaur\u00e4tin Cornelia Zuschke mit dem ersten Spatenstich die Bauarbeiten begonnen. Damit errichtet die Familie Buhl auf dem ehemaligen Bahngel\u00e4nde eines der gr\u00f6\u00dften M\u00f6belh\u00e4user in Hessen und bietet dann weit \u00fcber die Grenzen Ost- und Nordhessens hinaus das attraktivste Einkaufserlebnis f\u00fcr die ganze Familie.  <\/p>\n<p><a href=\"http:\/\/www.fuldaer-nachrichten.de\/wp-content\/uploads\/2010\/05\/100522_lokschuppen.jpg\"><img fetchpriority=\"high\" decoding=\"async\" src=\"http:\/\/www.fuldaer-nachrichten.de\/wp-content\/uploads\/2010\/05\/100522_lokschuppen-265x201.jpg\" alt=\"100522_lokschuppen\"  width=\"265\" height=\"201\" class=\"alignnone size-medium wp-image-60321\" srcset=\"https:\/\/www.fuldaernachrichten.de\/wp-content\/uploads\/2010\/05\/100522_lokschuppen-265x201.jpg 265w, https:\/\/www.fuldaernachrichten.de\/wp-content\/uploads\/2010\/05\/100522_lokschuppen.jpg 600w\" sizes=\"(max-width: 265px) 100vw, 265px\" \/><\/a> <a href=\"http:\/\/www.fuldaer-nachrichten.de\/wp-content\/uploads\/2010\/05\/100522_lokschuppen2.jpg\"><img decoding=\"async\" src=\"http:\/\/www.fuldaer-nachrichten.de\/wp-content\/uploads\/2010\/05\/100522_lokschuppen2-265x201.jpg\" alt=\"100522_lokschuppen2\"  width=\"265\" height=\"201\" class=\"alignnone size-medium wp-image-60320\" srcset=\"https:\/\/www.fuldaernachrichten.de\/wp-content\/uploads\/2010\/05\/100522_lokschuppen2-265x201.jpg 265w, https:\/\/www.fuldaernachrichten.de\/wp-content\/uploads\/2010\/05\/100522_lokschuppen2.jpg 600w\" sizes=\"(max-width: 265px) 100vw, 265px\" \/><\/a><\/p>\n<p>Der halbkreisf\u00f6rmige Ring-Schuppen der Deutschen Bundesbahn wurde noch bis Anfang der 60er Jahre als Reparatur- und Wartungshalle f\u00fcr Dampf- und Diesel-Lokomotiven genutzt. \u00dcber die vorgelagerte Drehscheibe gelangten die Lok`s dann auf eine der insgesamt 22 Wartungsgruben. Die alte Bausubstanz soll weitgehend erhalten bleiben und die gro\u00dfe Drehscheibe zum Mittelpunkt des Geb\u00e4udes werden.  <\/p>\n<p> Die Ausstellungsfl\u00e4che bei M\u00f6bel Buhl wird sich durch den Neubau Lokschuppen gegen\u00fcber dem bisherigen Angebot etwa verdoppeln. `Damit geh\u00f6ren wir hier in Fulda, wie schon mit unserem Haus in Wolfsburg, zu den ganz gro\u00dfen Einrichtungsh\u00e4usern in Deutschland. Das wird auch die Einkaufsstadt Fulda insgesamt f\u00fcr Besucher aus dem weiteren Umkreis noch attraktiver machen` sagt Investor Hans-Dieter Buhl, der die gesamte Region im Umkreis von etwa 65 bis 80 km um Fulda als Verkaufsgebiet anpeilt. Rund 25 Millionen Euro will er daf\u00fcr in den Neubau und den dann noch folgenden Umbau des bestehenden M\u00f6belhauses investieren.<\/p>\n<p>In allen Warensortimenten soll das Angebot erheblich ausgeweitet werden. Dem Kunden steht dann bei Buhl die bei weitem gr\u00f6\u00dfte Auswahl an K\u00fcchen, Wohn- und Schlafzimmern in der gesamten Region zur Verf\u00fcgung. Einen besonders breiten Raum wird aber auch das Einrichtungsangebot f\u00fcr die junge Generation und f\u00fcr alle Ersteinrichter einnehmen. Insgesamt soll es eine M\u00f6belpr\u00e4sentation geben, wie man sie in der Region Ost- und Nordhessen bislang noch nicht gesehen hat. Das Einzigartige an dem Projekt ist aber die Integration des denkmalgesch\u00fctzten Lokschuppens in ein modernes Verkaufshaus. `Das stellt alle Beteiligten vor eine besondere Herausforderung, bietet dann aber eine einmalige und unvergleichliche Einkaufsatmosph\u00e4re` freut sich der Gesch\u00e4ftsf\u00fchrer des Unternehmens,  Dipl.-Kfm. Stefan Zentgraf bereits jetzt.<\/p>\n<p>M\u00f6bel Buhl besch\u00e4ftigt in Fulda und Wolfsburg zusammen bereits 410 Mitarbeiter, mit der Erweiterung in Fulda werden etwa 25 bis 30 neue Arbeitspl\u00e4tze, vorwiegend im Verkauf, aber auch in der Auslieferung und im neuen Cafe-Restaurant geschaffen. `Auch die Zahl der Ausbildungspl\u00e4tze im Verkauf und in der Verwaltung wird mit der Investition weiter zunehmen` ist sich Inhaber Hans-Dieter Buhl sicher.<\/p>\n<p>Auf dem sanierten Lokschuppengel\u00e4nde werden f\u00fcr die Kunden weitr\u00e4umige Parkanlagen und rund 400 weitere und kostenlose Parkpl\u00e4tze entstehen. `Neben der Hauptzufahrt von der Heidelsteinstra\u00dfe aus wird man dann auch durch unser bekanntes Buhl-Parkhaus das `alte` und neue Verkaufshaus problemlos und schnell erreichen k\u00f6nnen` erl\u00e4utert Gesch\u00e4ftsf\u00fchrer Stefan Zentgraf.<\/p>\n","protected":false},"excerpt":{"rendered":"<div class=\"tmnf_excerpt\"><p>Fulda. Auf dem alten Lokschuppengel\u00e4nde der Bundesbahn in der Heidelsteinstra\u00dfe in Fulda &#8211; direkt gegen\u00fcber dem derzeitigen M\u00f6belhaus Buhl entsteht in den n\u00e4chsten 12 Monaten ein in Hessen eizigartiges Bauprojekt \u2013 ein M\u00f6bel-Buhl-Einrichtungshaus der Superlative. Kurz vor Pfingsten wurden im Beisein von Oberb\u00fcrgermeister Gerhard M\u00f6ller und Stadtbaur\u00e4tin Cornelia Zuschke mit dem ersten Spatenstich die Bauarbeiten &hellip;<\/p>\n<\/div>","protected":false},"author":1,"featured_media":0,"comment_status":"closed","ping_status":"closed","sticky":false,"template":"","format":"standard","meta":{"footnotes":""},"categories":[1,29,78],"tags":[],"class_list":["post-60319","post","type-post","status-publish","format-standard","hentry","category-startseite","category-politik","category-topthema"],"_links":{"self":[{"href":"https:\/\/www.fuldaernachrichten.de\/index.php?rest_route=\/wp\/v2\/posts\/60319","targetHints":{"allow":["GET"]}}],"collection":[{"href":"https:\/\/www.fuldaernachrichten.de\/index.php?rest_route=\/wp\/v2\/posts"}],"about":[{"href":"https:\/\/www.fuldaernachrichten.de\/index.php?rest_route=\/wp\/v2\/types\/post"}],"author":[{"embeddable":true,"href":"https:\/\/www.fuldaernachrichten.de\/index.php?rest_route=\/wp\/v2\/users\/1"}],"replies":[{"embeddable":true,"href":"https:\/\/www.fuldaernachrichten.de\/index.php?rest_route=%2Fwp%2Fv2%2Fcomments&post=60319"}],"version-history":[{"count":6,"href":"https:\/\/www.fuldaernachrichten.de\/index.php?rest_route=\/wp\/v2\/posts\/60319\/revisions"}],"predecessor-version":[{"id":60328,"href":"https:\/\/www.fuldaernachrichten.de\/index.php?rest_route=\/wp\/v2\/posts\/60319\/revisions\/60328"}],"wp:attachment":[{"href":"https:\/\/www.fuldaernachrichten.de\/index.php?rest_route=%2Fwp%2Fv2%2Fmedia&parent=60319"}],"wp:term":[{"taxonomy":"category","embeddable":true,"href":"https:\/\/www.fuldaernachrichten.de\/index.php?rest_route=%2Fwp%2Fv2%2Fcategories&post=60319"},{"taxonomy":"post_tag","embeddable":true,"href":"https:\/\/www.fuldaernachrichten.de\/index.php?rest_route=%2Fwp%2Fv2%2Ftags&post=60319"}],"curies":[{"name":"wp","href":"https:\/\/api.w.org\/{rel}","templated":true}]}}