{"id":6031,"date":"2007-10-24T00:47:11","date_gmt":"2007-10-23T22:47:11","guid":{"rendered":"http:\/\/www.schoene-nachrichten.de\/?p=6031"},"modified":"2007-10-24T00:47:12","modified_gmt":"2007-10-23T22:47:12","slug":"fussballturnier-am-aschenberg-kooperationsprojekt-von-streetwork-gruemel","status":"publish","type":"post","link":"https:\/\/www.fuldaernachrichten.de\/?p=6031","title":{"rendered":"Fu\u00dfballturnier am Aschenberg &#8211; Kooperationsprojekt von Streetwork &#038; Gr\u00fcmel"},"content":{"rendered":"<p><strong><a rel=\"lightbox[roadtrip]\" target=\"_blank\" href=\"http:\/\/www.schoene-nachrichten.de\/wp-content\/uploads\/2007\/10\/071023_fusball.jpg\" title=\"071023_fusball.jpg\"><img decoding=\"async\" align=\"left\" src=\"http:\/\/www.schoene-nachrichten.de\/wp-content\/uploads\/2007\/10\/071023_fusball.thumbnail.jpg\" hspace=\"5\" alt=\"071023_fusball.jpg\" \/><\/a>Sch\u00f6nes aus Fulda.<\/strong> Das Wetter meinte es gut mit den jugendlichen Kickern. Dementsprechend gro\u00df war die Motivation der Fu\u00dfballer und der Zulauf des Publikums. Bei strahlendem Sonnenschein fanden sich 120 Jugendliche auf dem Bolzplatz am Aschenberg ein, um die Spieler lautstark zu unterst\u00fctzen und W\u00fcrstchen und Getr\u00e4nke zu genie\u00dfen. Ausgetragen wurde das Turnier von insgesamt 9 Mannschaften. Teilgenommen haben Mannschaften vom Aschenberg, von Gr\u00fcmel und aus dem Stadtgebiet.<\/p>\n<p><!--more--><br \/>\nViele der Jugendlichen sind in die unterschiedlichen Projekten von Streetwork und Gr\u00fcmel eingebunden. Jede Mannschaft hatte 7 Spieler und einen Auswechselspieler. Gewinner des Turniers wurde die Aschenberger Mannschaft \u201edie Prancos\u201c, den 2. Platz belegte die \u201eGr\u00fcmel Crew\u201c und den 3. Platz konnte sich der \u201eH\u00fcnfeld SV\u201c, vom Jugendtreffpunkt H\u00fcnfeld sichern. Wichtiger aber als die Platzierungen war der Spa\u00df, den alle hatten, egal ob Zuschauer oder Akive.<\/p>\n<p>Das Fu\u00dfballturnier war das erste Kooperationsprojekt zwischen der Streetwork \/ mobile Jugendarbeit am Aschenberg und der gemeinn\u00fctzigen Gr\u00fcmel GmbH, dem weitere folgen sollen. Gef\u00f6rdert wurde das Projekt durch Stadt und Landkreis Fulda und dem Bundesministerium f\u00fcr Migration und Fl\u00fcchtlinge (BAMF). Ziel der Projekte ist die soziale Integration der Jugendlichen, was mit dem ersten Turnier gut gelungen ist. Gerade der Sport ist geeignet, dieses Ziel positiv zu begleiten, so der Sportdezernent Dr. Wolfgang Dippel.<\/p>\n<p>Das Bild zeigt die Siegermannschaften, sowie Mitarbeiter von Streetwork und Gr\u00fcmel gGmbH<\/p>\n","protected":false},"excerpt":{"rendered":"<div class=\"tmnf_excerpt\"><p>Sch\u00f6nes aus Fulda. Das Wetter meinte es gut mit den jugendlichen Kickern. Dementsprechend gro\u00df war die Motivation der Fu\u00dfballer und der Zulauf des Publikums. Bei strahlendem Sonnenschein fanden sich 120 Jugendliche auf dem Bolzplatz am Aschenberg ein, um die Spieler lautstark zu unterst\u00fctzen und W\u00fcrstchen und Getr\u00e4nke zu genie\u00dfen. Ausgetragen wurde das Turnier von insgesamt &hellip;<\/p>\n<\/div>","protected":false},"author":1,"featured_media":0,"comment_status":"closed","ping_status":"closed","sticky":false,"template":"","format":"standard","meta":{"footnotes":""},"categories":[1,72,46],"tags":[],"class_list":["post-6031","post","type-post","status-publish","format-standard","hentry","category-startseite","category-jugend","category-sport"],"_links":{"self":[{"href":"https:\/\/www.fuldaernachrichten.de\/index.php?rest_route=\/wp\/v2\/posts\/6031","targetHints":{"allow":["GET"]}}],"collection":[{"href":"https:\/\/www.fuldaernachrichten.de\/index.php?rest_route=\/wp\/v2\/posts"}],"about":[{"href":"https:\/\/www.fuldaernachrichten.de\/index.php?rest_route=\/wp\/v2\/types\/post"}],"author":[{"embeddable":true,"href":"https:\/\/www.fuldaernachrichten.de\/index.php?rest_route=\/wp\/v2\/users\/1"}],"replies":[{"embeddable":true,"href":"https:\/\/www.fuldaernachrichten.de\/index.php?rest_route=%2Fwp%2Fv2%2Fcomments&post=6031"}],"version-history":[{"count":0,"href":"https:\/\/www.fuldaernachrichten.de\/index.php?rest_route=\/wp\/v2\/posts\/6031\/revisions"}],"wp:attachment":[{"href":"https:\/\/www.fuldaernachrichten.de\/index.php?rest_route=%2Fwp%2Fv2%2Fmedia&parent=6031"}],"wp:term":[{"taxonomy":"category","embeddable":true,"href":"https:\/\/www.fuldaernachrichten.de\/index.php?rest_route=%2Fwp%2Fv2%2Fcategories&post=6031"},{"taxonomy":"post_tag","embeddable":true,"href":"https:\/\/www.fuldaernachrichten.de\/index.php?rest_route=%2Fwp%2Fv2%2Ftags&post=6031"}],"curies":[{"name":"wp","href":"https:\/\/api.w.org\/{rel}","templated":true}]}}