{"id":603,"date":"2007-01-04T10:25:33","date_gmt":"2007-01-04T09:25:33","guid":{"rendered":"http:\/\/www.schoene-nachrichten.de\/?p=603"},"modified":"2007-01-09T16:10:24","modified_gmt":"2007-01-09T15:10:24","slug":"hlb-prasentiert-ausstellung-zum-125-geburtstag-von-virginia-woolf","status":"publish","type":"post","link":"https:\/\/www.fuldaernachrichten.de\/?p=603","title":{"rendered":"HLB pr\u00e4sentiert Ausstellung zum 125. Geburtstag von Virginia Woolf"},"content":{"rendered":"<p><strong>Sch\u00f6nes aus Fulda.<\/strong> Zum 125. Geburtstag der englischen Schriftstellerin Virginia Woolf pr\u00e4sentiert die Hochschul- und Landesbibliothek am Heinrich-von-Bibra-Platz eine Ausstellung, die einen\u00c2\u00a0Querschnitt des\u00c2\u00a0 dichterischen Schaffens der Autorin zeigt.\u00c2\u00a0Die Ausstellung ist bis zum 31. Januar 2007 zu sehen.<\/p>\n<p>\u00c2\u00a0<\/p>\n<p><!--more--><\/p>\n<p>Virginia Woolf z\u00e4hlt als erste Frau zu den Vertretern der klassischen Moderne. Als Literaturkritikerin\u00c2\u00a0 und Essayistin wurde sie zur gefeiertsten englischen Schriftstellerin der 20er Jahre und zur Kultfigur der neuen Frauenbewegung.<\/p>\n<p>\u00c2\u00a0<\/p>\n<p>Dabei war ihr Leben immer wieder von seelischen Zusammenbr\u00fcchen gekennzeichnet, das Schreiben wurde zur Lebensnotwendigkeit.<\/p>\n<p>\u00c2\u00a0<\/p>\n<p>Ihr Werk akzentuiert frauenspezifische Themen und eine speziell weibliche Sicht der Dinge und ist Abkehr sowohl von traditionellen Schreibweisen als auch der\u00c2\u00a0patriarchalischen britischen Gesellschaft.<\/p>\n","protected":false},"excerpt":{"rendered":"<div class=\"tmnf_excerpt\"><p>Sch\u00f6nes aus Fulda. Zum 125. Geburtstag der englischen Schriftstellerin Virginia Woolf pr\u00e4sentiert die Hochschul- und Landesbibliothek am Heinrich-von-Bibra-Platz eine Ausstellung, die einen\u00c2\u00a0Querschnitt des\u00c2\u00a0 dichterischen Schaffens der Autorin zeigt.\u00c2\u00a0Die Ausstellung ist bis zum 31. Januar 2007 zu sehen. \u00c2\u00a0<\/p>\n<\/div>","protected":false},"author":1,"featured_media":0,"comment_status":"closed","ping_status":"closed","sticky":false,"template":"","format":"standard","meta":{"footnotes":""},"categories":[1,44],"tags":[],"class_list":["post-603","post","type-post","status-publish","format-standard","hentry","category-startseite","category-kultur"],"_links":{"self":[{"href":"https:\/\/www.fuldaernachrichten.de\/index.php?rest_route=\/wp\/v2\/posts\/603","targetHints":{"allow":["GET"]}}],"collection":[{"href":"https:\/\/www.fuldaernachrichten.de\/index.php?rest_route=\/wp\/v2\/posts"}],"about":[{"href":"https:\/\/www.fuldaernachrichten.de\/index.php?rest_route=\/wp\/v2\/types\/post"}],"author":[{"embeddable":true,"href":"https:\/\/www.fuldaernachrichten.de\/index.php?rest_route=\/wp\/v2\/users\/1"}],"replies":[{"embeddable":true,"href":"https:\/\/www.fuldaernachrichten.de\/index.php?rest_route=%2Fwp%2Fv2%2Fcomments&post=603"}],"version-history":[{"count":0,"href":"https:\/\/www.fuldaernachrichten.de\/index.php?rest_route=\/wp\/v2\/posts\/603\/revisions"}],"wp:attachment":[{"href":"https:\/\/www.fuldaernachrichten.de\/index.php?rest_route=%2Fwp%2Fv2%2Fmedia&parent=603"}],"wp:term":[{"taxonomy":"category","embeddable":true,"href":"https:\/\/www.fuldaernachrichten.de\/index.php?rest_route=%2Fwp%2Fv2%2Fcategories&post=603"},{"taxonomy":"post_tag","embeddable":true,"href":"https:\/\/www.fuldaernachrichten.de\/index.php?rest_route=%2Fwp%2Fv2%2Ftags&post=603"}],"curies":[{"name":"wp","href":"https:\/\/api.w.org\/{rel}","templated":true}]}}