{"id":60291,"date":"2010-05-22T02:28:43","date_gmt":"2010-05-22T00:28:43","guid":{"rendered":"http:\/\/www.fuldaer-nachrichten.de\/?p=60291"},"modified":"2010-05-22T08:28:56","modified_gmt":"2010-05-22T06:28:56","slug":"uewag-mobil-macht-station-beim-centmarkt-in-hofbieber","status":"publish","type":"post","link":"https:\/\/www.fuldaernachrichten.de\/?p=60291","title":{"rendered":"\u00dcWAG-Mobil macht Station beim Centmarkt in Hofbieber"},"content":{"rendered":"<p><strong>Fulda. <\/strong>Beim 8. Centmarkt in Hofbieber ist die \u00dcberlandwerk Fulda Aktiengesellschaft (\u00dcWAG) am Sonntag, 30. Mai 2010, mit einem Beratungs- und Aktionsangebot vertreten: W\u00e4hrend der Gewerbeschau macht das \u00dcWAG-Mobil von 11:00 bis 18:00 Uhr in der Rh\u00f6ngemeinde Station an der \u201eFuldaer Stra\u00dfe\u201c. Im \u00dcWAG-Mobil steht w\u00e4hrend des Centmarkts das ganze Servicespektrum des regionalen Energieversorgers zur Verf\u00fcgung: Neben der individuellen Tarifberatung geh\u00f6ren dazu unter anderem Informationen rund um die Nutzung erneuerbarer Energien, beispielsweise zur umweltfreundlichen und wirtschaftlichen W\u00e4rmepumpen-Technologie sowie dem Naturstromtarif \u00dcWAG\u00d6ko. <!--more--><\/p>\n<p>Au\u00dferdem k\u00f6nnen sich Besucher \u00fcber M\u00f6glichkeiten zur energetischen Geb\u00e4udesanierung informieren und sich Tipps f\u00fcr den effizienten Energieeinsatz im Haushalt holen. Passend dazu veranstaltet die \u00dcWAG unter dem Stichwort \u201eNachhaltigkeit\u201c ein gro\u00dfes Gewinnspiel: Als Hauptgewinn stellt der Energieversorger 300 Kilowattstunden des T\u00dcV S\u00dcD-zertifizierten \u00dcWAG\u00d6ko-Stroms gratis zur Verf\u00fcgung. Attraktiv ist auch der zweite Preis \u2013 ein bedarfsorientierter Energieausweis. Au\u00dferdem gibt es ein Strommessger\u00e4t und weitere Sachpreise zu gewinnen.<\/p>\n<p>Auf das besondere Interesse der jungen Centmarkt-Besucher d\u00fcrfte eine andere \u00dcWAG-Aktion w\u00e4hrend der Gewerbeschau sto\u00dfen: Von 14:00 bis 16:00 Uhr besucht der Luftballon-Clown das \u00dcWAG-Mobil und knotet aus Luftballons lustige Figuren f\u00fcr Kinder.<\/p>\n","protected":false},"excerpt":{"rendered":"<div class=\"tmnf_excerpt\"><p>Fulda. Beim 8. Centmarkt in Hofbieber ist die \u00dcberlandwerk Fulda Aktiengesellschaft (\u00dcWAG) am Sonntag, 30. Mai 2010, mit einem Beratungs- und Aktionsangebot vertreten: W\u00e4hrend der Gewerbeschau macht das \u00dcWAG-Mobil von 11:00 bis 18:00 Uhr in der Rh\u00f6ngemeinde Station an der \u201eFuldaer Stra\u00dfe\u201c. Im \u00dcWAG-Mobil steht w\u00e4hrend des Centmarkts das ganze Servicespektrum des regionalen Energieversorgers zur &hellip;<\/p>\n<\/div>","protected":false},"author":1,"featured_media":0,"comment_status":"closed","ping_status":"closed","sticky":false,"template":"","format":"standard","meta":{"footnotes":""},"categories":[1],"tags":[],"class_list":["post-60291","post","type-post","status-publish","format-standard","hentry","category-startseite"],"_links":{"self":[{"href":"https:\/\/www.fuldaernachrichten.de\/index.php?rest_route=\/wp\/v2\/posts\/60291","targetHints":{"allow":["GET"]}}],"collection":[{"href":"https:\/\/www.fuldaernachrichten.de\/index.php?rest_route=\/wp\/v2\/posts"}],"about":[{"href":"https:\/\/www.fuldaernachrichten.de\/index.php?rest_route=\/wp\/v2\/types\/post"}],"author":[{"embeddable":true,"href":"https:\/\/www.fuldaernachrichten.de\/index.php?rest_route=\/wp\/v2\/users\/1"}],"replies":[{"embeddable":true,"href":"https:\/\/www.fuldaernachrichten.de\/index.php?rest_route=%2Fwp%2Fv2%2Fcomments&post=60291"}],"version-history":[{"count":2,"href":"https:\/\/www.fuldaernachrichten.de\/index.php?rest_route=\/wp\/v2\/posts\/60291\/revisions"}],"predecessor-version":[{"id":60293,"href":"https:\/\/www.fuldaernachrichten.de\/index.php?rest_route=\/wp\/v2\/posts\/60291\/revisions\/60293"}],"wp:attachment":[{"href":"https:\/\/www.fuldaernachrichten.de\/index.php?rest_route=%2Fwp%2Fv2%2Fmedia&parent=60291"}],"wp:term":[{"taxonomy":"category","embeddable":true,"href":"https:\/\/www.fuldaernachrichten.de\/index.php?rest_route=%2Fwp%2Fv2%2Fcategories&post=60291"},{"taxonomy":"post_tag","embeddable":true,"href":"https:\/\/www.fuldaernachrichten.de\/index.php?rest_route=%2Fwp%2Fv2%2Ftags&post=60291"}],"curies":[{"name":"wp","href":"https:\/\/api.w.org\/{rel}","templated":true}]}}