{"id":60222,"date":"2010-05-23T02:51:26","date_gmt":"2010-05-23T00:51:26","guid":{"rendered":"http:\/\/www.fuldaer-nachrichten.de\/?p=60222"},"modified":"2010-05-22T08:51:46","modified_gmt":"2010-05-22T06:51:46","slug":"schulisches-lernen-in-foerderschulen-unter-beruecksichtigung-der-richtlinien-der-un-konvention-im-bonifatiushaus","status":"publish","type":"post","link":"https:\/\/www.fuldaernachrichten.de\/?p=60222","title":{"rendered":"\u201cSchulisches Lernen in F\u00f6rderschulen unter Ber\u00fccksichtigung der Richtlinien der UN-Konvention\u201c im Bonifatiushaus"},"content":{"rendered":"<p><strong><a href=\"http:\/\/www.fuldaer-nachrichten.de\/wp-content\/uploads\/2010\/05\/100521_AndreaPlatte.jpg\"><img fetchpriority=\"high\" decoding=\"async\" class=\"alignleft size-thumbnail wp-image-60223\" title=\"100521_AndreaPlatte\" src=\"http:\/\/www.fuldaer-nachrichten.de\/wp-content\/uploads\/2010\/05\/100521_AndreaPlatte-265x353.jpg\" alt=\"100521_AndreaPlatte\" width=\"265\" height=\"353\" srcset=\"https:\/\/www.fuldaernachrichten.de\/wp-content\/uploads\/2010\/05\/100521_AndreaPlatte-265x353.jpg 265w, https:\/\/www.fuldaernachrichten.de\/wp-content\/uploads\/2010\/05\/100521_AndreaPlatte.jpg 399w\" sizes=\"(max-width: 265px) 100vw, 265px\" \/><\/a>Fulda. <\/strong>Am Mittwoch, dem 26. Mai, um 17.00 Uhr findet der zweite Vortrag in der Vortragsreihe \u201eTeilhabe und Selbstbestimmung in der Behindertenhilfe\u201c statt. Zu dieser Kooperationsveranstaltung der Hochschule Fulda, dem Bonifatiushaus und dem Antoniusheim wird diesmal Frau Prof. Dr. Andrea Platte in der Aula des Bonifatiushauses einen Vortrag zum Thema \u00c2\u00abSchulisches Lernen in F\u00f6rderschulen unter Ber\u00fccksichtigung der Richtlinien der UN-Konvention\u00c2\u00bb halten. Im Anschluss daran gibt es die M\u00f6glichkeit zur Diskussion. Alle interessierten B\u00fcrger sind herzlich eingeladen. Der Eintritt ist selbstverst\u00e4ndlich frei!<\/p>\n","protected":false},"excerpt":{"rendered":"<div class=\"tmnf_excerpt\"><p>Fulda. Am Mittwoch, dem 26. Mai, um 17.00 Uhr findet der zweite Vortrag in der Vortragsreihe \u201eTeilhabe und Selbstbestimmung in der Behindertenhilfe\u201c statt. Zu dieser Kooperationsveranstaltung der Hochschule Fulda, dem Bonifatiushaus und dem Antoniusheim wird diesmal Frau Prof. Dr. Andrea Platte in der Aula des Bonifatiushauses einen Vortrag zum Thema \u00c2\u00abSchulisches Lernen in F\u00f6rderschulen unter &hellip;<\/p>\n<\/div>","protected":false},"author":1,"featured_media":0,"comment_status":"closed","ping_status":"closed","sticky":false,"template":"","format":"standard","meta":{"footnotes":""},"categories":[1],"tags":[],"class_list":["post-60222","post","type-post","status-publish","format-standard","hentry","category-startseite"],"_links":{"self":[{"href":"https:\/\/www.fuldaernachrichten.de\/index.php?rest_route=\/wp\/v2\/posts\/60222","targetHints":{"allow":["GET"]}}],"collection":[{"href":"https:\/\/www.fuldaernachrichten.de\/index.php?rest_route=\/wp\/v2\/posts"}],"about":[{"href":"https:\/\/www.fuldaernachrichten.de\/index.php?rest_route=\/wp\/v2\/types\/post"}],"author":[{"embeddable":true,"href":"https:\/\/www.fuldaernachrichten.de\/index.php?rest_route=\/wp\/v2\/users\/1"}],"replies":[{"embeddable":true,"href":"https:\/\/www.fuldaernachrichten.de\/index.php?rest_route=%2Fwp%2Fv2%2Fcomments&post=60222"}],"version-history":[{"count":2,"href":"https:\/\/www.fuldaernachrichten.de\/index.php?rest_route=\/wp\/v2\/posts\/60222\/revisions"}],"predecessor-version":[{"id":60314,"href":"https:\/\/www.fuldaernachrichten.de\/index.php?rest_route=\/wp\/v2\/posts\/60222\/revisions\/60314"}],"wp:attachment":[{"href":"https:\/\/www.fuldaernachrichten.de\/index.php?rest_route=%2Fwp%2Fv2%2Fmedia&parent=60222"}],"wp:term":[{"taxonomy":"category","embeddable":true,"href":"https:\/\/www.fuldaernachrichten.de\/index.php?rest_route=%2Fwp%2Fv2%2Fcategories&post=60222"},{"taxonomy":"post_tag","embeddable":true,"href":"https:\/\/www.fuldaernachrichten.de\/index.php?rest_route=%2Fwp%2Fv2%2Ftags&post=60222"}],"curies":[{"name":"wp","href":"https:\/\/api.w.org\/{rel}","templated":true}]}}