{"id":60169,"date":"2010-05-22T03:53:55","date_gmt":"2010-05-22T01:53:55","guid":{"rendered":"http:\/\/www.fuldaer-nachrichten.de\/?p=60169"},"modified":"2010-05-22T08:54:21","modified_gmt":"2010-05-22T06:54:21","slug":"cinema-nostalgica-am-2-juni-2010-im-cafe-ideal","status":"publish","type":"post","link":"https:\/\/www.fuldaernachrichten.de\/?p=60169","title":{"rendered":"\u201eCinema Nostalgica\u201c am 2. Juni 2010 im Cafe IDEAL"},"content":{"rendered":"<p><strong><a href=\"http:\/\/www.fuldaer-nachrichten.de\/wp-content\/uploads\/2010\/05\/100521_SabineHeil.jpg\"><img fetchpriority=\"high\" decoding=\"async\" class=\"alignleft size-thumbnail wp-image-60170\" title=\"100521_SabineHeil\" src=\"http:\/\/www.fuldaer-nachrichten.de\/wp-content\/uploads\/2010\/05\/100521_SabineHeil-265x385.jpg\" alt=\"100521_SabineHeil\" width=\"265\" height=\"385\" srcset=\"https:\/\/www.fuldaernachrichten.de\/wp-content\/uploads\/2010\/05\/100521_SabineHeil-265x385.jpg 265w, https:\/\/www.fuldaernachrichten.de\/wp-content\/uploads\/2010\/05\/100521_SabineHeil.jpg 399w\" sizes=\"(max-width: 265px) 100vw, 265px\" \/><\/a>Fulda. <\/strong>Chansons neu arrangiert, im Stile der 20er und 30er Jahre u.a. von Max Raabe, Edith Piaf, Marlene Dietrich, Jacques Brel, Friedrich Holl\u00e4nder, gew\u00fcrzt mit einer Prise \u201eComedycharme\u201c sind<strong> <\/strong>am 2. Juni 2010 um 19.00 Uhr im Rahmen des Abschlussfestes zum Frauenpolitischen Fr\u00fchling im Cafe IDEAL zu h\u00f6ren. Sch\u00f6n, intensiv, kraftvoll, emotional und witzig mit einigen neuen Songs pr\u00e4sentiert Sabine Heil als<strong> <\/strong>Marleen auch in diesem Jahr ihr beliebtes Programm \u201eCinema Nostalgica\u201c. Am Piano begleitet sie der N\u00fcrnberger Theaterkomponist J\u00fcrgen Heim\u00fcller.<\/p>\n<p><strong>Kraftvolle Stimme<\/strong><\/p>\n<p>Eine Filmsequenz auf der Leinwand: Eine Frau im Trenchcoat sitzt an der Bar. Sie zieht an ihrer Zigarette, atmet langsam den Rauch aus, singt \u201eAs time goes by\u201c. Die geheimnisvolle Sch\u00f6ne verl\u00e4sst die Szene, tritt in die Reihen des Publikums, und: Der Film wird pl\u00f6tzlich Wirklichkeit. Die Femme Fatale mit der magisch kraftvollen Stimme ist Marleen alias Sabine Heil. Zahlreiche CD-Produktionen, Fernsehauftritte, Zusammenarbeiten mit namhaften K\u00fcnstlern wie Johnny Logan, Michelle, Supermax sowie Auslandstourneen (unter anderem im n\u00e4chsten Jahr in New York) und weltweite Chartplatzierungen z\u00e4hlen zu ihren Erfahrungen, Referenzen und Erfolgen.<!--more--><\/p>\n<p><strong>Kartenvorverkauf<\/strong><\/p>\n<p>Der Abend mit weiteren \u00dcberraschungen wird moderiert von Juliane Jorden. Karten sind im Frauenb\u00fcro der Stadt Fulda und im Cafe IDEAL f\u00fcr 5,00 \u00e2\u201a\u00ac im Vorverkauf erh\u00e4ltlich. (cp)<\/p>\n","protected":false},"excerpt":{"rendered":"<div class=\"tmnf_excerpt\"><p>Fulda. Chansons neu arrangiert, im Stile der 20er und 30er Jahre u.a. von Max Raabe, Edith Piaf, Marlene Dietrich, Jacques Brel, Friedrich Holl\u00e4nder, gew\u00fcrzt mit einer Prise \u201eComedycharme\u201c sind am 2. Juni 2010 um 19.00 Uhr im Rahmen des Abschlussfestes zum Frauenpolitischen Fr\u00fchling im Cafe IDEAL zu h\u00f6ren. Sch\u00f6n, intensiv, kraftvoll, emotional und witzig mit &hellip;<\/p>\n<\/div>","protected":false},"author":1,"featured_media":0,"comment_status":"closed","ping_status":"closed","sticky":false,"template":"","format":"standard","meta":{"footnotes":""},"categories":[1,44],"tags":[],"class_list":["post-60169","post","type-post","status-publish","format-standard","hentry","category-startseite","category-kultur"],"_links":{"self":[{"href":"https:\/\/www.fuldaernachrichten.de\/index.php?rest_route=\/wp\/v2\/posts\/60169","targetHints":{"allow":["GET"]}}],"collection":[{"href":"https:\/\/www.fuldaernachrichten.de\/index.php?rest_route=\/wp\/v2\/posts"}],"about":[{"href":"https:\/\/www.fuldaernachrichten.de\/index.php?rest_route=\/wp\/v2\/types\/post"}],"author":[{"embeddable":true,"href":"https:\/\/www.fuldaernachrichten.de\/index.php?rest_route=\/wp\/v2\/users\/1"}],"replies":[{"embeddable":true,"href":"https:\/\/www.fuldaernachrichten.de\/index.php?rest_route=%2Fwp%2Fv2%2Fcomments&post=60169"}],"version-history":[{"count":2,"href":"https:\/\/www.fuldaernachrichten.de\/index.php?rest_route=\/wp\/v2\/posts\/60169\/revisions"}],"predecessor-version":[{"id":60318,"href":"https:\/\/www.fuldaernachrichten.de\/index.php?rest_route=\/wp\/v2\/posts\/60169\/revisions\/60318"}],"wp:attachment":[{"href":"https:\/\/www.fuldaernachrichten.de\/index.php?rest_route=%2Fwp%2Fv2%2Fmedia&parent=60169"}],"wp:term":[{"taxonomy":"category","embeddable":true,"href":"https:\/\/www.fuldaernachrichten.de\/index.php?rest_route=%2Fwp%2Fv2%2Fcategories&post=60169"},{"taxonomy":"post_tag","embeddable":true,"href":"https:\/\/www.fuldaernachrichten.de\/index.php?rest_route=%2Fwp%2Fv2%2Ftags&post=60169"}],"curies":[{"name":"wp","href":"https:\/\/api.w.org\/{rel}","templated":true}]}}