{"id":60134,"date":"2010-05-21T02:55:41","date_gmt":"2010-05-21T00:55:41","guid":{"rendered":"http:\/\/www.fuldaer-nachrichten.de\/?p=60134"},"modified":"2010-05-20T17:56:06","modified_gmt":"2010-05-20T15:56:06","slug":"algermissen-empfing-ehemalige-lagergefangene-zu-einem-gespraech","status":"publish","type":"post","link":"https:\/\/www.fuldaernachrichten.de\/?p=60134","title":{"rendered":"Algermissen empfing ehemalige Lagergefangene zu einem Gespr\u00e4ch"},"content":{"rendered":"<p><strong><a href=\"http:\/\/www.fuldaer-nachrichten.de\/wp-content\/uploads\/2010\/05\/100520_Bischof.jpg\"><img decoding=\"async\" class=\"alignleft size-thumbnail wp-image-60135\" title=\"100520_Bischof\" src=\"http:\/\/www.fuldaer-nachrichten.de\/wp-content\/uploads\/2010\/05\/100520_Bischof-265x176.jpg\" alt=\"100520_Bischof\" width=\"265\" height=\"176\" srcset=\"https:\/\/www.fuldaernachrichten.de\/wp-content\/uploads\/2010\/05\/100520_Bischof-265x176.jpg 265w, https:\/\/www.fuldaernachrichten.de\/wp-content\/uploads\/2010\/05\/100520_Bischof.jpg 592w\" sizes=\"(max-width: 265px) 100vw, 265px\" \/><\/a>Fulda, Bad Salzschlirf.<\/strong> Auschwitz, Dachau, Buchenwald\u00e2\u20ac\u00a6, sieben polnische Seniorinnen und Senioren, die als Kinder und Jugendliche in den Konzentrationslagern und Gef\u00e4ngnissen des nationalsozialistischen Regimes schlimmste Erfahrungen mit den Deutschen gemacht hatten, weilen derzeit als G\u00e4ste des Caritasverbandes f\u00fcr die Di\u00f6zese Fulda in Kooperation mit dem Maximilian-Kolbe-Werk Freiburg zu einem Freundschaftsbesuch in Bad Salzschlirf. Der Besuch ist ein Beitrag zur Auss\u00f6hnung zwischen den beiden Nachbarv\u00f6lkern und dient neben der Erholung f\u00fcr die polnischen Senioren vor allem der Begegnung \u2013 u. a. in Zeitzeugengespr\u00e4chen mit deutschen Jugendlichen.<!--more--><\/p>\n<p>Nun empfing der Fuldaer Bischof Heinz Josef Algermissen die polnischen G\u00e4ste, die alle aus Warschau stammen, im Bischofshaus. Bei dem angeregten Gespr\u00e4ch betonte Algermissen, dass ihm die deutsch-polnische Auss\u00f6hnung pers\u00f6nlich sehr am Herzen liege. Er s\u00e4he in diesem Besuch der Gruppe ein deutliches Zeichen, dass die Polen trotz der erlittenen Gewalt daran interessiert seien, das Angebot zur Vers\u00f6hnung gerne aufzunehmen.<\/p>\n<p>Besonders wichtig sei es dabei aus seiner Sicht, dass die G\u00e4ste mit jungen Deutschen ins Gespr\u00e4ch k\u00e4men. Dazu erl\u00e4uterte Di\u00f6zesan-Caritasdirektor Dr. Markus Juch, der zusammen mit G\u00e4stebetreuerin Margarete Wingenfeld die Gruppe beim Bischofsbesuch begleitete, dass f\u00fcr die G\u00e4ste eine Zusammenkunft mit den Auszubildenden der Caritas geplant sei, damit sie diesen ihre pers\u00f6nlichen Erfahrungen aus der dunklen deutsch-polnischen Vergangenheit berichten k\u00f6nnten.<\/p>\n<p><strong>Kaffeetafel mit dem Bad Salzschlirfer B\u00fcrgermeister<\/strong><\/p>\n<p>Bereits am Tage zuvor hatte auch der B\u00fcrgermeister von Bad Salzschlirf, Armin Faber, den polnischen G\u00e4sten einen herzlichen Empfang bereitet \u00c2\u00a0und zu einem gemeinsamen Nachmittag bei Kaffee und Kuchen eingeladen. Bei diesem Austausch mit dabei gewesen waren u. a. auch Vertreter der \u00f6rtlichen Kirchengemeinden \u2013 der aus Polen stammende katholische Ortspfarrer Robert Wajda sowie evangelischerseits Pr\u00e4dikant Michael Passarge. (cif)<\/p>\n","protected":false},"excerpt":{"rendered":"<div class=\"tmnf_excerpt\"><p>Fulda, Bad Salzschlirf. Auschwitz, Dachau, Buchenwald\u00e2\u20ac\u00a6, sieben polnische Seniorinnen und Senioren, die als Kinder und Jugendliche in den Konzentrationslagern und Gef\u00e4ngnissen des nationalsozialistischen Regimes schlimmste Erfahrungen mit den Deutschen gemacht hatten, weilen derzeit als G\u00e4ste des Caritasverbandes f\u00fcr die Di\u00f6zese Fulda in Kooperation mit dem Maximilian-Kolbe-Werk Freiburg zu einem Freundschaftsbesuch in Bad Salzschlirf. Der Besuch &hellip;<\/p>\n<\/div>","protected":false},"author":1,"featured_media":0,"comment_status":"closed","ping_status":"closed","sticky":false,"template":"","format":"standard","meta":{"footnotes":""},"categories":[1],"tags":[],"class_list":["post-60134","post","type-post","status-publish","format-standard","hentry","category-startseite"],"_links":{"self":[{"href":"https:\/\/www.fuldaernachrichten.de\/index.php?rest_route=\/wp\/v2\/posts\/60134","targetHints":{"allow":["GET"]}}],"collection":[{"href":"https:\/\/www.fuldaernachrichten.de\/index.php?rest_route=\/wp\/v2\/posts"}],"about":[{"href":"https:\/\/www.fuldaernachrichten.de\/index.php?rest_route=\/wp\/v2\/types\/post"}],"author":[{"embeddable":true,"href":"https:\/\/www.fuldaernachrichten.de\/index.php?rest_route=\/wp\/v2\/users\/1"}],"replies":[{"embeddable":true,"href":"https:\/\/www.fuldaernachrichten.de\/index.php?rest_route=%2Fwp%2Fv2%2Fcomments&post=60134"}],"version-history":[{"count":2,"href":"https:\/\/www.fuldaernachrichten.de\/index.php?rest_route=\/wp\/v2\/posts\/60134\/revisions"}],"predecessor-version":[{"id":60137,"href":"https:\/\/www.fuldaernachrichten.de\/index.php?rest_route=\/wp\/v2\/posts\/60134\/revisions\/60137"}],"wp:attachment":[{"href":"https:\/\/www.fuldaernachrichten.de\/index.php?rest_route=%2Fwp%2Fv2%2Fmedia&parent=60134"}],"wp:term":[{"taxonomy":"category","embeddable":true,"href":"https:\/\/www.fuldaernachrichten.de\/index.php?rest_route=%2Fwp%2Fv2%2Fcategories&post=60134"},{"taxonomy":"post_tag","embeddable":true,"href":"https:\/\/www.fuldaernachrichten.de\/index.php?rest_route=%2Fwp%2Fv2%2Ftags&post=60134"}],"curies":[{"name":"wp","href":"https:\/\/api.w.org\/{rel}","templated":true}]}}