{"id":60104,"date":"2010-05-21T02:02:43","date_gmt":"2010-05-21T00:02:43","guid":{"rendered":"http:\/\/www.fuldaer-nachrichten.de\/?p=60104"},"modified":"2010-05-20T18:03:18","modified_gmt":"2010-05-20T16:03:18","slug":"kirchentag-bringt-neue-impulse-auch-fuer-jugendliche","status":"publish","type":"post","link":"https:\/\/www.fuldaernachrichten.de\/?p=60104","title":{"rendered":"Kirchentag bringt neue Impulse \u2013 auch f\u00fcr Jugendliche!"},"content":{"rendered":"<p><strong><a href=\"http:\/\/www.fuldaer-nachrichten.de\/wp-content\/uploads\/2010\/05\/100520_Kirchentag.jpg\"><img fetchpriority=\"high\" decoding=\"async\" class=\"alignleft size-thumbnail wp-image-60105\" title=\"100520_Kirchentag\" src=\"http:\/\/www.fuldaer-nachrichten.de\/wp-content\/uploads\/2010\/05\/100520_Kirchentag-265x396.jpg\" alt=\"100520_Kirchentag\" width=\"265\" height=\"396\" srcset=\"https:\/\/www.fuldaernachrichten.de\/wp-content\/uploads\/2010\/05\/100520_Kirchentag-265x396.jpg 265w, https:\/\/www.fuldaernachrichten.de\/wp-content\/uploads\/2010\/05\/100520_Kirchentag.jpg 399w\" sizes=\"(max-width: 265px) 100vw, 265px\" \/><\/a>M\u00fcnchen. <\/strong>Das Jugendliche Interesse an Kirche und Gesellschaft haben und sich engagieren, wurde beim 2. \u00d6kumenischen Kirchentag in M\u00fcnchen tausendfach deutlich. Auch junge Leute der KjG Fulda brachten sich vom 12. \u2013 16. Mai in vielf\u00e4ltiger Weise auf dem Gro\u00dfevent ein. So gab es eine gro\u00dfe Gruppe Helfer, welche Tag f\u00fcr Tag in einer Halle Dienst taten, um einen reibungslosen Ablauf der vielen verschiedenen Veranstaltungen des Kirchentages zu gew\u00e4hrleisten.<\/p>\n<p>Auch bei einer \u00f6kumenischen Jugendfahrt war die Beteiligung der jungen Leute rege. Hier hie\u00df es normaler Kirchentagsteilnehmer sein und sich ganz nach Interesse Vortr\u00e4ge, Gottesdienste und Konzerte ansehen, um am Abend platt in seinen Schlafsack zu fallen. Schlie\u00dflich unterst\u00fctzten KjGler ein \u00f6kumenisches Jugendprojekt aus Kassel auf dem Olympiagel\u00e4nde, wo die ganzen Tage \u00fcber Veranstaltungen speziell f\u00fcr Jugendliche geboten wurden. Allen Beteiligungen auf dem Kirchentag war eines gemeinsam: Kirche ist bunt und vielf\u00e4ltig und Jugendliche k\u00f6nnen und wollen das Bild von Kirche und Gesellschaft mitgestalten. Der 2. \u00d6kumenische Kirchentag bot hierf\u00fcr ein gutes Forum.<\/p>\n","protected":false},"excerpt":{"rendered":"<div class=\"tmnf_excerpt\"><p>M\u00fcnchen. Das Jugendliche Interesse an Kirche und Gesellschaft haben und sich engagieren, wurde beim 2. \u00d6kumenischen Kirchentag in M\u00fcnchen tausendfach deutlich. Auch junge Leute der KjG Fulda brachten sich vom 12. \u2013 16. Mai in vielf\u00e4ltiger Weise auf dem Gro\u00dfevent ein. So gab es eine gro\u00dfe Gruppe Helfer, welche Tag f\u00fcr Tag in einer Halle &hellip;<\/p>\n<\/div>","protected":false},"author":1,"featured_media":0,"comment_status":"closed","ping_status":"closed","sticky":false,"template":"","format":"standard","meta":{"footnotes":""},"categories":[1,50],"tags":[],"class_list":["post-60104","post","type-post","status-publish","format-standard","hentry","category-startseite","category-kirche"],"_links":{"self":[{"href":"https:\/\/www.fuldaernachrichten.de\/index.php?rest_route=\/wp\/v2\/posts\/60104","targetHints":{"allow":["GET"]}}],"collection":[{"href":"https:\/\/www.fuldaernachrichten.de\/index.php?rest_route=\/wp\/v2\/posts"}],"about":[{"href":"https:\/\/www.fuldaernachrichten.de\/index.php?rest_route=\/wp\/v2\/types\/post"}],"author":[{"embeddable":true,"href":"https:\/\/www.fuldaernachrichten.de\/index.php?rest_route=\/wp\/v2\/users\/1"}],"replies":[{"embeddable":true,"href":"https:\/\/www.fuldaernachrichten.de\/index.php?rest_route=%2Fwp%2Fv2%2Fcomments&post=60104"}],"version-history":[{"count":3,"href":"https:\/\/www.fuldaernachrichten.de\/index.php?rest_route=\/wp\/v2\/posts\/60104\/revisions"}],"predecessor-version":[{"id":60149,"href":"https:\/\/www.fuldaernachrichten.de\/index.php?rest_route=\/wp\/v2\/posts\/60104\/revisions\/60149"}],"wp:attachment":[{"href":"https:\/\/www.fuldaernachrichten.de\/index.php?rest_route=%2Fwp%2Fv2%2Fmedia&parent=60104"}],"wp:term":[{"taxonomy":"category","embeddable":true,"href":"https:\/\/www.fuldaernachrichten.de\/index.php?rest_route=%2Fwp%2Fv2%2Fcategories&post=60104"},{"taxonomy":"post_tag","embeddable":true,"href":"https:\/\/www.fuldaernachrichten.de\/index.php?rest_route=%2Fwp%2Fv2%2Ftags&post=60104"}],"curies":[{"name":"wp","href":"https:\/\/api.w.org\/{rel}","templated":true}]}}