{"id":60092,"date":"2010-05-21T01:59:30","date_gmt":"2010-05-20T23:59:30","guid":{"rendered":"http:\/\/www.fuldaer-nachrichten.de\/?p=60092"},"modified":"2010-05-20T17:59:51","modified_gmt":"2010-05-20T15:59:51","slug":"neues-mannschafts-transportfahrzeug-in-rueckers-in-dienst-gestellt-und-kirchlich-gesegnet","status":"publish","type":"post","link":"https:\/\/www.fuldaernachrichten.de\/?p=60092","title":{"rendered":"Neues Mannschafts-Transportfahrzeug in R\u00fcckers in Dienst gestellt und kirchlich gesegnet"},"content":{"rendered":"<p><strong><a href=\"http:\/\/www.fuldaer-nachrichten.de\/wp-content\/uploads\/2010\/05\/100520_Feuerwehr.jpg\"><img fetchpriority=\"high\" decoding=\"async\" class=\"alignleft size-thumbnail wp-image-60093\" title=\"100520_Feuerwehr\" src=\"http:\/\/www.fuldaer-nachrichten.de\/wp-content\/uploads\/2010\/05\/100520_Feuerwehr-265x198.jpg\" alt=\"100520_Feuerwehr\" width=\"265\" height=\"198\" srcset=\"https:\/\/www.fuldaernachrichten.de\/wp-content\/uploads\/2010\/05\/100520_Feuerwehr-265x198.jpg 265w, https:\/\/www.fuldaernachrichten.de\/wp-content\/uploads\/2010\/05\/100520_Feuerwehr.jpg 592w\" sizes=\"(max-width: 265px) 100vw, 265px\" \/><\/a>Flieden. <\/strong>Die Freiwillige Feuerwehr R\u00fcckers (FFW) hat ein neues Mannschafts-Transportfahrzeug beschafft. Mit der feierlichen Segnung wurde es in Dienst gestellt. Als den wichtigsten Tag f\u00fcr die M\u00e4nner und Frauen der Feuerwehr seit der Einweihung des neuen Ger\u00e4tehauses vor drei Jahren bezeichnete Fliedens B\u00fcrgermeister Winfried Kre\u00df das Ereignis. Von vornherein sei das Geb\u00e4ude f\u00fcr zwei Fahrzeuge geplant und ausgef\u00fchrt worden. Der im Oktober 2007 vom Gemeindeparlament beschlossene Feuerwehr-Bedarfs- und Entwicklungsplan habe jedoch ein zweites Fahrzeug nicht vorgesehen. Wenn der Plan auch als Richtschnur f\u00fcr kommunale Investitionen gelte, so m\u00fcsse er dennoch der jeweils aktuellen Situation angepasst werden, war die Meinung des Rathauschefs zur ausgebliebenen F\u00f6rderung. Dieser Zuschuss war im Haushaltsplanentwurf f\u00fcr das Jahr 2009 zwar mit 8.000,- \u00e2\u201a\u00ac vorgesehen gewesen, er wurde allerdings von der Mehrheit in der Gemeindevertretung seinerzeit nicht akzeptiert und somit gestrichen.<!--more--><\/p>\n<p>Umso mehr lobte der B\u00fcrgermeister das Engagement der Vereinsmitglieder, die die Finanzierung der Neuanschaffung mit eigenen Mitteln in H\u00f6he von immerhin rund 22.000,- \u00e2\u201a\u00ac geschultert haben. Doch \u00fcbernimmt die Gemeinde die Unterhaltungskosten und die Bezahlung der Ausstattung mit Warnbalken, Funkger\u00e4t und Lackierung f\u00fcr das Fahrzeug.<\/p>\n<p>\u201eMit den steigenden Aufgaben der Feuerwehren allgemein wachsen die pers\u00f6nlichen Anforderungen an die ehrenamtlich t\u00e4tigen M\u00e4nner, Frauen und Jugendlichen auch der FFW R\u00fcckers\u201c, fuhr Kre\u00df fort und erinnerte an die am Dorf vorbeif\u00fchrende A 66 und die entstehenden Gewerbeanlagen Flieden \u2013 Mitte. Schlie\u00dflich komme der Mannschaftsbus der Jugendarbeit zugute, was allein schon sinnvoll sei. Abschlie\u00dfend w\u00fcnschte er der FFW R\u00fcckers, das neue Fahrzeug und seine Insassen m\u00f6gen unfallfrei bleiben und m\u00f6glichst wenig zum Gefahren- und Unfalleinsatz gerufen werden.<\/p>\n<p>Die \u00f6kumenische Segenshandlung vollzogen die Pfarrer Holger Biehn und Geistlicher Rat Klaus Peter Jung. Der evangelische Geistliche wies auf die negativen und positiven Eigenschaften des Urelements Feuer f\u00fcr den Menschen hin und sein Amtsbruder \u00fcberreichte eine Christophorus \u2013 Plakette f\u00fcr das Auto.<\/p>\n<p>Gru\u00dfworte sprachen Ortsvorsteherin Elisabeth Sch\u00e4fer, Kreisbrandmeister Bernhard Wehner, Gemeindebrandinspektor Uwe Raupach und Feuerwehrvorsitzender Stefan R\u00e4sch. Der Einweihung ging eine Messfeier zu Ehren Sankt Florians und zum Gedenken an die verstorbenen Vereinskameraden voraus. In der Predigt stellte Pfarrer Jung den Mut und die Glaubenstreue des Schutzpatrons der Feuerwehr als beispielgebend heraus.<\/p>\n<p>Von der Kirche aus zogen die Wehrleute mit den G\u00e4sten unter Kl\u00e4ngen des Spielmanns- und Fanfarenzuges der FFW Flieden zum Feuerwehrplatz, wo die Spielleute unter der Leitung von Frank Lerch weitere Musikst\u00fccke darboten.<\/p>\n","protected":false},"excerpt":{"rendered":"<div class=\"tmnf_excerpt\"><p>Flieden. Die Freiwillige Feuerwehr R\u00fcckers (FFW) hat ein neues Mannschafts-Transportfahrzeug beschafft. Mit der feierlichen Segnung wurde es in Dienst gestellt. Als den wichtigsten Tag f\u00fcr die M\u00e4nner und Frauen der Feuerwehr seit der Einweihung des neuen Ger\u00e4tehauses vor drei Jahren bezeichnete Fliedens B\u00fcrgermeister Winfried Kre\u00df das Ereignis. Von vornherein sei das Geb\u00e4ude f\u00fcr zwei Fahrzeuge &hellip;<\/p>\n<\/div>","protected":false},"author":1,"featured_media":0,"comment_status":"closed","ping_status":"closed","sticky":false,"template":"","format":"standard","meta":{"footnotes":""},"categories":[1,71],"tags":[],"class_list":["post-60092","post","type-post","status-publish","format-standard","hentry","category-startseite","category-feuerwehr"],"_links":{"self":[{"href":"https:\/\/www.fuldaernachrichten.de\/index.php?rest_route=\/wp\/v2\/posts\/60092","targetHints":{"allow":["GET"]}}],"collection":[{"href":"https:\/\/www.fuldaernachrichten.de\/index.php?rest_route=\/wp\/v2\/posts"}],"about":[{"href":"https:\/\/www.fuldaernachrichten.de\/index.php?rest_route=\/wp\/v2\/types\/post"}],"author":[{"embeddable":true,"href":"https:\/\/www.fuldaernachrichten.de\/index.php?rest_route=\/wp\/v2\/users\/1"}],"replies":[{"embeddable":true,"href":"https:\/\/www.fuldaernachrichten.de\/index.php?rest_route=%2Fwp%2Fv2%2Fcomments&post=60092"}],"version-history":[{"count":3,"href":"https:\/\/www.fuldaernachrichten.de\/index.php?rest_route=\/wp\/v2\/posts\/60092\/revisions"}],"predecessor-version":[{"id":60142,"href":"https:\/\/www.fuldaernachrichten.de\/index.php?rest_route=\/wp\/v2\/posts\/60092\/revisions\/60142"}],"wp:attachment":[{"href":"https:\/\/www.fuldaernachrichten.de\/index.php?rest_route=%2Fwp%2Fv2%2Fmedia&parent=60092"}],"wp:term":[{"taxonomy":"category","embeddable":true,"href":"https:\/\/www.fuldaernachrichten.de\/index.php?rest_route=%2Fwp%2Fv2%2Fcategories&post=60092"},{"taxonomy":"post_tag","embeddable":true,"href":"https:\/\/www.fuldaernachrichten.de\/index.php?rest_route=%2Fwp%2Fv2%2Ftags&post=60092"}],"curies":[{"name":"wp","href":"https:\/\/api.w.org\/{rel}","templated":true}]}}