{"id":59964,"date":"2010-05-20T02:22:04","date_gmt":"2010-05-20T00:22:04","guid":{"rendered":"http:\/\/www.fuldaer-nachrichten.de\/?p=59964"},"modified":"2010-05-19T17:22:28","modified_gmt":"2010-05-19T15:22:28","slug":"25-jahre-uwe-schneider-werkstaette-fuer-moderne-grabmalkunst","status":"publish","type":"post","link":"https:\/\/www.fuldaernachrichten.de\/?p=59964","title":{"rendered":"25 Jahre Uwe Schneider \u2013 Werkst\u00e4tte f\u00fcr moderne Grabmalkunst"},"content":{"rendered":"<p><strong><a href=\"http:\/\/www.fuldaer-nachrichten.de\/wp-content\/uploads\/2010\/05\/100519_Grabmalkunst.jpg\"><img fetchpriority=\"high\" decoding=\"async\" class=\"alignleft size-thumbnail wp-image-59965\" title=\"100519_Grabmalkunst\" src=\"http:\/\/www.fuldaer-nachrichten.de\/wp-content\/uploads\/2010\/05\/100519_Grabmalkunst-265x210.jpg\" alt=\"100519_Grabmalkunst\" width=\"265\" height=\"210\" srcset=\"https:\/\/www.fuldaernachrichten.de\/wp-content\/uploads\/2010\/05\/100519_Grabmalkunst-265x210.jpg 265w, https:\/\/www.fuldaernachrichten.de\/wp-content\/uploads\/2010\/05\/100519_Grabmalkunst.jpg 592w\" sizes=\"(max-width: 265px) 100vw, 265px\" \/><\/a>Aschaffenburg. <\/strong>Im Februar 1985 legte Uwe Schneider die Meisterpr\u00fcfung im Steinmetz- und Steinbildhauerhandwerk in Aschaffenburg ab. Im Mai 1985 konnte er in Flieden einen Betrieb pachten und sich damit selbst\u00e4ndig machen. 1994 zog er dann in die neu gebaute eigene Werkstatt in der Schl\u00fcchterner Stra\u00dfe 17 in Flieden um. Zweimal, in 1991 und in 1997, wurde Schneider das Leistungszeichen f\u00fcr hervorragende Arbeit vom Bundesinnungsverband des Steinmetz- und Steinbildhauerhandwerks verliehen. Seit 2002 ist er Vorsitzender des Gesellenpr\u00fcfungsausschusses der Steinmetz- und Steinbildhauer-Innung Fulda. 2004 belegt er den ersten Platz beim Wettbewerb um das sch\u00f6nste Grabmal der Verbraucher-Bestattungsinitiative \u201eaeternitas\u201c.<!--more--><\/p>\n<p>Viele Grabmalentw\u00fcrfe von Uwe Schneider werden inzwischen von gro\u00dfen Natursteinwerken abgekauft, Geschmacksmuster rechtlich gesch\u00fctzt und vertrieben. Neben handwerklich gestalteten Grabdenkm\u00e4lern, welche nach individuellen Kundenw\u00fcnschen erstellt werden, vertreibt die Firma Schneider auch Fensterb\u00e4nke, Treppen f\u00fcr Au\u00dfen und Innen, K\u00fcchenarbeitsplatten und Waschtische in Naturstein. Gl\u00fcckw\u00fcnsche zum 25j\u00e4hrigen Firmenjubil\u00e4um sowie zum 25-j\u00e4hrigen Meisterjubil\u00e4um wurden von Manfred Sch\u00fcler, Gesch\u00e4ftsf\u00fchrer der Kreishandwerkerschaft Fulda, \u00fcberbracht. (<a href=\"http:\/\/www.schneider-grabmalkunst.de\/\">www.schneider-grabmalkunst.de<\/a>)<\/p>\n","protected":false},"excerpt":{"rendered":"<div class=\"tmnf_excerpt\"><p>Aschaffenburg. Im Februar 1985 legte Uwe Schneider die Meisterpr\u00fcfung im Steinmetz- und Steinbildhauerhandwerk in Aschaffenburg ab. Im Mai 1985 konnte er in Flieden einen Betrieb pachten und sich damit selbst\u00e4ndig machen. 1994 zog er dann in die neu gebaute eigene Werkstatt in der Schl\u00fcchterner Stra\u00dfe 17 in Flieden um. Zweimal, in 1991 und in 1997, &hellip;<\/p>\n<\/div>","protected":false},"author":1,"featured_media":0,"comment_status":"closed","ping_status":"closed","sticky":false,"template":"","format":"standard","meta":{"footnotes":""},"categories":[1,44],"tags":[],"class_list":["post-59964","post","type-post","status-publish","format-standard","hentry","category-startseite","category-kultur"],"_links":{"self":[{"href":"https:\/\/www.fuldaernachrichten.de\/index.php?rest_route=\/wp\/v2\/posts\/59964","targetHints":{"allow":["GET"]}}],"collection":[{"href":"https:\/\/www.fuldaernachrichten.de\/index.php?rest_route=\/wp\/v2\/posts"}],"about":[{"href":"https:\/\/www.fuldaernachrichten.de\/index.php?rest_route=\/wp\/v2\/types\/post"}],"author":[{"embeddable":true,"href":"https:\/\/www.fuldaernachrichten.de\/index.php?rest_route=\/wp\/v2\/users\/1"}],"replies":[{"embeddable":true,"href":"https:\/\/www.fuldaernachrichten.de\/index.php?rest_route=%2Fwp%2Fv2%2Fcomments&post=59964"}],"version-history":[{"count":2,"href":"https:\/\/www.fuldaernachrichten.de\/index.php?rest_route=\/wp\/v2\/posts\/59964\/revisions"}],"predecessor-version":[{"id":59984,"href":"https:\/\/www.fuldaernachrichten.de\/index.php?rest_route=\/wp\/v2\/posts\/59964\/revisions\/59984"}],"wp:attachment":[{"href":"https:\/\/www.fuldaernachrichten.de\/index.php?rest_route=%2Fwp%2Fv2%2Fmedia&parent=59964"}],"wp:term":[{"taxonomy":"category","embeddable":true,"href":"https:\/\/www.fuldaernachrichten.de\/index.php?rest_route=%2Fwp%2Fv2%2Fcategories&post=59964"},{"taxonomy":"post_tag","embeddable":true,"href":"https:\/\/www.fuldaernachrichten.de\/index.php?rest_route=%2Fwp%2Fv2%2Ftags&post=59964"}],"curies":[{"name":"wp","href":"https:\/\/api.w.org\/{rel}","templated":true}]}}