{"id":59950,"date":"2010-05-20T03:23:41","date_gmt":"2010-05-20T01:23:41","guid":{"rendered":"http:\/\/www.fuldaer-nachrichten.de\/?p=59950"},"modified":"2010-05-19T17:23:54","modified_gmt":"2010-05-19T15:23:54","slug":"caritas-fulda-und-caritas-iwano-frankiwsk-kooperation-in-der-behindertenhilfe-mit-einem-ukraine-besuch-weiter-gefestigt","status":"publish","type":"post","link":"https:\/\/www.fuldaernachrichten.de\/?p=59950","title":{"rendered":"Caritas Fulda und Caritas Iwano-Frankiwsk: Kooperation in der Behindertenhilfe  mit einem Ukraine-Besuch weiter gefestigt"},"content":{"rendered":"<p><strong><a href=\"http:\/\/www.fuldaer-nachrichten.de\/wp-content\/uploads\/2010\/05\/100519_Kooperation.jpg\"><img decoding=\"async\" class=\"alignleft size-thumbnail wp-image-59951\" title=\"100519_Kooperation\" src=\"http:\/\/www.fuldaer-nachrichten.de\/wp-content\/uploads\/2010\/05\/100519_Kooperation-265x155.jpg\" alt=\"100519_Kooperation\" width=\"265\" height=\"155\" srcset=\"https:\/\/www.fuldaernachrichten.de\/wp-content\/uploads\/2010\/05\/100519_Kooperation-265x155.jpg 265w, https:\/\/www.fuldaernachrichten.de\/wp-content\/uploads\/2010\/05\/100519_Kooperation.jpg 592w\" sizes=\"(max-width: 265px) 100vw, 265px\" \/><\/a>Fulda<em>. <\/em><\/strong>Zur Festigung ihrer seit einem Jahr bestehenden Kooperation hat k\u00fcrzlich eine Delegation des Caritasverbandes f\u00fcr die Di\u00f6zese Fulda die Caritas im westukrainischen Iwano-Frankiwsk, etwa 120 Kilometer s\u00fcdlich von Lviv (Lemberg) besucht. Die Caritas Fulda unterst\u00fctzt die ukrainische Schwesterorganisation beim Aufbau eines Rehabilitationszentrums f\u00fcr jugendliche und junge erwachsene Menschen mit Behinderung. Ziel des Projektes ist es, den Betroffenen und ihren Familien Beratung und Betreuung zu bieten und f\u00fcr die Behinderten dar\u00fcber hinaus geeignete therapeutische Ma\u00dfnahmen, Arbeitspl\u00e4tze und Freizeitangebote bereit zu halten.<!--more--><\/p>\n<p>Die Besuchergruppe mit Caritasdirektor Dr. Markus Juch, dem Ressortleiter Behindertenhilfe Ernst-Paul Walter, Gesamtwerkst\u00e4ttenleiter Bernd Wystrach sowie der Referentin Altenhilfe Kristin Klinzing und Pressereferent Dr. Christian Scharf nutzte die Informationsreise in die Ukraine, um sich mit Caritasdirektor Pfarrer-Mitrat Wolodymyr Tschomij und Gesch\u00e4ftsf\u00fchrerin Natalia Kozakevych sowie dem gesamten Caritasteam in Iwano-Frankiwsk pers\u00f6nlich bekannt zu machen. Im Rahmen der Aufenthaltstage lernten die Fuldaer alle Mitarbeiter und auch die behinderten Menschen kennen und durften ihnen bei der Arbeit \u201e\u00fcber die Schulter\u201c schauen. In Gespr\u00e4chen konnte man Zielvorgabe und Methodik des Projektes nochmals abstimmen und genauer besprechen, in welchem Rahmen die Fuldaer die Caritasarbeit zum Wohle der behinderten Menschen \u00fcber finanzielle Zusch\u00fcsse hinaus unterst\u00fctzen k\u00f6nnen.<\/p>\n<p><a href=\"http:\/\/www.fuldaer-nachrichten.de\/wp-content\/uploads\/2010\/05\/100519_Anleitung.jpg\"><img decoding=\"async\" class=\"alignleft size-thumbnail wp-image-59952\" title=\"100519_Anleitung\" src=\"http:\/\/www.fuldaer-nachrichten.de\/wp-content\/uploads\/2010\/05\/100519_Anleitung-265x176.jpg\" alt=\"100519_Anleitung\" width=\"265\" height=\"176\" srcset=\"https:\/\/www.fuldaernachrichten.de\/wp-content\/uploads\/2010\/05\/100519_Anleitung-265x176.jpg 265w, https:\/\/www.fuldaernachrichten.de\/wp-content\/uploads\/2010\/05\/100519_Anleitung.jpg 592w\" sizes=\"(max-width: 265px) 100vw, 265px\" \/><\/a>So beschlossen die beiden Verb\u00e4nde auf fachlicher Ebene regelm\u00e4\u00dfig zu \u00c2\u00a0korrespondieren, um Ideen austauschen, und im Herbst soll eine Delegation aus der Ukraine die Fuldaer Werkst\u00e4tten bei einem gegenbesuch in Augenschein nehmen. Bei einem Zusammentreffen mit dem Ortsbischof der <a title=\"Ukrainische Griechisch-Katholische Kirche\" href=\"http:\/\/de.wikipedia.org\/wiki\/Ukrainische_Griechisch-Katholische_Kirche\">Ukrainischen Griechisch-Katholischen Kirche<\/a>, <a title=\"Volodymyr Viytyshyn (Seite nicht vorhanden)\" href=\"http:\/\/de.wikipedia.org\/w\/index.php?title=Volodymyr_Viytyshyn&amp;action=edit&amp;redlink=1\">Volodymyr Vijtysyn<\/a>, richtete Caritasdirektor Dr. Juch die Gr\u00fc\u00dfe von Heimatbischof Heinz Josef Algermissen aus und \u00fcbergab diverse mitgebrachte Rollst\u00fchle, Rollatoren sowie 1300 Euro. Dieser Betrag resultierte aus einer Kollekte, die bei der Rechtstr\u00e4ger-Tagung des Deutschen Caritasverbandes\u00c2\u00a0 2009 in Fulda gesammelt worden war, einer Weihnachtsaktion der Fuldaer Caritas-Mitarbeiter sowie einigen Einzelspenden. Das Geld wollen die Ukrainer f\u00fcr den weiteren technischen Ausbau der Holzwerkstatt einsetzen. Spenden f\u00fcr das Ukraine-Projekt sind online m\u00f6glich unter www.caritas-fulda.de: bitte unter Engagement Spendenziel \u201eBehindertenhillfe Ukraine\u201c\u00c2\u00a0 anklicken.<\/p>\n","protected":false},"excerpt":{"rendered":"<div class=\"tmnf_excerpt\"><p>Fulda. Zur Festigung ihrer seit einem Jahr bestehenden Kooperation hat k\u00fcrzlich eine Delegation des Caritasverbandes f\u00fcr die Di\u00f6zese Fulda die Caritas im westukrainischen Iwano-Frankiwsk, etwa 120 Kilometer s\u00fcdlich von Lviv (Lemberg) besucht. Die Caritas Fulda unterst\u00fctzt die ukrainische Schwesterorganisation beim Aufbau eines Rehabilitationszentrums f\u00fcr jugendliche und junge erwachsene Menschen mit Behinderung. Ziel des Projektes ist &hellip;<\/p>\n<\/div>","protected":false},"author":1,"featured_media":0,"comment_status":"closed","ping_status":"closed","sticky":false,"template":"","format":"standard","meta":{"footnotes":""},"categories":[1],"tags":[],"class_list":["post-59950","post","type-post","status-publish","format-standard","hentry","category-startseite"],"_links":{"self":[{"href":"https:\/\/www.fuldaernachrichten.de\/index.php?rest_route=\/wp\/v2\/posts\/59950","targetHints":{"allow":["GET"]}}],"collection":[{"href":"https:\/\/www.fuldaernachrichten.de\/index.php?rest_route=\/wp\/v2\/posts"}],"about":[{"href":"https:\/\/www.fuldaernachrichten.de\/index.php?rest_route=\/wp\/v2\/types\/post"}],"author":[{"embeddable":true,"href":"https:\/\/www.fuldaernachrichten.de\/index.php?rest_route=\/wp\/v2\/users\/1"}],"replies":[{"embeddable":true,"href":"https:\/\/www.fuldaernachrichten.de\/index.php?rest_route=%2Fwp%2Fv2%2Fcomments&post=59950"}],"version-history":[{"count":2,"href":"https:\/\/www.fuldaernachrichten.de\/index.php?rest_route=\/wp\/v2\/posts\/59950\/revisions"}],"predecessor-version":[{"id":59987,"href":"https:\/\/www.fuldaernachrichten.de\/index.php?rest_route=\/wp\/v2\/posts\/59950\/revisions\/59987"}],"wp:attachment":[{"href":"https:\/\/www.fuldaernachrichten.de\/index.php?rest_route=%2Fwp%2Fv2%2Fmedia&parent=59950"}],"wp:term":[{"taxonomy":"category","embeddable":true,"href":"https:\/\/www.fuldaernachrichten.de\/index.php?rest_route=%2Fwp%2Fv2%2Fcategories&post=59950"},{"taxonomy":"post_tag","embeddable":true,"href":"https:\/\/www.fuldaernachrichten.de\/index.php?rest_route=%2Fwp%2Fv2%2Ftags&post=59950"}],"curies":[{"name":"wp","href":"https:\/\/api.w.org\/{rel}","templated":true}]}}