{"id":59947,"date":"2010-05-20T03:29:01","date_gmt":"2010-05-20T01:29:01","guid":{"rendered":"http:\/\/www.fuldaer-nachrichten.de\/?p=59947"},"modified":"2010-05-19T17:29:26","modified_gmt":"2010-05-19T15:29:26","slug":"22-unternehmerforum-des-netzwerks-perspektiva","status":"publish","type":"post","link":"https:\/\/www.fuldaernachrichten.de\/?p=59947","title":{"rendered":"22. Unternehmerforum des Netzwerks Perspektiva"},"content":{"rendered":"<p><strong><a href=\"http:\/\/www.fuldaer-nachrichten.de\/wp-content\/uploads\/2010\/05\/100519_Perspektiva.jpg\"><img fetchpriority=\"high\" decoding=\"async\" class=\"alignleft size-thumbnail wp-image-59948\" title=\"100519_Perspektiva\" src=\"http:\/\/www.fuldaer-nachrichten.de\/wp-content\/uploads\/2010\/05\/100519_Perspektiva-265x199.jpg\" alt=\"100519_Perspektiva\" width=\"265\" height=\"199\" srcset=\"https:\/\/www.fuldaernachrichten.de\/wp-content\/uploads\/2010\/05\/100519_Perspektiva-265x199.jpg 265w, https:\/\/www.fuldaernachrichten.de\/wp-content\/uploads\/2010\/05\/100519_Perspektiva.jpg 592w\" sizes=\"(max-width: 265px) 100vw, 265px\" \/><\/a>Fulda. <\/strong> \u201eEs ist einmalig au\u00dfergew\u00f6hnlich in Deutschland, dass Unternehmer, mittlerweile sind es mehr als 60 in der Region, jungen Menschen Chancen auf einen Arbeitsplatz er\u00f6ffnen, damit sie ihre eigene Lebensplanung entwickeln k\u00f6nnen. Das ist unser gemeinsames Ziel, dass ist Perspektiva\u201c, so Gesch\u00e4ftsf\u00fchrer, Michael Becker zu Beginn des 22. Unternehmer-Forums auf dem Theresienhof. Als neues Unternehmen in der F\u00f6rdergemeinschaft begr\u00fc\u00dfte M. Becker die Metzgerei Robert M\u00fcller. Silvia Hillenbrand, ehemalige B\u00fcrgermeisterin von Gro\u00dfenl\u00fcder, m\u00f6chte in Zukunft ihre Beziehungen nutzen und in Gemeinden gehen, um B\u00fcrgermeister und Unternehmen f\u00fcr Perspektiva zu begeistern. \u201cIch bin ein Fan von Perspektiva. Das Geheimnis des Erfolgs von Perspektiva sind die Unternehmer und die Jugendlichen. Das ist beispielhaft.\u201c, so Hillenbrand die \u201eBotschafterin f\u00fcr Perspektiva\u201c.<!--more--><\/p>\n<p>Besonderen Grund zur Freude an diesem Tag hatte Bernhard Siegella. Er hat seine Qualifizierung erfolgreich durchlaufen und erhielt von der Firma Garten- und Landschaftsbau Huhn in Schl\u00fcchtern, einen Arbeitsvertrag ab 01. Mai 2010. C\u00f6lestin Huhn :\u201c Wir sind froh, Bernhard Siegella in unserer Arbeitsgemeinschaft zu haben. Meine Mitarbeiter rei\u00dfen sich darum, mit ihm zu arbeiten, da er ein emsiger Arbeiter ist.\u201c<\/p>\n<p>Klaus Schr\u00f6der, Inhaber der Spedition John GmbH und Gr\u00fcndungsmitglied von Perspektiva, verabschiedete sich von Perspektiva, da er sich beruflich zur\u00fcck ziehen m\u00f6chte. Rainer Sippel, Beiratsvorsitzender Perspektiva, bedankte sich von ganzem Herzen f\u00fcr das unerm\u00fcdliche Engagement von Klaus Schr\u00f6der \u00fcber die vielen Jahre und sein Mittun von der ersten Stunde an.<\/p>\n<p>Wie geht es mit den Jugendlichen weiter? Mit dieser Fragestellung wandte sich Michael Wi\u00dfler, Vorsitzender des Kuratoriums von Perspektiva, an die Unternehmer. Neue Ideen f\u00fcr Arbeitspl\u00e4tze werden entwickelt und in die Tat umgesetzt. Die neueste Idee ist das \u201eScheunentor \u2013 der Landladen auf dem Theresienhof\u201c. Hier werden Produkte aus der Region angeboten. \u201eWir m\u00fcssen neue Arbeitspl\u00e4tze f\u00fcr Jugendliche erschlie\u00dfen. Der Laden soll dies unterst\u00fctzen und ist f\u00fcr die Jugendlichen eine M\u00f6glichkeit der Erprobung und Erfahrung. Bereits vor der Wirtschaftskrise war die Lehrlingsknappheit absehbar. Aufgrund des demographischen Wandelns bin ich jedoch zuversichtlich, dass unsere Jugendlichen in Zukunft gefragte Arbeiter sein werden\u201c, so Wi\u00dfler.<\/p>\n","protected":false},"excerpt":{"rendered":"<div class=\"tmnf_excerpt\"><p>Fulda. \u201eEs ist einmalig au\u00dfergew\u00f6hnlich in Deutschland, dass Unternehmer, mittlerweile sind es mehr als 60 in der Region, jungen Menschen Chancen auf einen Arbeitsplatz er\u00f6ffnen, damit sie ihre eigene Lebensplanung entwickeln k\u00f6nnen. Das ist unser gemeinsames Ziel, dass ist Perspektiva\u201c, so Gesch\u00e4ftsf\u00fchrer, Michael Becker zu Beginn des 22. Unternehmer-Forums auf dem Theresienhof. Als neues Unternehmen &hellip;<\/p>\n<\/div>","protected":false},"author":1,"featured_media":0,"comment_status":"closed","ping_status":"closed","sticky":false,"template":"","format":"standard","meta":{"footnotes":""},"categories":[1,53],"tags":[],"class_list":["post-59947","post","type-post","status-publish","format-standard","hentry","category-startseite","category-bildung"],"_links":{"self":[{"href":"https:\/\/www.fuldaernachrichten.de\/index.php?rest_route=\/wp\/v2\/posts\/59947","targetHints":{"allow":["GET"]}}],"collection":[{"href":"https:\/\/www.fuldaernachrichten.de\/index.php?rest_route=\/wp\/v2\/posts"}],"about":[{"href":"https:\/\/www.fuldaernachrichten.de\/index.php?rest_route=\/wp\/v2\/types\/post"}],"author":[{"embeddable":true,"href":"https:\/\/www.fuldaernachrichten.de\/index.php?rest_route=\/wp\/v2\/users\/1"}],"replies":[{"embeddable":true,"href":"https:\/\/www.fuldaernachrichten.de\/index.php?rest_route=%2Fwp%2Fv2%2Fcomments&post=59947"}],"version-history":[{"count":2,"href":"https:\/\/www.fuldaernachrichten.de\/index.php?rest_route=\/wp\/v2\/posts\/59947\/revisions"}],"predecessor-version":[{"id":59999,"href":"https:\/\/www.fuldaernachrichten.de\/index.php?rest_route=\/wp\/v2\/posts\/59947\/revisions\/59999"}],"wp:attachment":[{"href":"https:\/\/www.fuldaernachrichten.de\/index.php?rest_route=%2Fwp%2Fv2%2Fmedia&parent=59947"}],"wp:term":[{"taxonomy":"category","embeddable":true,"href":"https:\/\/www.fuldaernachrichten.de\/index.php?rest_route=%2Fwp%2Fv2%2Fcategories&post=59947"},{"taxonomy":"post_tag","embeddable":true,"href":"https:\/\/www.fuldaernachrichten.de\/index.php?rest_route=%2Fwp%2Fv2%2Ftags&post=59947"}],"curies":[{"name":"wp","href":"https:\/\/api.w.org\/{rel}","templated":true}]}}