{"id":59910,"date":"2010-05-19T02:26:41","date_gmt":"2010-05-19T00:26:41","guid":{"rendered":"http:\/\/www.fuldaer-nachrichten.de\/?p=59910"},"modified":"2010-05-19T17:26:50","modified_gmt":"2010-05-19T15:26:50","slug":"9-kinder-und-jugendparlament-des-vogelsbergkreises-wird-gewaehlt","status":"publish","type":"post","link":"https:\/\/www.fuldaernachrichten.de\/?p=59910","title":{"rendered":"9. Kinder- und Jugendparlament des Vogelsbergkreises wird gew\u00e4hlt"},"content":{"rendered":"<p><strong>Vogelsbergkreis. <\/strong>Alle Jugendlichen des Vogelsbergkreises sind in dieser Woche vom 17. bis 21. Mai 2010 aufgerufen ihre Abgeordnete oder ihren Abgeordneten f\u00fcr die eigene Stadt oder Gemeinde in das 9. Kinder- und Jugendparlament des Vogelsbergkreises zu w\u00e4hlen. Die Wahldurchf\u00fchrung findet an den weiterf\u00fchrenden Schulen im Kreisgebiet statt. Einige Schulen organisieren spezielle Wahllokale, in denen alle ab der 7. Klasse bis zum 18. Lebensjahr zur Wahl gehen k\u00f6nnen und somit die Demokratie mitgestalten.<!--more--><\/p>\n<p>Insgesamt haben sich 58 Jugendliche aus allen St\u00e4dten und Gemeinden des Vogelsbergkreises f\u00fcr die Wahl aufstellen lassen. Dies zeigt das gro\u00dfe Interesse der jungen Generation an der politischen Mitgestaltung. Mit vielen Ideen gehen die Kandidatinnen und Kandidaten aus den 19 St\u00e4dten und Gemeinden des Kreises an den Start. Diese reichen unter anderem von der Neugestaltung des Spielplatzes im Dorf \u00fcber den Einsatz gegen Rechtsextremismus im Vogelsbergkreis und der Verbesserung des Zusammenlebens von Jung und Alt.<\/p>\n<p>Viele m\u00f6chten sich f\u00fcr ein gr\u00f6\u00dferes Mitspracherecht von Kindern und Jugendlichen einsetzen und allen gemein ist, dass sie mit ihrer Kandidatur f\u00fcr das Kinder- und Jugendparlament den ersten Schritt dahin machen. Nun liegt das Wahlergebnis in der Hand der jungen W\u00e4hlerInnen, die sich mit ihrer Stimme f\u00fcr die Zukunft des Vogelsbergkreises einsetzen.<\/p>\n<p>Das Kinder- und Jugendparlament wird in diesem Jahr bereits zum 9. Mal gew\u00e4hlt. Die erste Wahl fand im Mai des Jahres 1992 statt. Somit hat der Vogelsberg das erste Kinder- und Jugendparlament auf Kreisebene in Deutschland. Seit dieser Zeit haben sich die Abgeordneten immer wieder f\u00fcr die Interessen ihrer W\u00e4hler eingesetzt, Mitsprachem\u00f6glichkeiten erlangt und ihre St\u00e4dte und Gemeinden jugendgerecht gestaltet. Auch heute noch hat das Kinder- und Jugendparlament des Vogelsbergkreises Modellcharakter und wird immer wieder auch auf Landes-, Bundes- sowie Internationaler Ebene als Vorzeigemodell f\u00fcr die Beteiligung von Kindern und Jugendlichen erw\u00e4hnt und angefragt.<\/p>\n<p>Informationen zum Kinder- und Jugendparlament des Vogelsbergkreises sowie die zur Wahl stehenden Kandidaten gibt es auf <a href=\"http:\/\/www.kjp-vb.de \" target=\"_blank\">www.kjp-vb.de <\/a>oder beim Jugendbildungswerk des Vogelsbergkreises (06641\/ 977-440).<\/p>\n","protected":false},"excerpt":{"rendered":"<div class=\"tmnf_excerpt\"><p>Vogelsbergkreis. Alle Jugendlichen des Vogelsbergkreises sind in dieser Woche vom 17. bis 21. Mai 2010 aufgerufen ihre Abgeordnete oder ihren Abgeordneten f\u00fcr die eigene Stadt oder Gemeinde in das 9. Kinder- und Jugendparlament des Vogelsbergkreises zu w\u00e4hlen. Die Wahldurchf\u00fchrung findet an den weiterf\u00fchrenden Schulen im Kreisgebiet statt. Einige Schulen organisieren spezielle Wahllokale, in denen alle &hellip;<\/p>\n<\/div>","protected":false},"author":1,"featured_media":0,"comment_status":"closed","ping_status":"closed","sticky":false,"template":"","format":"standard","meta":{"footnotes":""},"categories":[1,72],"tags":[],"class_list":["post-59910","post","type-post","status-publish","format-standard","hentry","category-startseite","category-jugend"],"_links":{"self":[{"href":"https:\/\/www.fuldaernachrichten.de\/index.php?rest_route=\/wp\/v2\/posts\/59910","targetHints":{"allow":["GET"]}}],"collection":[{"href":"https:\/\/www.fuldaernachrichten.de\/index.php?rest_route=\/wp\/v2\/posts"}],"about":[{"href":"https:\/\/www.fuldaernachrichten.de\/index.php?rest_route=\/wp\/v2\/types\/post"}],"author":[{"embeddable":true,"href":"https:\/\/www.fuldaernachrichten.de\/index.php?rest_route=\/wp\/v2\/users\/1"}],"replies":[{"embeddable":true,"href":"https:\/\/www.fuldaernachrichten.de\/index.php?rest_route=%2Fwp%2Fv2%2Fcomments&post=59910"}],"version-history":[{"count":2,"href":"https:\/\/www.fuldaernachrichten.de\/index.php?rest_route=\/wp\/v2\/posts\/59910\/revisions"}],"predecessor-version":[{"id":59993,"href":"https:\/\/www.fuldaernachrichten.de\/index.php?rest_route=\/wp\/v2\/posts\/59910\/revisions\/59993"}],"wp:attachment":[{"href":"https:\/\/www.fuldaernachrichten.de\/index.php?rest_route=%2Fwp%2Fv2%2Fmedia&parent=59910"}],"wp:term":[{"taxonomy":"category","embeddable":true,"href":"https:\/\/www.fuldaernachrichten.de\/index.php?rest_route=%2Fwp%2Fv2%2Fcategories&post=59910"},{"taxonomy":"post_tag","embeddable":true,"href":"https:\/\/www.fuldaernachrichten.de\/index.php?rest_route=%2Fwp%2Fv2%2Ftags&post=59910"}],"curies":[{"name":"wp","href":"https:\/\/api.w.org\/{rel}","templated":true}]}}