{"id":599,"date":"2007-01-03T13:53:57","date_gmt":"2007-01-03T12:53:57","guid":{"rendered":"http:\/\/www.schoene-nachrichten.de\/?p=599"},"modified":"2007-01-09T16:10:39","modified_gmt":"2007-01-09T15:10:39","slug":"arbeitslosenzahlen-auch-im-dezember-leicht-gesunken-agenturbezirk-fulda-an-erster-stelle-im-hessenvergleich","status":"publish","type":"post","link":"https:\/\/www.fuldaernachrichten.de\/?p=599","title":{"rendered":"Arbeitslosenzahlen auch im Dezember leicht gesunken &#8211; Agenturbezirk Fulda an erster Stelle im Hessenvergleich"},"content":{"rendered":"<p><strong>Sch\u00f6nes aus Fulda.<\/strong> \u00dcber eine \u201esensationelle Entwicklung\u201c des regionalen Arbeitsmarktes in 2006 freut sich Waldemar Dombrowski, Chef der Arbeitsagentur Fulda. Im Jahresdurchschnitt verzeichnete der Bezirk Fulda 7.413 Arbeitslose. Das entspricht laut Dombrowski einer Quote von 6,9 Prozent. Der Durchschnittswert f\u00fcr Hessen liegt bei 9,2 Prozent. \u201eDamit rangiert der Agenturbezirk Fulda an erster Stelle im Hessenvergleich\u201c, so Dombrowski. Und auch im Dezember 2006 sind die Arbeitslosenzahlen mit 0,8 Prozent nochmals leicht zur\u00fcckgegangen.<\/p>\n<p>\u00c2\u00a0<\/p>\n<p><a title=\"Grafik: Agentur f\u00fcr Arbeit\" href=\"http:\/\/www.schoene-nachrichten.de\/wp-content\/uploads\/2007\/01\/070103_aa_01.jpg\" target=\"_blank\"><img decoding=\"async\" id=\"image600\" height=\"85\" alt=\"070103_aa_01.jpg\" src=\"http:\/\/www.schoene-nachrichten.de\/wp-content\/uploads\/2007\/01\/070103_aa_01.thumbnail.jpg\" \/><\/a>\u00c2\u00a0<a title=\"Grafik: Agentur f\u00fcr Arbeit\" href=\"http:\/\/www.schoene-nachrichten.de\/wp-content\/uploads\/2007\/01\/070103_aa_02.jpg\" target=\"_blank\"><img decoding=\"async\" id=\"image601\" height=\"85\" alt=\"070103_aa_02.jpg\" src=\"http:\/\/www.schoene-nachrichten.de\/wp-content\/uploads\/2007\/01\/070103_aa_02.thumbnail.jpg\" \/><\/a><\/p>\n<p>\u00c2\u00a0<\/p>\n<p><!--more-->Laut\u00c2\u00a0Arbeitsmarktreport\u00c2\u00a0waren im letzten Monat des vergangenen Jahres 6.245 M\u00e4nner und Frauen arbeitslos gemeldet. Das entspricht einer Quote von 5,8 Prozent. Der Hessenwert liegt bei 8,1 Prozent. Im Dezember 2005 waren im Arbeitsmarktbezirk Fulda noch \u00fcber 1.400 Arbeitslose mehr gez\u00e4hlt worden. Dombrowski begr\u00fcndet den deutlichen R\u00fcckgang mit dem positiven konjunkturellen Verlauf sowie mit der\u00c2\u00a0anhaltend milden Witterung.<\/p>\n<p>\u00c2\u00a0<\/p>\n<p>Wie der Agenturchef weiter mitteilte, konnte ein R\u00fcckgang der Arbeitslosigkeit sowohl bei j\u00fcngeren Arbeitslosen als auch bei Arbeitslosen \u00fcber 50 Jahre sowie ausl\u00e4ndischen Arbeitslosen verzeichnet werden. Diese Entwicklung f\u00fchrt Dombrowski neben der normalen Marktentwicklung auch auf die erfolgreichen Integrationsbem\u00fchungen und Qualifizierungsma\u00dfnahmen der Agentur f\u00fcr Arbeit und des Amtes f\u00fcr Arbeit und Soziales zur\u00fcck. Auch die Zahl unversorgter Bewerberinnen und Bewerber h\u00e4tte im letzten Quartal des Jahres 2006 von 90 auf 33 gesenkt werden k\u00f6nnen.<br \/>\nDer Agenturchef dankte allen Unternehmen und Organisationen f\u00fcr ihren Beitrag zu dem sehr guten Ergebnis. Dombrowski geht davon aus, dass die positive Entwicklung auch im ersten Halbjahr 2007 anhalten wird.<\/p>\n","protected":false},"excerpt":{"rendered":"<div class=\"tmnf_excerpt\"><p>Sch\u00f6nes aus Fulda. \u00dcber eine \u201esensationelle Entwicklung\u201c des regionalen Arbeitsmarktes in 2006 freut sich Waldemar Dombrowski, Chef der Arbeitsagentur Fulda. Im Jahresdurchschnitt verzeichnete der Bezirk Fulda 7.413 Arbeitslose. Das entspricht laut Dombrowski einer Quote von 6,9 Prozent. Der Durchschnittswert f\u00fcr Hessen liegt bei 9,2 Prozent. \u201eDamit rangiert der Agenturbezirk Fulda an erster Stelle im Hessenvergleich\u201c, &hellip;<\/p>\n<\/div>","protected":false},"author":1,"featured_media":0,"comment_status":"closed","ping_status":"closed","sticky":false,"template":"","format":"standard","meta":{"footnotes":""},"categories":[1,29],"tags":[],"class_list":["post-599","post","type-post","status-publish","format-standard","hentry","category-startseite","category-politik"],"_links":{"self":[{"href":"https:\/\/www.fuldaernachrichten.de\/index.php?rest_route=\/wp\/v2\/posts\/599","targetHints":{"allow":["GET"]}}],"collection":[{"href":"https:\/\/www.fuldaernachrichten.de\/index.php?rest_route=\/wp\/v2\/posts"}],"about":[{"href":"https:\/\/www.fuldaernachrichten.de\/index.php?rest_route=\/wp\/v2\/types\/post"}],"author":[{"embeddable":true,"href":"https:\/\/www.fuldaernachrichten.de\/index.php?rest_route=\/wp\/v2\/users\/1"}],"replies":[{"embeddable":true,"href":"https:\/\/www.fuldaernachrichten.de\/index.php?rest_route=%2Fwp%2Fv2%2Fcomments&post=599"}],"version-history":[{"count":0,"href":"https:\/\/www.fuldaernachrichten.de\/index.php?rest_route=\/wp\/v2\/posts\/599\/revisions"}],"wp:attachment":[{"href":"https:\/\/www.fuldaernachrichten.de\/index.php?rest_route=%2Fwp%2Fv2%2Fmedia&parent=599"}],"wp:term":[{"taxonomy":"category","embeddable":true,"href":"https:\/\/www.fuldaernachrichten.de\/index.php?rest_route=%2Fwp%2Fv2%2Fcategories&post=599"},{"taxonomy":"post_tag","embeddable":true,"href":"https:\/\/www.fuldaernachrichten.de\/index.php?rest_route=%2Fwp%2Fv2%2Ftags&post=599"}],"curies":[{"name":"wp","href":"https:\/\/api.w.org\/{rel}","templated":true}]}}