{"id":59895,"date":"2010-05-20T03:25:59","date_gmt":"2010-05-20T01:25:59","guid":{"rendered":"http:\/\/www.fuldaer-nachrichten.de\/?p=59895"},"modified":"2010-05-19T17:26:30","modified_gmt":"2010-05-19T15:26:30","slug":"einweihung-der-krabbelstube-im-palais","status":"publish","type":"post","link":"https:\/\/www.fuldaernachrichten.de\/?p=59895","title":{"rendered":"Einweihung der \u201eKrabbelstube im Palais\u201c"},"content":{"rendered":"<p><strong><a href=\"http:\/\/www.fuldaer-nachrichten.de\/wp-content\/uploads\/2010\/05\/100519_Krabbelstube.jpg\"><img fetchpriority=\"high\" decoding=\"async\" class=\"alignleft size-thumbnail wp-image-59896\" title=\"100519_Krabbelstube\" src=\"http:\/\/www.fuldaer-nachrichten.de\/wp-content\/uploads\/2010\/05\/100519_Krabbelstube-265x198.jpg\" alt=\"100519_Krabbelstube\" width=\"265\" height=\"198\" srcset=\"https:\/\/www.fuldaernachrichten.de\/wp-content\/uploads\/2010\/05\/100519_Krabbelstube-265x198.jpg 265w, https:\/\/www.fuldaernachrichten.de\/wp-content\/uploads\/2010\/05\/100519_Krabbelstube.jpg 592w\" sizes=\"(max-width: 265px) 100vw, 265px\" \/><\/a>Fulda. <\/strong>B\u00e4llebad, Seifenblasen und Malwand \u2013 bei der Er\u00f6ffnung der \u201eKrabbelstube im Palais\u201c in den klassizistischen R\u00e4umen des Palais Buseck erfreuten sich die Kleinsten an den zahlreichen Spielangeboten. Auch die zahlreichen erwachsenen G\u00e4ste feierten diesen Anlass bei Sonnenschein und lie\u00dfen sich im Garten nieder. Im Herbst letzten Jahres wurde der FreiRaum\u00c2\u00a0e.V. aus einer Eltern-, P\u00e4dagoginnen- und P\u00e4dagogeninitiative gegr\u00fcndet, um als freier Tr\u00e4gerverein eine Kindertageseinrichtung f\u00fcr unter 3j\u00e4hrige zu schaffen. \u201eDiese Einrichtung ist eine besondere Bereicherung f\u00fcr das Betreuungsangebot im Elementarbereich der Stadt Fulda\u201c, erkl\u00e4rte Oberb\u00fcrgermeister Gerhard M\u00f6ller. Besonders freue er sich \u00fcber die N\u00e4he der Krabbelstube zum Fuldaer Stadtschloss.<!--more--><\/p>\n<p><strong>Die R\u00e4umlichkeiten<\/strong><\/p>\n<p>Die R\u00e4umlichkeiten des Palais Buseck im Herzen Fuldas waren f\u00fcr dieses Unterfangen wie geschaffen. Dienten sie doch bereits vor \u00fcber 100 Jahren protestantischen Stiftsdamen als \u201eKinderbewahranstalt\u201c. Heute stehen den Kindern ein Gruppenraum, ein gem\u00fctlicher Schlafraum und die \u201eWirkstatt\u201c \u2013 ein Atelier, welches auf die Bed\u00fcrfnisse der unter Dreij\u00e4hrigen eingeht \u2013 zum Spielen und Entdecken zur Verf\u00fcgung. Das freundliche Foyer, die K\u00fcche, ein B\u00fcro und ein kindgerechtes Bad komplettieren die Einrichtung. Der hohe finanzielle Aufwand f\u00fcr den Um- und Ausbau der R\u00e4umlichkeiten wird zu 90% \u00fcber staatliche Mittel (Bundesinvestitionsprogramm) gedeckt. 10% m\u00fcssen vom Verein selbst gestellt werden.<\/p>\n<p><strong>Betreuungspl\u00e4tze<\/strong><\/p>\n<p><a href=\"http:\/\/www.fuldaer-nachrichten.de\/wp-content\/uploads\/2010\/05\/100519_Krabbelstube2.jpg\"><img decoding=\"async\" class=\"alignnone size-thumbnail wp-image-59897\" title=\"100519_Krabbelstube2\" src=\"http:\/\/www.fuldaer-nachrichten.de\/wp-content\/uploads\/2010\/05\/100519_Krabbelstube2-265x198.jpg\" alt=\"100519_Krabbelstube2\" width=\"265\" height=\"198\" srcset=\"https:\/\/www.fuldaernachrichten.de\/wp-content\/uploads\/2010\/05\/100519_Krabbelstube2-265x198.jpg 265w, https:\/\/www.fuldaernachrichten.de\/wp-content\/uploads\/2010\/05\/100519_Krabbelstube2.jpg 592w\" sizes=\"(max-width: 265px) 100vw, 265px\" \/><\/a> <a href=\"http:\/\/www.fuldaer-nachrichten.de\/wp-content\/uploads\/2010\/05\/100519_Krabbelstube3.jpg\"><img decoding=\"async\" class=\"alignnone size-thumbnail wp-image-59898\" title=\"100519_Krabbelstube3\" src=\"http:\/\/www.fuldaer-nachrichten.de\/wp-content\/uploads\/2010\/05\/100519_Krabbelstube3-265x198.jpg\" alt=\"100519_Krabbelstube3\" width=\"265\" height=\"198\" srcset=\"https:\/\/www.fuldaernachrichten.de\/wp-content\/uploads\/2010\/05\/100519_Krabbelstube3-265x198.jpg 265w, https:\/\/www.fuldaernachrichten.de\/wp-content\/uploads\/2010\/05\/100519_Krabbelstube3.jpg 592w\" sizes=\"(max-width: 265px) 100vw, 265px\" \/><\/a><\/p>\n<p>Seit 01. M\u00e4rz werden die ersten Kinder vom p\u00e4dagogischen Fachpersonal unter der Leitung der Atelier- und Werkstattp\u00e4dagogin Inga Tappenbeck t\u00e4glich in der Zeit von 07:30 bis 15:00 Uhr betreut. Bis heute sind insgesamt sechs Kinder eingew\u00f6hnt, weitere sind vorgemerkt. Derzeit gibt es aber auch noch freie Betreuungspl\u00e4tze. Laut Frank Herrlich, dem 2. Vorsitzenden des FreiRaum e.V., m\u00f6chte der Verein k\u00fcnftig sein Angebot im p\u00e4dagogischen, k\u00fcnstlerischen und musischen Bereich f\u00fcr alle Altersgruppen erweitern. Doch soll diese Entfaltung in Ruhe angegangen werden, um den Kern der Arbeit, n\u00e4mlich eine ad\u00e4quate Kinderbetreuung, nicht aus den Augen zu verlieren.<\/p>\n<p><strong>Anmeldung und Informationen<\/strong><\/p>\n<p>Die Krabbelstube im Palais betreut insgesamt zehn Kinder im Alter von 1 bis 3 Jahren, Montag bis Freitag in der Zeit von 07:30 bis 15:00 Uhr. Weitere Informationen zur Anmeldung und Besichtigung erhalten Sie unter Telefon 0661 &#8211; 291 99 357, per eMail unter info@FreiRaum-eV.de oder per Vormerkbogen im Internet <a href=\"http:\/\/www.FreiRaum-eV.de\" target=\"_blank\">www.FreiRaum-eV.de<\/a>. (cp)<\/p>\n","protected":false},"excerpt":{"rendered":"<div class=\"tmnf_excerpt\"><p>Fulda. B\u00e4llebad, Seifenblasen und Malwand \u2013 bei der Er\u00f6ffnung der \u201eKrabbelstube im Palais\u201c in den klassizistischen R\u00e4umen des Palais Buseck erfreuten sich die Kleinsten an den zahlreichen Spielangeboten. Auch die zahlreichen erwachsenen G\u00e4ste feierten diesen Anlass bei Sonnenschein und lie\u00dfen sich im Garten nieder. Im Herbst letzten Jahres wurde der FreiRaum\u00c2\u00a0e.V. aus einer Eltern-, P\u00e4dagoginnen- &hellip;<\/p>\n<\/div>","protected":false},"author":1,"featured_media":0,"comment_status":"closed","ping_status":"closed","sticky":false,"template":"","format":"standard","meta":{"footnotes":""},"categories":[1,72],"tags":[],"class_list":["post-59895","post","type-post","status-publish","format-standard","hentry","category-startseite","category-jugend"],"_links":{"self":[{"href":"https:\/\/www.fuldaernachrichten.de\/index.php?rest_route=\/wp\/v2\/posts\/59895","targetHints":{"allow":["GET"]}}],"collection":[{"href":"https:\/\/www.fuldaernachrichten.de\/index.php?rest_route=\/wp\/v2\/posts"}],"about":[{"href":"https:\/\/www.fuldaernachrichten.de\/index.php?rest_route=\/wp\/v2\/types\/post"}],"author":[{"embeddable":true,"href":"https:\/\/www.fuldaernachrichten.de\/index.php?rest_route=\/wp\/v2\/users\/1"}],"replies":[{"embeddable":true,"href":"https:\/\/www.fuldaernachrichten.de\/index.php?rest_route=%2Fwp%2Fv2%2Fcomments&post=59895"}],"version-history":[{"count":2,"href":"https:\/\/www.fuldaernachrichten.de\/index.php?rest_route=\/wp\/v2\/posts\/59895\/revisions"}],"predecessor-version":[{"id":59992,"href":"https:\/\/www.fuldaernachrichten.de\/index.php?rest_route=\/wp\/v2\/posts\/59895\/revisions\/59992"}],"wp:attachment":[{"href":"https:\/\/www.fuldaernachrichten.de\/index.php?rest_route=%2Fwp%2Fv2%2Fmedia&parent=59895"}],"wp:term":[{"taxonomy":"category","embeddable":true,"href":"https:\/\/www.fuldaernachrichten.de\/index.php?rest_route=%2Fwp%2Fv2%2Fcategories&post=59895"},{"taxonomy":"post_tag","embeddable":true,"href":"https:\/\/www.fuldaernachrichten.de\/index.php?rest_route=%2Fwp%2Fv2%2Ftags&post=59895"}],"curies":[{"name":"wp","href":"https:\/\/api.w.org\/{rel}","templated":true}]}}