{"id":59837,"date":"2010-05-20T02:33:54","date_gmt":"2010-05-20T00:33:54","guid":{"rendered":"http:\/\/www.fuldaer-nachrichten.de\/?p=59837"},"modified":"2010-05-19T17:34:06","modified_gmt":"2010-05-19T15:34:06","slug":"farbenfrohe-aquarellausstellung-im-groenhoff-haus","status":"publish","type":"post","link":"https:\/\/www.fuldaernachrichten.de\/?p=59837","title":{"rendered":"Farbenfrohe Aquarellausstellung im Groenhoff-Haus"},"content":{"rendered":"<p><strong><a href=\"http:\/\/www.fuldaer-nachrichten.de\/wp-content\/uploads\/2010\/05\/100519_Wiesbaden.jpg\"><img decoding=\"async\" class=\"alignleft size-thumbnail wp-image-59838\" title=\"100519_Wiesbaden\" src=\"http:\/\/www.fuldaer-nachrichten.de\/wp-content\/uploads\/2010\/05\/100519_Wiesbaden-265x147.jpg\" alt=\"100519_Wiesbaden\" width=\"265\" height=\"147\" srcset=\"https:\/\/www.fuldaernachrichten.de\/wp-content\/uploads\/2010\/05\/100519_Wiesbaden-265x147.jpg 265w, https:\/\/www.fuldaernachrichten.de\/wp-content\/uploads\/2010\/05\/100519_Wiesbaden.jpg 592w\" sizes=\"(max-width: 265px) 100vw, 265px\" \/><\/a>Rh\u00f6n. <\/strong>Bis Ende Juni pr\u00e4sentiert das Informationszentrum des Biosph\u00e4renreservats Rh\u00f6n im Groenhoff-Haus Wasserkuppe die Gem\u00e4ldeausstellung \u201eUnd kennst Du herrliche Rh\u00f6n noch nicht?\u201c von Maria-Ursula Diwischek. Rund 40 anspruchsvolle Originale, welche meist die Landschaft der Rh\u00f6n, ihre Geb\u00e4ude und Berglandschaft widerspiegeln, aber auch Tier- und Pflanzenportr\u00e4ts werden pr\u00e4sentiert. Die K\u00fcnstlerin ist in Fulda geboren und aufgewachsen und hat hier ihr Abitur und eine Ausbildung gemacht. Nach dem Studium an der Universit\u00e4t Darmstadt war sie in M\u00fcnchen berufst\u00e4tig und lebt inzwischen seit vielen Jahren mit ihrer Familie in Hildesheim. Die Rh\u00f6n hat die Malerin allerdings nie losgelassen. Immer wieder ist sie, nicht nur bei Verwandtenbesuchen, sondern auch zum Malen und Wandern in der Rh\u00f6n.<!--more--><\/p>\n<p><a href=\"http:\/\/www.fuldaer-nachrichten.de\/wp-content\/uploads\/2010\/05\/100519_Wiesbaden2.jpg\"><img decoding=\"async\" class=\"alignleft size-thumbnail wp-image-59839\" title=\"100519_Wiesbaden2\" src=\"http:\/\/www.fuldaer-nachrichten.de\/wp-content\/uploads\/2010\/05\/100519_Wiesbaden2-265x175.jpg\" alt=\"100519_Wiesbaden2\" width=\"265\" height=\"175\" srcset=\"https:\/\/www.fuldaernachrichten.de\/wp-content\/uploads\/2010\/05\/100519_Wiesbaden2-265x175.jpg 265w, https:\/\/www.fuldaernachrichten.de\/wp-content\/uploads\/2010\/05\/100519_Wiesbaden2.jpg 592w\" sizes=\"(max-width: 265px) 100vw, 265px\" \/><\/a>Frau Diwischek beschreibt ihre technisch anspruchsvollen Aquarelle als gegenst\u00e4ndlich und farbenfroh. Es ist ihr ein besonderes Anliegen, auf die Sch\u00f6nheiten der Natur aufmerksam zu machen und den Blick daf\u00fcr zu sch\u00e4rfen. Martin Kremer, Biosph\u00e4renreservat Rh\u00f6n, dankte der K\u00fcnstlerin im Rahmen der Vernissage f\u00fcr die Bereitstellung der eindrucksvollen Gem\u00e4lde.<\/p>\n","protected":false},"excerpt":{"rendered":"<div class=\"tmnf_excerpt\"><p>Rh\u00f6n. Bis Ende Juni pr\u00e4sentiert das Informationszentrum des Biosph\u00e4renreservats Rh\u00f6n im Groenhoff-Haus Wasserkuppe die Gem\u00e4ldeausstellung \u201eUnd kennst Du herrliche Rh\u00f6n noch nicht?\u201c von Maria-Ursula Diwischek. Rund 40 anspruchsvolle Originale, welche meist die Landschaft der Rh\u00f6n, ihre Geb\u00e4ude und Berglandschaft widerspiegeln, aber auch Tier- und Pflanzenportr\u00e4ts werden pr\u00e4sentiert. Die K\u00fcnstlerin ist in Fulda geboren und aufgewachsen &hellip;<\/p>\n<\/div>","protected":false},"author":1,"featured_media":0,"comment_status":"closed","ping_status":"closed","sticky":false,"template":"","format":"standard","meta":{"footnotes":""},"categories":[1,44],"tags":[],"class_list":["post-59837","post","type-post","status-publish","format-standard","hentry","category-startseite","category-kultur"],"_links":{"self":[{"href":"https:\/\/www.fuldaernachrichten.de\/index.php?rest_route=\/wp\/v2\/posts\/59837","targetHints":{"allow":["GET"]}}],"collection":[{"href":"https:\/\/www.fuldaernachrichten.de\/index.php?rest_route=\/wp\/v2\/posts"}],"about":[{"href":"https:\/\/www.fuldaernachrichten.de\/index.php?rest_route=\/wp\/v2\/types\/post"}],"author":[{"embeddable":true,"href":"https:\/\/www.fuldaernachrichten.de\/index.php?rest_route=\/wp\/v2\/users\/1"}],"replies":[{"embeddable":true,"href":"https:\/\/www.fuldaernachrichten.de\/index.php?rest_route=%2Fwp%2Fv2%2Fcomments&post=59837"}],"version-history":[{"count":6,"href":"https:\/\/www.fuldaernachrichten.de\/index.php?rest_route=\/wp\/v2\/posts\/59837\/revisions"}],"predecessor-version":[{"id":60008,"href":"https:\/\/www.fuldaernachrichten.de\/index.php?rest_route=\/wp\/v2\/posts\/59837\/revisions\/60008"}],"wp:attachment":[{"href":"https:\/\/www.fuldaernachrichten.de\/index.php?rest_route=%2Fwp%2Fv2%2Fmedia&parent=59837"}],"wp:term":[{"taxonomy":"category","embeddable":true,"href":"https:\/\/www.fuldaernachrichten.de\/index.php?rest_route=%2Fwp%2Fv2%2Fcategories&post=59837"},{"taxonomy":"post_tag","embeddable":true,"href":"https:\/\/www.fuldaernachrichten.de\/index.php?rest_route=%2Fwp%2Fv2%2Ftags&post=59837"}],"curies":[{"name":"wp","href":"https:\/\/api.w.org\/{rel}","templated":true}]}}