{"id":598,"date":"2007-01-08T21:15:34","date_gmt":"2007-01-08T20:15:34","guid":{"rendered":"http:\/\/www.schoene-nachrichten.de\/?p=598"},"modified":"2007-01-12T02:17:13","modified_gmt":"2007-01-12T01:17:13","slug":"eucharistiefeier-in-der-bonifatiusgruft-mit-weihbischof-kapp","status":"publish","type":"post","link":"https:\/\/www.fuldaernachrichten.de\/?p=598","title":{"rendered":"Eucharistiefeier in der Bonifatiusgruft mit Weihbischof Kapp"},"content":{"rendered":"<p><strong>Sch\u00f6nes aus Fulda.<\/strong> Im Rahmen einer Eucharistiefeier in der Krypta des Fuldaer Domes (Bonifatiusgruft) hat Weihbischof Johannes Kapp heute die Theologiestudenten Holger Heil (Petersberg-Steinhaus), J\u00fcrgen Kempf (Zella) und Andreas Sch\u00f6tt (Dermbach) unter die Kandidaten f\u00fcr Diakonat und Presbyterat aufgenommen. Vier M\u00e4nner wurden unter die Kandidaten f\u00fcr den St\u00e4ndigen Diakonat aufgenommen: Markus Agricola (Kirchhain), Godehard Grammel (K\u00fcnzell-Pilgerzell), Roland Nink (Flieden-Buchrod) und Michael Harth (Freigericht-Neuses).<\/p>\n<p>\u00c2\u00a0<\/p>\n<p>Fotos (10): Max Colin Heydenreich<\/p>\n<p>\u00c2\u00a0<\/p>\n<p><a title=\"Foto: Max Colin Heydenreich\" href=\"http:\/\/www.schoene-nachrichten.de\/wp-content\/uploads\/2007\/01\/070109_dom_07.jpg\" target=\"_blank\"><img decoding=\"async\" id=\"image663\" height=\"85\" alt=\"070109_dom_07.jpg\" src=\"http:\/\/www.schoene-nachrichten.de\/wp-content\/uploads\/2007\/01\/070109_dom_07.thumbnail.jpg\" \/><\/a> <a title=\"Foto: Max Colin Heydenreich\" href=\"http:\/\/www.schoene-nachrichten.de\/wp-content\/uploads\/2007\/01\/070109_dom_10.jpg\" target=\"_blank\"><img decoding=\"async\" id=\"image666\" height=\"85\" alt=\"070109_dom_10.jpg\" src=\"http:\/\/www.schoene-nachrichten.de\/wp-content\/uploads\/2007\/01\/070109_dom_10.thumbnail.jpg\" \/><\/a>\u00c2\u00a0<a title=\"Foto: Max Colin Heydenreich\" href=\"http:\/\/www.schoene-nachrichten.de\/wp-content\/uploads\/2007\/01\/070109_dom_09.jpg\" target=\"_blank\"><img decoding=\"async\" id=\"image665\" height=\"85\" alt=\"070109_dom_09.jpg\" src=\"http:\/\/www.schoene-nachrichten.de\/wp-content\/uploads\/2007\/01\/070109_dom_09.thumbnail.jpg\" \/><\/a><\/p>\n<p><a title=\"Foto: Max Colin Heydenreich\" href=\"http:\/\/www.schoene-nachrichten.de\/wp-content\/uploads\/2007\/01\/070109_dom_01.jpg\" target=\"_blank\"><img decoding=\"async\" id=\"image657\" height=\"85\" alt=\"070109_dom_01.jpg\" src=\"http:\/\/www.schoene-nachrichten.de\/wp-content\/uploads\/2007\/01\/070109_dom_01.thumbnail.jpg\" \/><\/a>\u00c2\u00a0<a title=\"Foto: Max Colin Heydenreich\" href=\"http:\/\/www.schoene-nachrichten.de\/wp-content\/uploads\/2007\/01\/070109_dom_03.jpg\" target=\"_blank\"><img decoding=\"async\" id=\"image659\" height=\"85\" alt=\"070109_dom_03.jpg\" src=\"http:\/\/www.schoene-nachrichten.de\/wp-content\/uploads\/2007\/01\/070109_dom_03.thumbnail.jpg\" \/><\/a> <a title=\"Foto: Max Colin Heydenreich\" href=\"http:\/\/www.schoene-nachrichten.de\/wp-content\/uploads\/2007\/01\/070109_dom_04.jpg\" target=\"_blank\"><img decoding=\"async\" id=\"image660\" height=\"85\" alt=\"070109_dom_04.jpg\" src=\"http:\/\/www.schoene-nachrichten.de\/wp-content\/uploads\/2007\/01\/070109_dom_04.thumbnail.jpg\" \/><\/a><\/p>\n<p>\u00c2\u00a0<\/p>\n<p><!--more-->Hintergrund: Eucharistie = Danksagung. Die Eucharistiefeier ist das Zentrum der heiligen Messe, in dem sich die Gl\u00e4ubigen durch die heilige Kommunion Leben und Sterben Christi vergegenw\u00e4rtigen. Es geh\u00f6rt mit der Taufe zu den wichtigen Sakramenten. Mitte und Herzst\u00fcck der Feier ist das gro\u00dfe Lob- und Dankgebet, das eucharistische Hochgebet. In ihm preist die versammelte Gemeinschaft die Gr\u00f6\u00dfe und die Herrlichkeit Gottes.<\/p>\n<p>\u00c2\u00a0<\/p>\n<p><a title=\"Foto: Max Colin Heydenreich\" href=\"http:\/\/www.schoene-nachrichten.de\/wp-content\/uploads\/2007\/01\/070109_dom_05.jpg\" target=\"_blank\"><img decoding=\"async\" id=\"image661\" height=\"85\" alt=\"070109_dom_05.jpg\" src=\"http:\/\/www.schoene-nachrichten.de\/wp-content\/uploads\/2007\/01\/070109_dom_05.thumbnail.jpg\" \/><\/a> <a title=\"Foto: Max Colin Heydenreich\" href=\"http:\/\/www.schoene-nachrichten.de\/wp-content\/uploads\/2007\/01\/070109_dom_02.jpg\" target=\"_blank\"><img decoding=\"async\" id=\"image658\" height=\"85\" alt=\"070109_dom_02.jpg\" src=\"http:\/\/www.schoene-nachrichten.de\/wp-content\/uploads\/2007\/01\/070109_dom_02.thumbnail.jpg\" \/><\/a>\u00c2\u00a0<a title=\"Foto: Max Colin Heydenreich\" href=\"http:\/\/www.schoene-nachrichten.de\/wp-content\/uploads\/2007\/01\/070109_dom_06.jpg\" target=\"_blank\"><img decoding=\"async\" id=\"image662\" height=\"85\" alt=\"070109_dom_06.jpg\" src=\"http:\/\/www.schoene-nachrichten.de\/wp-content\/uploads\/2007\/01\/070109_dom_06.thumbnail.jpg\" \/><\/a><\/p>\n<p>\u00c2\u00a0<\/p>\n","protected":false},"excerpt":{"rendered":"<div class=\"tmnf_excerpt\"><p>Sch\u00f6nes aus Fulda. Im Rahmen einer Eucharistiefeier in der Krypta des Fuldaer Domes (Bonifatiusgruft) hat Weihbischof Johannes Kapp heute die Theologiestudenten Holger Heil (Petersberg-Steinhaus), J\u00fcrgen Kempf (Zella) und Andreas Sch\u00f6tt (Dermbach) unter die Kandidaten f\u00fcr Diakonat und Presbyterat aufgenommen. Vier M\u00e4nner wurden unter die Kandidaten f\u00fcr den St\u00e4ndigen Diakonat aufgenommen: Markus Agricola (Kirchhain), Godehard Grammel &hellip;<\/p>\n<\/div>","protected":false},"author":1,"featured_media":0,"comment_status":"closed","ping_status":"closed","sticky":false,"template":"","format":"standard","meta":{"footnotes":""},"categories":[1,54,50],"tags":[],"class_list":["post-598","post","type-post","status-publish","format-standard","hentry","category-startseite","category-bildergalerien","category-kirche"],"_links":{"self":[{"href":"https:\/\/www.fuldaernachrichten.de\/index.php?rest_route=\/wp\/v2\/posts\/598","targetHints":{"allow":["GET"]}}],"collection":[{"href":"https:\/\/www.fuldaernachrichten.de\/index.php?rest_route=\/wp\/v2\/posts"}],"about":[{"href":"https:\/\/www.fuldaernachrichten.de\/index.php?rest_route=\/wp\/v2\/types\/post"}],"author":[{"embeddable":true,"href":"https:\/\/www.fuldaernachrichten.de\/index.php?rest_route=\/wp\/v2\/users\/1"}],"replies":[{"embeddable":true,"href":"https:\/\/www.fuldaernachrichten.de\/index.php?rest_route=%2Fwp%2Fv2%2Fcomments&post=598"}],"version-history":[{"count":0,"href":"https:\/\/www.fuldaernachrichten.de\/index.php?rest_route=\/wp\/v2\/posts\/598\/revisions"}],"wp:attachment":[{"href":"https:\/\/www.fuldaernachrichten.de\/index.php?rest_route=%2Fwp%2Fv2%2Fmedia&parent=598"}],"wp:term":[{"taxonomy":"category","embeddable":true,"href":"https:\/\/www.fuldaernachrichten.de\/index.php?rest_route=%2Fwp%2Fv2%2Fcategories&post=598"},{"taxonomy":"post_tag","embeddable":true,"href":"https:\/\/www.fuldaernachrichten.de\/index.php?rest_route=%2Fwp%2Fv2%2Ftags&post=598"}],"curies":[{"name":"wp","href":"https:\/\/api.w.org\/{rel}","templated":true}]}}