{"id":59788,"date":"2010-05-19T03:38:26","date_gmt":"2010-05-19T01:38:26","guid":{"rendered":"http:\/\/www.fuldaer-nachrichten.de\/?p=59788"},"modified":"2010-05-19T07:39:00","modified_gmt":"2010-05-19T05:39:00","slug":"hessens-schoenste-gaerten-als-beste-gartensendung-praemiert","status":"publish","type":"post","link":"https:\/\/www.fuldaernachrichten.de\/?p=59788","title":{"rendered":"\u201eHessens sch\u00f6nste G\u00e4rten\u201c als \u201eBeste Gartensendung\u201c pr\u00e4miert"},"content":{"rendered":"<p>Frankfurt. Die hr-Sendereihe \u201eHessens sch\u00f6nste G\u00e4rten\u201c ist mit dem Dr.-Viola-Effmert-Ged\u00e4chtnispreis 2010 als \u201eBeste Gartensendung\u201c pr\u00e4miert worden. Der undotierte Preis wird allj\u00e4hrlich im Rahmen des \u201eDeutschen Gartenbuchpreises\u201c an unterschiedliche Medien verliehen, in diesem Jahr galt er erstmals Fernsehsendungen. \u00dcberreicht wird der Preis am Sonntag, 23. Mai, von der Deutschen Gesellschaft f\u00fcr Gartenkunst und Landschaftskultur (DGGL) auf dem \u201eF\u00fcrstlichen Gartenfest\u201c in Fulda an Moderatorin Barbara Siehl.<!--more--><br \/>\nDie eingereichte Folge \u201eSchmucker Dorfgarten in Wabern\u201c besteche \u201edurch wundersch\u00f6ne Pflanzen- und Blumenaufnahmen\u201c, hei\u00dft es in der Begr\u00fcndung der Jury, und weiter: \u201eDie detailreichen und \u00fcberzeugenden Erkl\u00e4rungen zu bestimmten Stauden sowie die fachm\u00e4nnische Gartenf\u00fchrung der Besitzerin geben dem Zuschauer viele neue Tipps und Anregungen zum Nachahmen und Nachpflanzen. Die Aquarellzeichnung des Gesamtgartens l\u00e4sst den Zuschauer nicht den \u00dcberblick \u00fcber die verschiedenen \u00fcberaus interessanten Gartenteile verlieren. Ein gro\u00dfes Lob der Jury!\u201c<\/p>\n<p>Die fachkundige Jury bestand aus der Fernsehmoderatorin Uschi D\u00e4mmrich von Luttitz, dem Vorsitzenden der DGGL Bayern, Jochen Martz, der Burda-Chefredakteurin Andrea K\u00f6gel, Dr. Otto Ziegler, Leiter des Tourismus Refera-tes des Bayerischen Wirtschaftsministeriums, Gabriella Pape, Leiterin der k\u00f6niglichen Gartenakademie Potsdam, Dr. Christian Antz, Vorsitzender des Gartennetzes Deutschland e.V. und dem Werbeleiter der STIHL AG, Norbert Blania. Die Jury nahm rund 100 Einsendungen unter die Lupe.<\/p>\n<p>Auch in diesem Jahr unternimmt Barbara Siehl wieder Streifz\u00fcge durch \u201eHessens sch\u00f6nste G\u00e4rten\u201c: Vom 13. Juli an k\u00f6nnen die Zuschauer des hr-fernsehens immer dienstags um 20.15 Uhr 45 Minuten lang Gartenfreuden genie\u00dfen.<\/p>\n","protected":false},"excerpt":{"rendered":"<div class=\"tmnf_excerpt\"><p>Frankfurt. Die hr-Sendereihe \u201eHessens sch\u00f6nste G\u00e4rten\u201c ist mit dem Dr.-Viola-Effmert-Ged\u00e4chtnispreis 2010 als \u201eBeste Gartensendung\u201c pr\u00e4miert worden. Der undotierte Preis wird allj\u00e4hrlich im Rahmen des \u201eDeutschen Gartenbuchpreises\u201c an unterschiedliche Medien verliehen, in diesem Jahr galt er erstmals Fernsehsendungen. \u00dcberreicht wird der Preis am Sonntag, 23. Mai, von der Deutschen Gesellschaft f\u00fcr Gartenkunst und Landschaftskultur (DGGL) auf &hellip;<\/p>\n<\/div>","protected":false},"author":1,"featured_media":0,"comment_status":"closed","ping_status":"closed","sticky":false,"template":"","format":"standard","meta":{"footnotes":""},"categories":[1,52],"tags":[],"class_list":["post-59788","post","type-post","status-publish","format-standard","hentry","category-startseite","category-umwelt"],"_links":{"self":[{"href":"https:\/\/www.fuldaernachrichten.de\/index.php?rest_route=\/wp\/v2\/posts\/59788","targetHints":{"allow":["GET"]}}],"collection":[{"href":"https:\/\/www.fuldaernachrichten.de\/index.php?rest_route=\/wp\/v2\/posts"}],"about":[{"href":"https:\/\/www.fuldaernachrichten.de\/index.php?rest_route=\/wp\/v2\/types\/post"}],"author":[{"embeddable":true,"href":"https:\/\/www.fuldaernachrichten.de\/index.php?rest_route=\/wp\/v2\/users\/1"}],"replies":[{"embeddable":true,"href":"https:\/\/www.fuldaernachrichten.de\/index.php?rest_route=%2Fwp%2Fv2%2Fcomments&post=59788"}],"version-history":[{"count":1,"href":"https:\/\/www.fuldaernachrichten.de\/index.php?rest_route=\/wp\/v2\/posts\/59788\/revisions"}],"predecessor-version":[{"id":59789,"href":"https:\/\/www.fuldaernachrichten.de\/index.php?rest_route=\/wp\/v2\/posts\/59788\/revisions\/59789"}],"wp:attachment":[{"href":"https:\/\/www.fuldaernachrichten.de\/index.php?rest_route=%2Fwp%2Fv2%2Fmedia&parent=59788"}],"wp:term":[{"taxonomy":"category","embeddable":true,"href":"https:\/\/www.fuldaernachrichten.de\/index.php?rest_route=%2Fwp%2Fv2%2Fcategories&post=59788"},{"taxonomy":"post_tag","embeddable":true,"href":"https:\/\/www.fuldaernachrichten.de\/index.php?rest_route=%2Fwp%2Fv2%2Ftags&post=59788"}],"curies":[{"name":"wp","href":"https:\/\/api.w.org\/{rel}","templated":true}]}}