{"id":59783,"date":"2010-05-19T02:33:23","date_gmt":"2010-05-19T00:33:23","guid":{"rendered":"http:\/\/www.fuldaer-nachrichten.de\/?p=59783"},"modified":"2010-05-19T07:34:20","modified_gmt":"2010-05-19T05:34:20","slug":"freiwillige-verlaengerung-des-zivildienstes-malteser-begruessen-einigung-der-koalition","status":"publish","type":"post","link":"https:\/\/www.fuldaernachrichten.de\/?p=59783","title":{"rendered":"Freiwillige Verl\u00e4ngerung des Zivildienstes &#8211; Malteser begr\u00fc\u00dfen Einigung der Koalition"},"content":{"rendered":"<p>Fulda. Die Einigung der Koalition zur freiwilligen Verl\u00e4ngerung des Zivildienstes wird von den Maltesern begr\u00fc\u00dft. &#8220;Die M\u00f6glichkeit, den Zivildienst freiwillig um drei bis sechs Monate zu verl\u00e4ngern, ist wichtig. Wir hoffen, dass viele junge M\u00e4nner von der M\u00f6glichkeit Gebrauch machen werden&#8221;, sagt der Di\u00f6zesangesch\u00e4ftsf\u00fchrer des Malteser Hilfsdienstes Fulda, Thomas Peffermann, in einer ersten Stellungnahme.<!--more--><br \/>\nDer Wehr- und Zivildienst soll k\u00fcnftig auf sechs Monate verk\u00fcrzt werden. Darauf hatten sich CDU\/CSU und FDP im Koalitionsvertrag geeinigt. Die Malteser hatten daraufhin gefordert, dass Zivildienstleistende ihren Dienst freiwillig verl\u00e4ngern k\u00f6nnen. Die Dauer der fachgerechten Schulung steht nach Ansicht der Malteser in einer sechsmonatigen Dienstzeit nicht mehr im Verh\u00e4ltnis zur tats\u00e4chlich geleisteten Hilfe. Auch das Lernen sozialer Kompetenzen komme dadurch zu kurz. Bei den Maltesern sind derzeit rund 1.200 Zivildienstleistende engagiert &#8211; vor allem um Menschen mit Behinderungen zu fahren oder \u00c4lteren und Kranken eine warme Mahlzeit zu bringen.<\/p>\n<p>&#8220;Viele Zivildienstleistende kommen w\u00e4hrend ihrer Dienstzeit auf den Geschmack und engagieren sich auch weiterhin f\u00fcr die sozialen Belange unserer Gesellschaft&#8221;, so Peffermann. Diese Bereitschaft m\u00fcsse gef\u00f6rdert werden. Die Kosten f\u00fcr den verl\u00e4ngerten Einsatz soll der Bund tragen. Die Malteser rechnen damit, dass rund 30 Prozent der M\u00e4nner eines Jahrgangs freiwillig ihren Dienst verl\u00e4ngern.<\/p>\n<p>Christlich und engagiert: Die Malteser setzen sich f\u00fcr Bed\u00fcrftige ein. Hilfe f\u00fcr mehr als zw\u00f6lf Millionen Menschen pro Jahr weltweit \u00c2\u00b7 in Deutschland 56.000 Engagierte in Haupt- und Ehrenamt \u00c2\u00b7 an mehr als 700 Orten \u00c2\u00b7 \u00fcber 982.000 F\u00f6rderer und Mitglieder<\/p>\n","protected":false},"excerpt":{"rendered":"<div class=\"tmnf_excerpt\"><p>Fulda. Die Einigung der Koalition zur freiwilligen Verl\u00e4ngerung des Zivildienstes wird von den Maltesern begr\u00fc\u00dft. &#8220;Die M\u00f6glichkeit, den Zivildienst freiwillig um drei bis sechs Monate zu verl\u00e4ngern, ist wichtig. Wir hoffen, dass viele junge M\u00e4nner von der M\u00f6glichkeit Gebrauch machen werden&#8221;, sagt der Di\u00f6zesangesch\u00e4ftsf\u00fchrer des Malteser Hilfsdienstes Fulda, Thomas Peffermann, in einer ersten Stellungnahme.<\/p>\n<\/div>","protected":false},"author":1,"featured_media":0,"comment_status":"closed","ping_status":"closed","sticky":false,"template":"","format":"standard","meta":{"footnotes":""},"categories":[1,51,50],"tags":[],"class_list":["post-59783","post","type-post","status-publish","format-standard","hentry","category-startseite","category-medizin","category-kirche"],"_links":{"self":[{"href":"https:\/\/www.fuldaernachrichten.de\/index.php?rest_route=\/wp\/v2\/posts\/59783","targetHints":{"allow":["GET"]}}],"collection":[{"href":"https:\/\/www.fuldaernachrichten.de\/index.php?rest_route=\/wp\/v2\/posts"}],"about":[{"href":"https:\/\/www.fuldaernachrichten.de\/index.php?rest_route=\/wp\/v2\/types\/post"}],"author":[{"embeddable":true,"href":"https:\/\/www.fuldaernachrichten.de\/index.php?rest_route=\/wp\/v2\/users\/1"}],"replies":[{"embeddable":true,"href":"https:\/\/www.fuldaernachrichten.de\/index.php?rest_route=%2Fwp%2Fv2%2Fcomments&post=59783"}],"version-history":[{"count":1,"href":"https:\/\/www.fuldaernachrichten.de\/index.php?rest_route=\/wp\/v2\/posts\/59783\/revisions"}],"predecessor-version":[{"id":59784,"href":"https:\/\/www.fuldaernachrichten.de\/index.php?rest_route=\/wp\/v2\/posts\/59783\/revisions\/59784"}],"wp:attachment":[{"href":"https:\/\/www.fuldaernachrichten.de\/index.php?rest_route=%2Fwp%2Fv2%2Fmedia&parent=59783"}],"wp:term":[{"taxonomy":"category","embeddable":true,"href":"https:\/\/www.fuldaernachrichten.de\/index.php?rest_route=%2Fwp%2Fv2%2Fcategories&post=59783"},{"taxonomy":"post_tag","embeddable":true,"href":"https:\/\/www.fuldaernachrichten.de\/index.php?rest_route=%2Fwp%2Fv2%2Ftags&post=59783"}],"curies":[{"name":"wp","href":"https:\/\/api.w.org\/{rel}","templated":true}]}}