{"id":59774,"date":"2010-05-19T04:27:21","date_gmt":"2010-05-19T02:27:21","guid":{"rendered":"http:\/\/www.fuldaer-nachrichten.de\/?p=59774"},"modified":"2010-05-19T07:27:43","modified_gmt":"2010-05-19T05:27:43","slug":"sudetendeutsche-volkstaenze-seminar-vom-24-bis-26-september-2010-in-der-jugendbildungsstaette-wasserkuppe","status":"publish","type":"post","link":"https:\/\/www.fuldaernachrichten.de\/?p=59774","title":{"rendered":"Sudetendeutsche Volkst\u00e4nze &#8211; Seminar vom 24. bis 26. September 2010 in der Jugendbildungsst\u00e4tte Wasserkuppe"},"content":{"rendered":"<p><strong>Rh\u00f6n.<\/strong> Die Deutsche Jugend in Europa (djo)\/ Landesverband Hessen e.V. l\u00e4dt zu einem Wochenendseminar ein, bei dem Volkst\u00e4nzer und &#8211;t\u00e4nzerinnen ihre Kenntnisse von sudetendeutschen Volkst\u00e4nzen auffrischen, erweitern und vertiefen k\u00f6nnen. Dieser Kurs findet vom 24. bis 26. September 2010 in der Jugendbildungsst\u00e4tte Wasserkuppe statt. Aus der Vielzahl von T\u00e4nzen aus allen Siedlungslandschaften der Deutschen in Tschechien wird ein ebenso umfang- wie abwechslungsreiches Programm erstellt, das die kulturelle Vielfalt der Sudetendeutschen abbildet. Bekannte und weiniger bekannte Volkst\u00e4nze der Deutschen aus B\u00f6hmen und M\u00e4hren sollen an diesem Wochenende kennen gelernt werden. <!--more--><\/p>\n<p>Als Referent konnte Hartmut Liebscher gewonnen werden &#8212; ausgewiesener Experte in der deutschen Volkstanz &#8212; Landschaft, Leiter einer Volkstanzgruppe in Stuttgart und des Heimatkulturwerkes. Insgesamt stehen nur 24 Pl\u00e4tze maximal zur Verf\u00fcgung- daher empfiehlt sich eine rasche Anmeldung. Weitere Informationen zu diesem Seminar erteilt Harald Sch\u00e4fer, Jugendbildungsreferent unter 06658 \/ 919001 (E-Mail: <a href=\"mailto:Harald.Sch\u00e4fer@djohessen.de\">Harald.Sch\u00e4fer@djohessen.de<\/a>), der auch auf Anfrage die Ausschreibung f\u00fcr diese Veranstaltung versendet. Verantwortlich: Harald Sch\u00e4fer Jugendbildungsreferent Deutsche Jugend in Europa (djo) 36163 Poppenhausen-Rodholz <a href=\"http:\/\/www.djohessen.de\">www.djohessen.de<\/a> <a href=\"mailto:harald.schaefer@djohessen.de\">harald.schaefer@djohessen.de<\/a><\/p>\n","protected":false},"excerpt":{"rendered":"<div class=\"tmnf_excerpt\"><p>Rh\u00f6n. Die Deutsche Jugend in Europa (djo)\/ Landesverband Hessen e.V. l\u00e4dt zu einem Wochenendseminar ein, bei dem Volkst\u00e4nzer und &#8211;t\u00e4nzerinnen ihre Kenntnisse von sudetendeutschen Volkst\u00e4nzen auffrischen, erweitern und vertiefen k\u00f6nnen. Dieser Kurs findet vom 24. bis 26. September 2010 in der Jugendbildungsst\u00e4tte Wasserkuppe statt. Aus der Vielzahl von T\u00e4nzen aus allen Siedlungslandschaften der Deutschen in &hellip;<\/p>\n<\/div>","protected":false},"author":1,"featured_media":0,"comment_status":"closed","ping_status":"closed","sticky":false,"template":"","format":"standard","meta":{"footnotes":""},"categories":[1],"tags":[],"class_list":["post-59774","post","type-post","status-publish","format-standard","hentry","category-startseite"],"_links":{"self":[{"href":"https:\/\/www.fuldaernachrichten.de\/index.php?rest_route=\/wp\/v2\/posts\/59774","targetHints":{"allow":["GET"]}}],"collection":[{"href":"https:\/\/www.fuldaernachrichten.de\/index.php?rest_route=\/wp\/v2\/posts"}],"about":[{"href":"https:\/\/www.fuldaernachrichten.de\/index.php?rest_route=\/wp\/v2\/types\/post"}],"author":[{"embeddable":true,"href":"https:\/\/www.fuldaernachrichten.de\/index.php?rest_route=\/wp\/v2\/users\/1"}],"replies":[{"embeddable":true,"href":"https:\/\/www.fuldaernachrichten.de\/index.php?rest_route=%2Fwp%2Fv2%2Fcomments&post=59774"}],"version-history":[{"count":2,"href":"https:\/\/www.fuldaernachrichten.de\/index.php?rest_route=\/wp\/v2\/posts\/59774\/revisions"}],"predecessor-version":[{"id":59776,"href":"https:\/\/www.fuldaernachrichten.de\/index.php?rest_route=\/wp\/v2\/posts\/59774\/revisions\/59776"}],"wp:attachment":[{"href":"https:\/\/www.fuldaernachrichten.de\/index.php?rest_route=%2Fwp%2Fv2%2Fmedia&parent=59774"}],"wp:term":[{"taxonomy":"category","embeddable":true,"href":"https:\/\/www.fuldaernachrichten.de\/index.php?rest_route=%2Fwp%2Fv2%2Fcategories&post=59774"},{"taxonomy":"post_tag","embeddable":true,"href":"https:\/\/www.fuldaernachrichten.de\/index.php?rest_route=%2Fwp%2Fv2%2Ftags&post=59774"}],"curies":[{"name":"wp","href":"https:\/\/api.w.org\/{rel}","templated":true}]}}