{"id":59742,"date":"2010-05-19T02:28:05","date_gmt":"2010-05-19T00:28:05","guid":{"rendered":"http:\/\/www.fuldaer-nachrichten.de\/?p=59742"},"modified":"2010-05-19T07:28:20","modified_gmt":"2010-05-19T05:28:20","slug":"bischof-heinz-josef-algermissen-besuchte-den-2-oekumenischen-kirchentag-in-muenchen","status":"publish","type":"post","link":"https:\/\/www.fuldaernachrichten.de\/?p=59742","title":{"rendered":"Bischof Heinz Josef Algermissen besuchte den 2. \u00d6kumenischen Kirchentag in M\u00fcnchen"},"content":{"rendered":"<p><strong><a href=\"http:\/\/www.fuldaer-nachrichten.de\/wp-content\/uploads\/2010\/05\/100518_Kirchentag.jpg\"><img decoding=\"async\" class=\"alignleft size-thumbnail wp-image-59743\" title=\"100518_Kirchentag\" src=\"http:\/\/www.fuldaer-nachrichten.de\/wp-content\/uploads\/2010\/05\/100518_Kirchentag-265x176.jpg\" alt=\"100518_Kirchentag\" width=\"265\" height=\"176\" srcset=\"https:\/\/www.fuldaernachrichten.de\/wp-content\/uploads\/2010\/05\/100518_Kirchentag-265x176.jpg 265w, https:\/\/www.fuldaernachrichten.de\/wp-content\/uploads\/2010\/05\/100518_Kirchentag.jpg 600w\" sizes=\"(max-width: 265px) 100vw, 265px\" \/><\/a>M\u00fcnchen\/Fulda<\/strong>. Mit einem gro\u00dfen Abschlussgottesdienst ging am Sonntag der 2. \u00f6kumenische Kirchentag in M\u00fcnchen zu Ende. Unter dem Motto \u201eDamit ihr Hoffung habt\u201c kamen an den f\u00fcnf Tagen \u00fcber 125 000 Menschen aus Herren L\u00e4nder zusammen \u2013 aus der Di\u00f6zese Fulda waren mehr als 500 Teilnehmerinnen und Teilnehmer vertreten. Das Bistum Fulda pr\u00e4sentierte sich zum ersten Mal mit der Evangelischen Kirche von Kurhessen-Waldeck (EKKW) an einem gemeinsam verantworteten \u00f6kumenischen Kirchentagsstand mit dem Arbeitstitel \u201eKrise.Begegnung.Hoffnung\u201c. Inhaltliche Schwerpunkte waren Gespr\u00e4che und Interviews mit prominenten G\u00e4sten wie der Bundesministerin f\u00fcr Bildung und Forschung, Prof. Dr. Anette Schavan, Kirchentagspr\u00e4sident Prof. Dr. Eckhard Nagel und Alois Gl\u00fcck dem Pr\u00e4sidenten des Zentralkomitees der deutschen Katholiken (ZdK) und ehemaligen bayerischen Landtagspr\u00e4sidenten.<!--more--><\/p>\n<p>Ebenfalls zu Gast waren neben vielen anderen Besuchern Bischof Heinz Josef Algermissen, Weihbischof Prof. Dr. Karlheinz Diez, der evangelische Bischof Prof. Dr. Martin Hein sowie Fuldas Oberb\u00fcrgermeister Gerhard M\u00f6ller. Bischof Algermissen zeigte sich beeindruckt von den Begegnungen mit den Menschen und dem gemeinsamen Auftritt des Bistums Fulda und der Evangelischen Kirche Kurhessen-Waldeck:<\/p>\n<p>\u201eDer \u00d6kumenische Kirchentag verdeutlicht die Vielfalt der Kirche. Der gro\u00dfe runde Tisch, um den sich die G\u00e4ste und Besucher des Kirchentages zusammenfinden, ist ein Bild daf\u00fcr, dass wir miteinander ins Gespr\u00e4ch kommen m\u00fcssen, um zueinander zu finden\u201c erkl\u00e4rt der Fuldaer Oberhirte.<\/p>\n<p><a href=\"http:\/\/www.fuldaer-nachrichten.de\/wp-content\/uploads\/2010\/05\/100518_Kirchentag2.jpg\"><img decoding=\"async\" class=\"alignnone size-thumbnail wp-image-59744\" title=\"100518_Kirchentag2\" src=\"http:\/\/www.fuldaer-nachrichten.de\/wp-content\/uploads\/2010\/05\/100518_Kirchentag2-265x176.jpg\" alt=\"100518_Kirchentag2\" width=\"265\" height=\"176\" srcset=\"https:\/\/www.fuldaernachrichten.de\/wp-content\/uploads\/2010\/05\/100518_Kirchentag2-265x176.jpg 265w, https:\/\/www.fuldaernachrichten.de\/wp-content\/uploads\/2010\/05\/100518_Kirchentag2.jpg 600w\" sizes=\"(max-width: 265px) 100vw, 265px\" \/><\/a> <a href=\"http:\/\/www.fuldaer-nachrichten.de\/wp-content\/uploads\/2010\/05\/100518_Kirchentag3.jpg\"><img decoding=\"async\" class=\"alignnone size-thumbnail wp-image-59745\" title=\"100518_Kirchentag3\" src=\"http:\/\/www.fuldaer-nachrichten.de\/wp-content\/uploads\/2010\/05\/100518_Kirchentag3-265x176.jpg\" alt=\"100518_Kirchentag3\" width=\"265\" height=\"176\" srcset=\"https:\/\/www.fuldaernachrichten.de\/wp-content\/uploads\/2010\/05\/100518_Kirchentag3-265x176.jpg 265w, https:\/\/www.fuldaernachrichten.de\/wp-content\/uploads\/2010\/05\/100518_Kirchentag3.jpg 600w\" sizes=\"(max-width: 265px) 100vw, 265px\" \/><\/a><\/p>\n<p>Als Pr\u00e4sident von Pax Christi Deutschland war Bischof Algermissen Teilnehmer an einer Podiumsdiskussion zum Thema\u00c2\u00a0 \u201eWie macht man Frieden?\u201c, bei der auch\u00c2\u00a0 der amtierende Vorsitzenden des Rates der evangelischen Kirche in Deutschland, Pr\u00e4ses Nikolaus\u00c2\u00a0 Schneider und Dr. Olaf Fyske Tveit aus der Schweiz mitwirkten. Bei seinem anschlie\u00dfenden Rundgang auf dem Messegel\u00e4nde besuchte Bischof Algermissen unter anderem den Stand von Missio und den Bundesverband der Umweltbeauftragten.<\/p>\n<p><a href=\"http:\/\/www.fuldaer-nachrichten.de\/wp-content\/uploads\/2010\/05\/100518_Kirchentag4.jpg\"><img loading=\"lazy\" decoding=\"async\" class=\"alignleft size-thumbnail wp-image-59746\" title=\"100518_Kirchentag4\" src=\"http:\/\/www.fuldaer-nachrichten.de\/wp-content\/uploads\/2010\/05\/100518_Kirchentag4-265x176.jpg\" alt=\"100518_Kirchentag4\" width=\"265\" height=\"176\" srcset=\"https:\/\/www.fuldaernachrichten.de\/wp-content\/uploads\/2010\/05\/100518_Kirchentag4-265x176.jpg 265w, https:\/\/www.fuldaernachrichten.de\/wp-content\/uploads\/2010\/05\/100518_Kirchentag4.jpg 600w\" sizes=\"(max-width: 265px) 100vw, 265px\" \/><\/a>Das Thema der \u201egr\u00f6\u00dferen \u00d6kumene\u201c stand im Mittelpunkt eines Treffens mit\u00c2\u00a0 Generalbischof Anba Damian der koptisch orthodoxen Kirche, dem Erzpriester der \u00e4thiopisch-orthodoxen Kirche Dr. Merawi Tebege und Bischof Prof. Dr. Hein der Evangelischen Kirche Kurhessen-Waldeck. Zum Abschluss seines Kirchentagbesuches war Bischof Algermissen Gast in der \u00c2\u00a0Podiumsdiskussion &#8220;Afghanistan &#8211; Krieg ohne Ende? &#8211; Von der schwierigen Suche nach Frieden&#8221;. Die Diskussionsrunde wurde veranstaltet von der \u201eKinderhilfe Afghanistan\u201c.<\/p>\n","protected":false},"excerpt":{"rendered":"<div class=\"tmnf_excerpt\"><p>M\u00fcnchen\/Fulda. Mit einem gro\u00dfen Abschlussgottesdienst ging am Sonntag der 2. \u00f6kumenische Kirchentag in M\u00fcnchen zu Ende. Unter dem Motto \u201eDamit ihr Hoffung habt\u201c kamen an den f\u00fcnf Tagen \u00fcber 125 000 Menschen aus Herren L\u00e4nder zusammen \u2013 aus der Di\u00f6zese Fulda waren mehr als 500 Teilnehmerinnen und Teilnehmer vertreten. Das Bistum Fulda pr\u00e4sentierte sich zum &hellip;<\/p>\n<\/div>","protected":false},"author":1,"featured_media":0,"comment_status":"closed","ping_status":"closed","sticky":false,"template":"","format":"standard","meta":{"footnotes":""},"categories":[1,50],"tags":[],"class_list":["post-59742","post","type-post","status-publish","format-standard","hentry","category-startseite","category-kirche"],"_links":{"self":[{"href":"https:\/\/www.fuldaernachrichten.de\/index.php?rest_route=\/wp\/v2\/posts\/59742","targetHints":{"allow":["GET"]}}],"collection":[{"href":"https:\/\/www.fuldaernachrichten.de\/index.php?rest_route=\/wp\/v2\/posts"}],"about":[{"href":"https:\/\/www.fuldaernachrichten.de\/index.php?rest_route=\/wp\/v2\/types\/post"}],"author":[{"embeddable":true,"href":"https:\/\/www.fuldaernachrichten.de\/index.php?rest_route=\/wp\/v2\/users\/1"}],"replies":[{"embeddable":true,"href":"https:\/\/www.fuldaernachrichten.de\/index.php?rest_route=%2Fwp%2Fv2%2Fcomments&post=59742"}],"version-history":[{"count":2,"href":"https:\/\/www.fuldaernachrichten.de\/index.php?rest_route=\/wp\/v2\/posts\/59742\/revisions"}],"predecessor-version":[{"id":59777,"href":"https:\/\/www.fuldaernachrichten.de\/index.php?rest_route=\/wp\/v2\/posts\/59742\/revisions\/59777"}],"wp:attachment":[{"href":"https:\/\/www.fuldaernachrichten.de\/index.php?rest_route=%2Fwp%2Fv2%2Fmedia&parent=59742"}],"wp:term":[{"taxonomy":"category","embeddable":true,"href":"https:\/\/www.fuldaernachrichten.de\/index.php?rest_route=%2Fwp%2Fv2%2Fcategories&post=59742"},{"taxonomy":"post_tag","embeddable":true,"href":"https:\/\/www.fuldaernachrichten.de\/index.php?rest_route=%2Fwp%2Fv2%2Ftags&post=59742"}],"curies":[{"name":"wp","href":"https:\/\/api.w.org\/{rel}","templated":true}]}}