{"id":5966,"date":"2007-10-22T00:31:29","date_gmt":"2007-10-21T22:31:29","guid":{"rendered":"http:\/\/www.schoene-nachrichten.de\/?p=5966"},"modified":"2007-10-22T00:31:29","modified_gmt":"2007-10-21T22:31:29","slug":"aussenstelle-des-landratsamtes-in-huenfeld-wird-umgebaut-und-modernisiert","status":"publish","type":"post","link":"https:\/\/www.fuldaernachrichten.de\/?p=5966","title":{"rendered":"Au\u00dfenstelle des Landratsamtes in H\u00fcnfeld wird umgebaut und modernisiert"},"content":{"rendered":"<p><strong>Sch\u00f6nes aus Fulda.<\/strong> Die Au\u00dfenstelle des Landratsamtes in H\u00fcnfeld wird in den n\u00e4chsten Monaten aufw\u00e4ndig umgebaut und modernisiert. Rund 1,5 Millionen Euro investiert der Landkreis Fulda in die Bauma\u00dfnahmen, die voraussichtlich Mitte November dieses Jahres beginnen werden. Landrat Bernd Woide hat das Bauvorhaben\u00c2\u00a0vergangene Woche\u00c2\u00a0in der Au\u00dfenstelle H\u00fcnfeld vorgestellt.<\/p>\n<p><strong>Fotos (27):<\/strong> Max Colin Heydenreich<\/p>\n<p><a rel=\"lightbox[roadtrip]\" target=\"_blank\" href=\"http:\/\/www.schoene-nachrichten.de\/wp-content\/uploads\/2007\/10\/071018_Landratsamt_27.jpg\" title=\"Foto: Max Colin Heydenreich\"><img decoding=\"async\" width=\"128\" src=\"http:\/\/www.schoene-nachrichten.de\/wp-content\/uploads\/2007\/10\/071018_Landratsamt_27.thumbnail.jpg\" alt=\"071018_Landratsamt_27.jpg\" \/><\/a>\u00c2\u00a0<a rel=\"lightbox[roadtrip]\" target=\"_blank\" href=\"http:\/\/www.schoene-nachrichten.de\/wp-content\/uploads\/2007\/10\/071018_Landratsamt_13.jpg\" title=\"Foto: Max Colin Heydenreich\"><img decoding=\"async\" width=\"128\" src=\"http:\/\/www.schoene-nachrichten.de\/wp-content\/uploads\/2007\/10\/071018_Landratsamt_13.thumbnail.jpg\" alt=\"071018_Landratsamt_13.jpg\" \/><\/a> <a rel=\"lightbox[roadtrip]\" target=\"_blank\" href=\"http:\/\/www.schoene-nachrichten.de\/wp-content\/uploads\/2007\/10\/071018_Landratsamt_18.jpg\" title=\"Foto: Max Colin Heydenreich\"><img decoding=\"async\" width=\"128\" src=\"http:\/\/www.schoene-nachrichten.de\/wp-content\/uploads\/2007\/10\/071018_Landratsamt_18.thumbnail.jpg\" alt=\"071018_Landratsamt_18.jpg\" \/><\/a>\u00c2\u00a0<\/p>\n<p><a rel=\"lightbox[roadtrip]\" target=\"_blank\" href=\"http:\/\/www.schoene-nachrichten.de\/wp-content\/uploads\/2007\/10\/071018_Landratsamt_14.jpg\" title=\"Foto: Max Colin Heydenreich\"><img decoding=\"async\" width=\"128\" src=\"http:\/\/www.schoene-nachrichten.de\/wp-content\/uploads\/2007\/10\/071018_Landratsamt_14.thumbnail.jpg\" alt=\"071018_Landratsamt_14.jpg\" \/><\/a>\u00c2\u00a0<a rel=\"lightbox[roadtrip]\" target=\"_blank\" href=\"http:\/\/www.schoene-nachrichten.de\/wp-content\/uploads\/2007\/10\/071018_Landratsamt_19.jpg\" title=\"Foto: Max Colin Heydenreich\"><img decoding=\"async\" width=\"128\" src=\"http:\/\/www.schoene-nachrichten.de\/wp-content\/uploads\/2007\/10\/071018_Landratsamt_19.thumbnail.jpg\" alt=\"071018_Landratsamt_19.jpg\" \/><\/a>\u00c2\u00a0<a rel=\"lightbox[roadtrip]\" target=\"_blank\" href=\"http:\/\/www.schoene-nachrichten.de\/wp-content\/uploads\/2007\/10\/071018_Landratsamt_24.jpg\" title=\"Foto: Max Colin Heydenreich\"><img decoding=\"async\" width=\"128\" src=\"http:\/\/www.schoene-nachrichten.de\/wp-content\/uploads\/2007\/10\/071018_Landratsamt_24.thumbnail.jpg\" alt=\"071018_Landratsamt_24.jpg\" \/><\/a><\/p>\n<p><!--more-->Mit der Modernisierung geht auch eine Erweiterung des Dienstleistungsangebotes einher. So werden Mitarbeiter des in Fulda angesiedelten Fachbereichs Arbeit und Soziales, der f\u00fcr die Betreuung und Vermittlung der ALG II-Empf\u00e4nger zust\u00e4ndig ist, nach Abschluss der Bauarbeiten im Sp\u00e4tsommer 2008 ebenfalls in H\u00fcnfeld pr\u00e4sent sein.<\/p>\n<p><a rel=\"lightbox[roadtrip]\" target=\"_blank\" href=\"http:\/\/www.schoene-nachrichten.de\/wp-content\/uploads\/2007\/10\/071018_Landratsamt_01.jpg\" title=\"Foto: Max Colin Heydenreich\"><img decoding=\"async\" width=\"128\" src=\"http:\/\/www.schoene-nachrichten.de\/wp-content\/uploads\/2007\/10\/071018_Landratsamt_01.thumbnail.jpg\" alt=\"071018_Landratsamt_01.jpg\" \/><\/a> <a rel=\"lightbox[roadtrip]\" target=\"_blank\" href=\"http:\/\/www.schoene-nachrichten.de\/wp-content\/uploads\/2007\/10\/071018_Landratsamt_02.jpg\" title=\"Foto: Max Colin Heydenreich\"><img decoding=\"async\" width=\"128\" src=\"http:\/\/www.schoene-nachrichten.de\/wp-content\/uploads\/2007\/10\/071018_Landratsamt_02.thumbnail.jpg\" alt=\"071018_Landratsamt_02.jpg\" \/><\/a> <a rel=\"lightbox[roadtrip]\" target=\"_blank\" href=\"http:\/\/www.schoene-nachrichten.de\/wp-content\/uploads\/2007\/10\/071018_Landratsamt_03.jpg\" title=\"Foto: Max Colin Heydenreich\"><img decoding=\"async\" width=\"128\" src=\"http:\/\/www.schoene-nachrichten.de\/wp-content\/uploads\/2007\/10\/071018_Landratsamt_03.thumbnail.jpg\" alt=\"071018_Landratsamt_03.jpg\" \/><\/a><\/p>\n<p>\u201eWir haben eine aufw\u00e4ndige Bestandsanalyse hinter uns, und gemeinsam mit den Architekten vom Architekturb\u00fcro Sturm und Wartzeck aus Dipperz nach einer optimalen und vor allem b\u00fcrgerfreundlichen L\u00f6sung gesucht\u201c, erl\u00e4uterte J\u00fcrgen Obermeier, Geb\u00e4udemanagement-Leiter des Landkreises Fulda.<\/p>\n<p><a rel=\"lightbox[roadtrip]\" target=\"_blank\" href=\"http:\/\/www.schoene-nachrichten.de\/wp-content\/uploads\/2007\/10\/071018_Landratsamt_10.jpg\" title=\"Foto: Max Colin Heydenreich\"><img decoding=\"async\" width=\"128\" src=\"http:\/\/www.schoene-nachrichten.de\/wp-content\/uploads\/2007\/10\/071018_Landratsamt_10.thumbnail.jpg\" alt=\"071018_Landratsamt_10.jpg\" \/><\/a> <a rel=\"lightbox[roadtrip]\" target=\"_blank\" href=\"http:\/\/www.schoene-nachrichten.de\/wp-content\/uploads\/2007\/10\/071018_Landratsamt_11.jpg\" title=\"Foto: Max Colin Heydenreich\"><img decoding=\"async\" width=\"128\" src=\"http:\/\/www.schoene-nachrichten.de\/wp-content\/uploads\/2007\/10\/071018_Landratsamt_11.thumbnail.jpg\" alt=\"071018_Landratsamt_11.jpg\" \/><\/a> <a rel=\"lightbox[roadtrip]\" target=\"_blank\" href=\"http:\/\/www.schoene-nachrichten.de\/wp-content\/uploads\/2007\/10\/071018_Landratsamt_12.jpg\" title=\"Foto: Max Colin Heydenreich\"><img decoding=\"async\" width=\"128\" src=\"http:\/\/www.schoene-nachrichten.de\/wp-content\/uploads\/2007\/10\/071018_Landratsamt_12.thumbnail.jpg\" alt=\"071018_Landratsamt_12.jpg\" \/><\/a><\/p>\n<p>\u201eDie B\u00fcrger erwarten von einer Verwaltung heute Schnelligkeit, Offenheit und einen guten Service\u201c, sagte Landrat Woide. Mit dem Umbau sei es m\u00f6glich, diesen Anforderungen gerecht zu werden und somit die Au\u00dfenstelle der Kreisverwaltung zu st\u00e4rken.<\/p>\n<p><a rel=\"lightbox[roadtrip]\" target=\"_blank\" href=\"http:\/\/www.schoene-nachrichten.de\/wp-content\/uploads\/2007\/10\/071018_Landratsamt_04.jpg\" title=\"Foto: Max Colin Heydenreich\"><img decoding=\"async\" width=\"128\" src=\"http:\/\/www.schoene-nachrichten.de\/wp-content\/uploads\/2007\/10\/071018_Landratsamt_04.thumbnail.jpg\" alt=\"071018_Landratsamt_04.jpg\" \/><\/a> <a rel=\"lightbox[roadtrip]\" target=\"_blank\" href=\"http:\/\/www.schoene-nachrichten.de\/wp-content\/uploads\/2007\/10\/071018_Landratsamt_05.jpg\" title=\"Foto: Max Colin Heydenreich\"><img decoding=\"async\" width=\"128\" src=\"http:\/\/www.schoene-nachrichten.de\/wp-content\/uploads\/2007\/10\/071018_Landratsamt_05.thumbnail.jpg\" alt=\"071018_Landratsamt_05.jpg\" \/><\/a> <a rel=\"lightbox[roadtrip]\" target=\"_blank\" href=\"http:\/\/www.schoene-nachrichten.de\/wp-content\/uploads\/2007\/10\/071018_Landratsamt_06.jpg\" title=\"Foto: Max Colin Heydenreich\"><img decoding=\"async\" width=\"128\" src=\"http:\/\/www.schoene-nachrichten.de\/wp-content\/uploads\/2007\/10\/071018_Landratsamt_06.thumbnail.jpg\" alt=\"071018_Landratsamt_06.jpg\" \/><\/a><\/p>\n<p>Umgebaut werden das Hauptgeb\u00e4ude sowie der leer stehende Anbau, in dem einst das Gesundheitsamt untergebracht war. Im Erdgeschoss des Anbaus werden die B\u00fcrgerinnen und B\u00fcrger k\u00fcnftig der Fachbereich Arbeit und Soziales finden &#8211; im Untergeschoss wird das Jugendamt sowie die gemeinsame Adoptionsvermittlungsstelle der Landkreise Fulda und Hersfeld-Rotenburg sowie der Stadt Fulda untergebracht sein.<\/p>\n<p><a rel=\"lightbox[roadtrip]\" target=\"_blank\" href=\"http:\/\/www.schoene-nachrichten.de\/wp-content\/uploads\/2007\/10\/071018_Landratsamt_07.jpg\" title=\"Foto: Max Colin Heydenreich\"><img decoding=\"async\" width=\"128\" src=\"http:\/\/www.schoene-nachrichten.de\/wp-content\/uploads\/2007\/10\/071018_Landratsamt_07.thumbnail.jpg\" alt=\"071018_Landratsamt_07.jpg\" \/><\/a> <a rel=\"lightbox[roadtrip]\" target=\"_blank\" href=\"http:\/\/www.schoene-nachrichten.de\/wp-content\/uploads\/2007\/10\/071018_Landratsamt_08.jpg\" title=\"Foto: Max Colin Heydenreich\"><img decoding=\"async\" width=\"128\" src=\"http:\/\/www.schoene-nachrichten.de\/wp-content\/uploads\/2007\/10\/071018_Landratsamt_08.thumbnail.jpg\" alt=\"071018_Landratsamt_08.jpg\" \/><\/a> <a rel=\"lightbox[roadtrip]\" target=\"_blank\" href=\"http:\/\/www.schoene-nachrichten.de\/wp-content\/uploads\/2007\/10\/071018_Landratsamt_09.jpg\" title=\"Foto: Max Colin Heydenreich\"><img decoding=\"async\" width=\"128\" src=\"http:\/\/www.schoene-nachrichten.de\/wp-content\/uploads\/2007\/10\/071018_Landratsamt_09.thumbnail.jpg\" alt=\"071018_Landratsamt_09.jpg\" \/><\/a><\/p>\n<p>Herbert Hahl, Leiter der Au\u00dfenstelle H\u00fcnfeld, erg\u00e4nzt: \u201eIm Hauptgeb\u00e4ude befinden sich demn\u00e4chst das Bauamt, die Zulassungsstelle und die Mahnstelle des Landes Hessen, das dort mehrere B\u00fcros angemietet hat. Dar\u00fcber hinaus wird es B\u00fcros geben, die tempor\u00e4r von verschiedenen Bereichen (z. B. Ausl\u00e4nderwesen, Landwirtschaft, Schuluntersuchungen) genutzt werden k\u00f6nnen. Zudem befinden sich im Hauptgeb\u00e4ude die B\u00fcros der Au\u00dfenstellenleitung.\u201c<\/p>\n<p><a rel=\"lightbox[roadtrip]\" target=\"_blank\" href=\"http:\/\/www.schoene-nachrichten.de\/wp-content\/uploads\/2007\/10\/071018_Landratsamt_15.jpg\" title=\"Foto: Max Colin Heydenreich\"><img decoding=\"async\" width=\"128\" src=\"http:\/\/www.schoene-nachrichten.de\/wp-content\/uploads\/2007\/10\/071018_Landratsamt_15.thumbnail.jpg\" alt=\"071018_Landratsamt_15.jpg\" \/><\/a>\u00c2\u00a0<a rel=\"lightbox[roadtrip]\" target=\"_blank\" href=\"http:\/\/www.schoene-nachrichten.de\/wp-content\/uploads\/2007\/10\/071018_Landratsamt_16.jpg\" title=\"Foto: Max Colin Heydenreich\"><img decoding=\"async\" width=\"128\" src=\"http:\/\/www.schoene-nachrichten.de\/wp-content\/uploads\/2007\/10\/071018_Landratsamt_16.thumbnail.jpg\" alt=\"071018_Landratsamt_16.jpg\" \/><\/a> <a rel=\"lightbox[roadtrip]\" target=\"_blank\" href=\"http:\/\/www.schoene-nachrichten.de\/wp-content\/uploads\/2007\/10\/071018_Landratsamt_17.jpg\" title=\"Foto: Max Colin Heydenreich\"><img decoding=\"async\" width=\"128\" src=\"http:\/\/www.schoene-nachrichten.de\/wp-content\/uploads\/2007\/10\/071018_Landratsamt_17.thumbnail.jpg\" alt=\"071018_Landratsamt_17.jpg\" \/><\/a><\/p>\n<p>\u00dcber einen Zentraleingang werden die B\u00fcrgerinnen und B\u00fcrger in das Hauptgeb\u00e4ude gelangen. Ein besonderes bauliches Highlight versprechen die Pl\u00e4ne der Architekten: Ein verglaster Kopplungsbau wird Anbau und Hauptgeb\u00e4ude miteinander verbinden. Laut Woide wird es dort bereits ein \u201ekleines B\u00fcrgerb\u00fcro\u201c geben. Hei\u00dft: Schon am Empfang werden Mitarbeiterinnen und Mitarbeiter der verschiedenen Fachdienste als Ansprechpartner zur Verf\u00fcgung stehen und einige Anliegen sofort erledigen k\u00f6nnen.<\/p>\n<p><a rel=\"lightbox[roadtrip]\" target=\"_blank\" href=\"http:\/\/www.schoene-nachrichten.de\/wp-content\/uploads\/2007\/10\/071018_Landratsamt_20.jpg\" title=\"Foto: Max Colin Heydenreich\"><img decoding=\"async\" width=\"128\" src=\"http:\/\/www.schoene-nachrichten.de\/wp-content\/uploads\/2007\/10\/071018_Landratsamt_20.thumbnail.jpg\" alt=\"071018_Landratsamt_20.jpg\" \/><\/a> <a rel=\"lightbox[roadtrip]\" target=\"_blank\" href=\"http:\/\/www.schoene-nachrichten.de\/wp-content\/uploads\/2007\/10\/071018_Landratsamt_21.jpg\" title=\"Foto: Max Colin Heydenreich\"><img decoding=\"async\" width=\"128\" src=\"http:\/\/www.schoene-nachrichten.de\/wp-content\/uploads\/2007\/10\/071018_Landratsamt_21.thumbnail.jpg\" alt=\"071018_Landratsamt_21.jpg\" \/><\/a>\u00c2\u00a0<a rel=\"lightbox[roadtrip]\" target=\"_blank\" href=\"http:\/\/www.schoene-nachrichten.de\/wp-content\/uploads\/2007\/10\/071018_Landratsamt_22.jpg\" title=\"Foto: Max Colin Heydenreich\"><img decoding=\"async\" width=\"128\" src=\"http:\/\/www.schoene-nachrichten.de\/wp-content\/uploads\/2007\/10\/071018_Landratsamt_22.thumbnail.jpg\" alt=\"071018_Landratsamt_22.jpg\" \/><\/a><\/p>\n<p>Dr. Eberhard Fennel, B\u00fcrgermeister der Stadt H\u00fcnfeld, Hermann Josef Scheich, B\u00fcrgermeister der Marktgemeinde Eiterfeld, Hermann Trabert, B\u00fcrgermeister der Gemeinde N\u00fcsttal und Rasdorfs B\u00fcrgermeister Berthold K\u00f6rbel, die zur Pr\u00e4sentation eingeladen waren, lobten unisono die geplanten Umbau- und Modernisierungsma\u00dfnahmen sowie die inhaltliche Neuausrichtung der Au\u00dfenstelle. Dr. Fennel erkl\u00e4rte: \u201eDie Pl\u00e4ne \u00fcbertreffen unsere Hoffnungen bei weitem. Wir freuen uns, dass der Landkreis zur Au\u00dfenstelle steht und dies auch durch eine st\u00e4dtebauliche Qualit\u00e4t zum Ausdruck kommt.\u201c<\/p>\n<p><a rel=\"lightbox[roadtrip]\" target=\"_blank\" href=\"http:\/\/www.schoene-nachrichten.de\/wp-content\/uploads\/2007\/10\/071018_Landratsamt_23.jpg\" title=\"Foto: Max Colin Heydenreich\"><img decoding=\"async\" width=\"128\" src=\"http:\/\/www.schoene-nachrichten.de\/wp-content\/uploads\/2007\/10\/071018_Landratsamt_23.thumbnail.jpg\" alt=\"071018_Landratsamt_23.jpg\" \/><\/a>\u00c2\u00a0<a rel=\"lightbox[roadtrip]\" target=\"_blank\" href=\"http:\/\/www.schoene-nachrichten.de\/wp-content\/uploads\/2007\/10\/071018_Landratsamt_25.jpg\" title=\"Foto: Max Colin Heydenreich\"><img decoding=\"async\" width=\"128\" src=\"http:\/\/www.schoene-nachrichten.de\/wp-content\/uploads\/2007\/10\/071018_Landratsamt_25.thumbnail.jpg\" alt=\"071018_Landratsamt_25.jpg\" \/><\/a> <a rel=\"lightbox[roadtrip]\" target=\"_blank\" href=\"http:\/\/www.schoene-nachrichten.de\/wp-content\/uploads\/2007\/10\/071018_Landratsamt_26.jpg\" title=\"Foto: Max Colin Heydenreich\"><img decoding=\"async\" width=\"128\" src=\"http:\/\/www.schoene-nachrichten.de\/wp-content\/uploads\/2007\/10\/071018_Landratsamt_26.thumbnail.jpg\" alt=\"071018_Landratsamt_26.jpg\" \/><\/a><\/p>\n<p>Bis dato geh\u00f6rte auch eine Villa aus der Gr\u00fcnderzeit zur Au\u00dfenstelle H\u00fcnfeld. \u201eNach den Umbauma\u00dfnahmen\u201c, so Woide, \u201ehaben wir keine Verwendung mehr f\u00fcr die Villa.\u201c Deshalb werde sie verkauft. Ernsthafte Interessenten gibt es bereits: Die Gemeinden Burghaun, Rasdorf und N\u00fcsttal sowie die Stadt H\u00fcnfeld wollen die Villa im Rahmen der interkommunalen Kooperation, die vom Land Hessen gef\u00f6rdert wird, nutzen. Ein Gutachten liegt auch schon vor \u2013 in den n\u00e4chsten Wochen seien noch die Vertragsdetails zu kl\u00e4ren. Danach folge die Entwicklung eines zukunftsorientierten Nutzungskonzeptes.<\/p>\n","protected":false},"excerpt":{"rendered":"<div class=\"tmnf_excerpt\"><p>Sch\u00f6nes aus Fulda. Die Au\u00dfenstelle des Landratsamtes in H\u00fcnfeld wird in den n\u00e4chsten Monaten aufw\u00e4ndig umgebaut und modernisiert. Rund 1,5 Millionen Euro investiert der Landkreis Fulda in die Bauma\u00dfnahmen, die voraussichtlich Mitte November dieses Jahres beginnen werden. Landrat Bernd Woide hat das Bauvorhaben\u00c2\u00a0vergangene Woche\u00c2\u00a0in der Au\u00dfenstelle H\u00fcnfeld vorgestellt. Fotos (27): Max Colin Heydenreich \u00c2\u00a0 \u00c2\u00a0 &hellip;<\/p>\n<\/div>","protected":false},"author":1,"featured_media":0,"comment_status":"closed","ping_status":"closed","sticky":false,"template":"","format":"standard","meta":{"footnotes":""},"categories":[1,54,53,72,29],"tags":[],"class_list":["post-5966","post","type-post","status-publish","format-standard","hentry","category-startseite","category-bildergalerien","category-bildung","category-jugend","category-politik"],"_links":{"self":[{"href":"https:\/\/www.fuldaernachrichten.de\/index.php?rest_route=\/wp\/v2\/posts\/5966","targetHints":{"allow":["GET"]}}],"collection":[{"href":"https:\/\/www.fuldaernachrichten.de\/index.php?rest_route=\/wp\/v2\/posts"}],"about":[{"href":"https:\/\/www.fuldaernachrichten.de\/index.php?rest_route=\/wp\/v2\/types\/post"}],"author":[{"embeddable":true,"href":"https:\/\/www.fuldaernachrichten.de\/index.php?rest_route=\/wp\/v2\/users\/1"}],"replies":[{"embeddable":true,"href":"https:\/\/www.fuldaernachrichten.de\/index.php?rest_route=%2Fwp%2Fv2%2Fcomments&post=5966"}],"version-history":[{"count":0,"href":"https:\/\/www.fuldaernachrichten.de\/index.php?rest_route=\/wp\/v2\/posts\/5966\/revisions"}],"wp:attachment":[{"href":"https:\/\/www.fuldaernachrichten.de\/index.php?rest_route=%2Fwp%2Fv2%2Fmedia&parent=5966"}],"wp:term":[{"taxonomy":"category","embeddable":true,"href":"https:\/\/www.fuldaernachrichten.de\/index.php?rest_route=%2Fwp%2Fv2%2Fcategories&post=5966"},{"taxonomy":"post_tag","embeddable":true,"href":"https:\/\/www.fuldaernachrichten.de\/index.php?rest_route=%2Fwp%2Fv2%2Ftags&post=5966"}],"curies":[{"name":"wp","href":"https:\/\/api.w.org\/{rel}","templated":true}]}}