{"id":59578,"date":"2010-05-16T05:19:56","date_gmt":"2010-05-16T03:19:56","guid":{"rendered":"http:\/\/www.fuldaer-nachrichten.de\/?p=59578"},"modified":"2010-05-16T08:22:09","modified_gmt":"2010-05-16T06:22:09","slug":"stark-bunt-cool-aktionstag-der-hessischen-jugendfeuerwehr-in-grossen-buseck","status":"publish","type":"post","link":"https:\/\/www.fuldaernachrichten.de\/?p=59578","title":{"rendered":"Stark, bunt, cool: Aktionstag der Hessischen Jugendfeuerwehr in Gro\u00dfen-Buseck"},"content":{"rendered":"<p><strong>Gro\u00dfen-Buseck \/ Fulda <\/strong>(sh): Der 13. Aktionstag der Hessischen Jugendfeuerwehr fand k\u00fcrzlich in Gro\u00dfen \u2013 Buseck im Landkreis Gie\u00dfen statt. Hier trafen sich 3000 Jugendfeuerwehrmitglieder aus ganz Hessen. Das Wetter war Klasse und die Angebote vielf\u00e4ltig \u2013 wie auch das Motto des Tages \u201eJugendfeuerwehr \u2013 stark, bunt, cool!\u201c Es gab viele Informationsst\u00e4nde, Attraktionen \u00fcber die Jugendfeuerwehr und oftmals durfte man  selbst mitmachen.<\/p>\n<p><strong>Bericht und Bilder (24)<\/strong>: Kreisjugendfeuerwehr Fulda, Steffen Hohmann<\/p>\n<p><a href=\"http:\/\/www.fuldaer-nachrichten.de\/wp-content\/uploads\/2010\/05\/100515_Feuerwehr1.jpg\"><img decoding=\"async\" class=\"alignnone size-medium wp-image-59580\" title=\"100515_Feuerwehr1\" src=\"http:\/\/www.fuldaer-nachrichten.de\/wp-content\/uploads\/2010\/05\/100515_Feuerwehr1-265x176.jpg\" alt=\"100515_Feuerwehr1\" width=\"265\" height=\"176\" srcset=\"https:\/\/www.fuldaernachrichten.de\/wp-content\/uploads\/2010\/05\/100515_Feuerwehr1-265x176.jpg 265w, https:\/\/www.fuldaernachrichten.de\/wp-content\/uploads\/2010\/05\/100515_Feuerwehr1.jpg 600w\" sizes=\"(max-width: 265px) 100vw, 265px\" \/><\/a> <a href=\"http:\/\/www.fuldaer-nachrichten.de\/wp-content\/uploads\/2010\/05\/100515_Feuerwehr2.jpg\"><img decoding=\"async\" class=\"alignnone size-medium wp-image-59581\" title=\"100515_Feuerwehr2\" src=\"http:\/\/www.fuldaer-nachrichten.de\/wp-content\/uploads\/2010\/05\/100515_Feuerwehr2-265x176.jpg\" alt=\"100515_Feuerwehr2\" width=\"265\" height=\"176\" srcset=\"https:\/\/www.fuldaernachrichten.de\/wp-content\/uploads\/2010\/05\/100515_Feuerwehr2-265x176.jpg 265w, https:\/\/www.fuldaernachrichten.de\/wp-content\/uploads\/2010\/05\/100515_Feuerwehr2.jpg 600w\" sizes=\"(max-width: 265px) 100vw, 265px\" \/><\/a><br \/>\n<a href=\"http:\/\/www.fuldaer-nachrichten.de\/wp-content\/uploads\/2010\/05\/100515_Feuerwehr3.jpg\"><img decoding=\"async\" class=\"alignnone size-medium wp-image-59582\" title=\"100515_Feuerwehr3\" src=\"http:\/\/www.fuldaer-nachrichten.de\/wp-content\/uploads\/2010\/05\/100515_Feuerwehr3-265x176.jpg\" alt=\"100515_Feuerwehr3\" width=\"265\" height=\"176\" srcset=\"https:\/\/www.fuldaernachrichten.de\/wp-content\/uploads\/2010\/05\/100515_Feuerwehr3-265x176.jpg 265w, https:\/\/www.fuldaernachrichten.de\/wp-content\/uploads\/2010\/05\/100515_Feuerwehr3.jpg 600w\" sizes=\"(max-width: 265px) 100vw, 265px\" \/><\/a> <a href=\"http:\/\/www.fuldaer-nachrichten.de\/wp-content\/uploads\/2010\/05\/100515_Feuerwehr4.jpg\"><img loading=\"lazy\" decoding=\"async\" class=\"alignnone size-medium wp-image-59583\" title=\"100515_Feuerwehr4\" src=\"http:\/\/www.fuldaer-nachrichten.de\/wp-content\/uploads\/2010\/05\/100515_Feuerwehr4-265x176.jpg\" alt=\"100515_Feuerwehr4\" width=\"265\" height=\"176\" srcset=\"https:\/\/www.fuldaernachrichten.de\/wp-content\/uploads\/2010\/05\/100515_Feuerwehr4-265x176.jpg 265w, https:\/\/www.fuldaernachrichten.de\/wp-content\/uploads\/2010\/05\/100515_Feuerwehr4.jpg 600w\" sizes=\"(max-width: 265px) 100vw, 265px\" \/><\/a><!--more--><\/p>\n<p>Der Schlosspark sowie die Ortsmitte von Gro\u00dfen \u2013 Buseck war vollst\u00e4ndig in den H\u00e4nden der Feuerwehrjugend. \u00dcberall war etwas Interessantes zu sehen. Zu den Angeboten geh\u00f6rten Mitmachaktionen, wie Bobbycar- Rennen, Kistenstapeln, H\u00fcpfburgen, Buttons basteln, XXL- Menschenkicker oder ein richtiges Feuer l\u00f6schen. Weiter gab es Kletterw\u00e4nde und zahlreiche Spielaktionen. Der Infostand und ein Feuerwehrfahrzeug der Bundeswehr waren weitere Anziehungspunkte. Die Jugendmusikz\u00fcge der Freiwilligen Feuerwehren aus dem Landkreis Gie\u00dfen sowie die Busecker Liveband &#8220;20to8&#8221; sorgten f\u00fcr die musikalische Stimmung.<\/p>\n<p><a href=\"http:\/\/www.fuldaer-nachrichten.de\/wp-content\/uploads\/2010\/05\/100515_Feuerwehr5.jpg\"><img loading=\"lazy\" decoding=\"async\" class=\"alignnone size-medium wp-image-59584\" title=\"100515_Feuerwehr5\" src=\"http:\/\/www.fuldaer-nachrichten.de\/wp-content\/uploads\/2010\/05\/100515_Feuerwehr5-265x176.jpg\" alt=\"100515_Feuerwehr5\" width=\"265\" height=\"176\" srcset=\"https:\/\/www.fuldaernachrichten.de\/wp-content\/uploads\/2010\/05\/100515_Feuerwehr5-265x176.jpg 265w, https:\/\/www.fuldaernachrichten.de\/wp-content\/uploads\/2010\/05\/100515_Feuerwehr5.jpg 600w\" sizes=\"(max-width: 265px) 100vw, 265px\" \/><\/a> <a href=\"http:\/\/www.fuldaer-nachrichten.de\/wp-content\/uploads\/2010\/05\/100515_Feuerwehr6.jpg\"><img loading=\"lazy\" decoding=\"async\" class=\"alignnone size-medium wp-image-59585\" title=\"100515_Feuerwehr6\" src=\"http:\/\/www.fuldaer-nachrichten.de\/wp-content\/uploads\/2010\/05\/100515_Feuerwehr6-265x176.jpg\" alt=\"100515_Feuerwehr6\" width=\"265\" height=\"176\" srcset=\"https:\/\/www.fuldaernachrichten.de\/wp-content\/uploads\/2010\/05\/100515_Feuerwehr6-265x176.jpg 265w, https:\/\/www.fuldaernachrichten.de\/wp-content\/uploads\/2010\/05\/100515_Feuerwehr6.jpg 600w\" sizes=\"(max-width: 265px) 100vw, 265px\" \/><\/a><br \/>\n<a href=\"http:\/\/www.fuldaer-nachrichten.de\/wp-content\/uploads\/2010\/05\/100515_Feuerwehr7.jpg\"><img loading=\"lazy\" decoding=\"async\" class=\"alignnone size-medium wp-image-59586\" title=\"100515_Feuerwehr7\" src=\"http:\/\/www.fuldaer-nachrichten.de\/wp-content\/uploads\/2010\/05\/100515_Feuerwehr7-265x176.jpg\" alt=\"100515_Feuerwehr7\" width=\"265\" height=\"176\" srcset=\"https:\/\/www.fuldaernachrichten.de\/wp-content\/uploads\/2010\/05\/100515_Feuerwehr7-265x176.jpg 265w, https:\/\/www.fuldaernachrichten.de\/wp-content\/uploads\/2010\/05\/100515_Feuerwehr7.jpg 600w\" sizes=\"(max-width: 265px) 100vw, 265px\" \/><\/a> <a href=\"http:\/\/www.fuldaer-nachrichten.de\/wp-content\/uploads\/2010\/05\/100515_Feuerwehr8.jpg\"><img loading=\"lazy\" decoding=\"async\" class=\"alignnone size-medium wp-image-59587\" title=\"100515_Feuerwehr8\" src=\"http:\/\/www.fuldaer-nachrichten.de\/wp-content\/uploads\/2010\/05\/100515_Feuerwehr8-265x176.jpg\" alt=\"100515_Feuerwehr8\" width=\"265\" height=\"176\" srcset=\"https:\/\/www.fuldaernachrichten.de\/wp-content\/uploads\/2010\/05\/100515_Feuerwehr8-265x176.jpg 265w, https:\/\/www.fuldaernachrichten.de\/wp-content\/uploads\/2010\/05\/100515_Feuerwehr8.jpg 600w\" sizes=\"(max-width: 265px) 100vw, 265px\" \/><\/a><\/p>\n<p>Die Kreisjugendfeuerwehr Fulda pr\u00e4sentierte das \u201eRh\u00f6nerlebnis\u201c mit Informationen zu den Sehensw\u00fcrdigkeiten der Rh\u00f6n. Damit der Tag noch lange in Erinnerung bleibt, konnten sich die Jugendlichen fotografieren lassen und bekamen das Ergebnis in Form eines Ansteckbuttons mit nach Hause. Als Kulisse dienten ein gro\u00dfes Transparent vom Biosph\u00e4renreservat sowie ein gro\u00dfer Stohrundballen. Die Mohrenkopfweitwurfmaschine rundete den Fuldaer Stand ab. Hierbei musste man ein Ball auf eine Zielscheibe werfen  und bei einem Treffer fliegt dem Sch\u00fctze ein Mohrenkopf entgegen. Die Jugendfeuerwehren aus dem Landkreis Fulda reisten mit 8 Bussen und \u00fcber 400 Jugendlichen zu diesem Landesjugendfeuerwehrtag nach Gro\u00dfen &#8211; Buseck.<\/p>\n<p><a href=\"http:\/\/www.fuldaer-nachrichten.de\/wp-content\/uploads\/2010\/05\/100515_Feuerwehr9.jpg\"><img loading=\"lazy\" decoding=\"async\" class=\"alignnone size-medium wp-image-59588\" title=\"100515_Feuerwehr9\" src=\"http:\/\/www.fuldaer-nachrichten.de\/wp-content\/uploads\/2010\/05\/100515_Feuerwehr9-265x176.jpg\" alt=\"100515_Feuerwehr9\" width=\"265\" height=\"176\" srcset=\"https:\/\/www.fuldaernachrichten.de\/wp-content\/uploads\/2010\/05\/100515_Feuerwehr9-265x176.jpg 265w, https:\/\/www.fuldaernachrichten.de\/wp-content\/uploads\/2010\/05\/100515_Feuerwehr9.jpg 600w\" sizes=\"(max-width: 265px) 100vw, 265px\" \/><\/a> <a href=\"http:\/\/www.fuldaer-nachrichten.de\/wp-content\/uploads\/2010\/05\/100515_Feuerwehr10.jpg\"><img loading=\"lazy\" decoding=\"async\" class=\"alignnone size-medium wp-image-59589\" title=\"100515_Feuerwehr10\" src=\"http:\/\/www.fuldaer-nachrichten.de\/wp-content\/uploads\/2010\/05\/100515_Feuerwehr10-265x176.jpg\" alt=\"100515_Feuerwehr10\" width=\"265\" height=\"176\" srcset=\"https:\/\/www.fuldaernachrichten.de\/wp-content\/uploads\/2010\/05\/100515_Feuerwehr10-265x176.jpg 265w, https:\/\/www.fuldaernachrichten.de\/wp-content\/uploads\/2010\/05\/100515_Feuerwehr10.jpg 600w\" sizes=\"(max-width: 265px) 100vw, 265px\" \/><\/a><br \/>\n<a href=\"http:\/\/www.fuldaer-nachrichten.de\/wp-content\/uploads\/2010\/05\/100515_Feuerwehr11.jpg\"><img loading=\"lazy\" decoding=\"async\" class=\"alignnone size-medium wp-image-59590\" title=\"100515_Feuerwehr11\" src=\"http:\/\/www.fuldaer-nachrichten.de\/wp-content\/uploads\/2010\/05\/100515_Feuerwehr11-265x176.jpg\" alt=\"100515_Feuerwehr11\" width=\"265\" height=\"176\" srcset=\"https:\/\/www.fuldaernachrichten.de\/wp-content\/uploads\/2010\/05\/100515_Feuerwehr11-265x176.jpg 265w, https:\/\/www.fuldaernachrichten.de\/wp-content\/uploads\/2010\/05\/100515_Feuerwehr11.jpg 600w\" sizes=\"(max-width: 265px) 100vw, 265px\" \/><\/a> <a href=\"http:\/\/www.fuldaer-nachrichten.de\/wp-content\/uploads\/2010\/05\/100515_Feuerwehr12.jpg\"><img loading=\"lazy\" decoding=\"async\" class=\"alignnone size-medium wp-image-59591\" title=\"100515_Feuerwehr12\" src=\"http:\/\/www.fuldaer-nachrichten.de\/wp-content\/uploads\/2010\/05\/100515_Feuerwehr12-265x176.jpg\" alt=\"100515_Feuerwehr12\" width=\"265\" height=\"176\" srcset=\"https:\/\/www.fuldaernachrichten.de\/wp-content\/uploads\/2010\/05\/100515_Feuerwehr12-265x176.jpg 265w, https:\/\/www.fuldaernachrichten.de\/wp-content\/uploads\/2010\/05\/100515_Feuerwehr12.jpg 600w\" sizes=\"(max-width: 265px) 100vw, 265px\" \/><\/a><\/p>\n<p>Am Abend fand im Kulturzentrum Gro\u00dfen &#8211; Buseck der Bunte Abend f\u00fcr alle hessischen Jugendfeuerwehrdelegierte statt. Hierbei handelt es sich um die Vertreter der Kreisjugendfeuerwehren, die am Sonntagmorgen an der Delegiertenversammlung der Hessischen Jugendfeuerwehr teilnahmen. Diese Veranstaltung, wo unter anderem die Neuwahlen der Landesjugendleitung auf der Tagesordnung standen, bildete den Abschluss des Hessischen Landesjugendfeuerwehrtages 2010.<\/p>\n<p><a href=\"http:\/\/www.fuldaer-nachrichten.de\/wp-content\/uploads\/2010\/05\/100515_Feuerwehr14.jpg\"><img loading=\"lazy\" decoding=\"async\" class=\"alignnone size-medium wp-image-59604\" title=\"100515_Feuerwehr14\" src=\"http:\/\/www.fuldaer-nachrichten.de\/wp-content\/uploads\/2010\/05\/100515_Feuerwehr14-265x176.jpg\" alt=\"100515_Feuerwehr14\" width=\"265\" height=\"176\" srcset=\"https:\/\/www.fuldaernachrichten.de\/wp-content\/uploads\/2010\/05\/100515_Feuerwehr14-265x176.jpg 265w, https:\/\/www.fuldaernachrichten.de\/wp-content\/uploads\/2010\/05\/100515_Feuerwehr14.jpg 600w\" sizes=\"(max-width: 265px) 100vw, 265px\" \/><\/a> <a href=\"http:\/\/www.fuldaer-nachrichten.de\/wp-content\/uploads\/2010\/05\/100515_Feuerwehr15.jpg\"><img loading=\"lazy\" decoding=\"async\" class=\"alignnone size-medium wp-image-59605\" title=\"100515_Feuerwehr15\" src=\"http:\/\/www.fuldaer-nachrichten.de\/wp-content\/uploads\/2010\/05\/100515_Feuerwehr15-265x176.jpg\" alt=\"100515_Feuerwehr15\" width=\"265\" height=\"176\" srcset=\"https:\/\/www.fuldaernachrichten.de\/wp-content\/uploads\/2010\/05\/100515_Feuerwehr15-265x176.jpg 265w, https:\/\/www.fuldaernachrichten.de\/wp-content\/uploads\/2010\/05\/100515_Feuerwehr15.jpg 600w\" sizes=\"(max-width: 265px) 100vw, 265px\" \/><\/a><br \/>\n<a href=\"http:\/\/www.fuldaer-nachrichten.de\/wp-content\/uploads\/2010\/05\/100515_Feuerwehr16.jpg\"><img loading=\"lazy\" decoding=\"async\" class=\"alignnone size-medium wp-image-59606\" title=\"100515_Feuerwehr16\" src=\"http:\/\/www.fuldaer-nachrichten.de\/wp-content\/uploads\/2010\/05\/100515_Feuerwehr16-265x176.jpg\" alt=\"100515_Feuerwehr16\" width=\"265\" height=\"176\" srcset=\"https:\/\/www.fuldaernachrichten.de\/wp-content\/uploads\/2010\/05\/100515_Feuerwehr16-265x176.jpg 265w, https:\/\/www.fuldaernachrichten.de\/wp-content\/uploads\/2010\/05\/100515_Feuerwehr16.jpg 600w\" sizes=\"(max-width: 265px) 100vw, 265px\" \/><\/a> <a href=\"http:\/\/www.fuldaer-nachrichten.de\/wp-content\/uploads\/2010\/05\/100515_Feuerwehr17.jpg\"><img loading=\"lazy\" decoding=\"async\" class=\"alignnone size-thumbnail wp-image-59607\" title=\"100515_Feuerwehr17\" src=\"http:\/\/www.fuldaer-nachrichten.de\/wp-content\/uploads\/2010\/05\/100515_Feuerwehr17-265x398.jpg\" alt=\"100515_Feuerwehr17\" width=\"265\" height=\"398\" srcset=\"https:\/\/www.fuldaernachrichten.de\/wp-content\/uploads\/2010\/05\/100515_Feuerwehr17-265x398.jpg 265w, https:\/\/www.fuldaernachrichten.de\/wp-content\/uploads\/2010\/05\/100515_Feuerwehr17.jpg 399w\" sizes=\"(max-width: 265px) 100vw, 265px\" \/><\/a><br \/>\n<a href=\"http:\/\/www.fuldaer-nachrichten.de\/wp-content\/uploads\/2010\/05\/100515_Feuerwehr18.jpg\"><img loading=\"lazy\" decoding=\"async\" class=\"alignnone size-medium wp-image-59608\" title=\"100515_Feuerwehr18\" src=\"http:\/\/www.fuldaer-nachrichten.de\/wp-content\/uploads\/2010\/05\/100515_Feuerwehr18-265x176.jpg\" alt=\"100515_Feuerwehr18\" width=\"265\" height=\"176\" srcset=\"https:\/\/www.fuldaernachrichten.de\/wp-content\/uploads\/2010\/05\/100515_Feuerwehr18-265x176.jpg 265w, https:\/\/www.fuldaernachrichten.de\/wp-content\/uploads\/2010\/05\/100515_Feuerwehr18.jpg 600w\" sizes=\"(max-width: 265px) 100vw, 265px\" \/><\/a> <a href=\"http:\/\/www.fuldaer-nachrichten.de\/wp-content\/uploads\/2010\/05\/100515_Feuerwehr19.jpg\"><img loading=\"lazy\" decoding=\"async\" class=\"alignnone size-medium wp-image-59609\" title=\"100515_Feuerwehr19\" src=\"http:\/\/www.fuldaer-nachrichten.de\/wp-content\/uploads\/2010\/05\/100515_Feuerwehr19-265x176.jpg\" alt=\"100515_Feuerwehr19\" width=\"265\" height=\"176\" srcset=\"https:\/\/www.fuldaernachrichten.de\/wp-content\/uploads\/2010\/05\/100515_Feuerwehr19-265x176.jpg 265w, https:\/\/www.fuldaernachrichten.de\/wp-content\/uploads\/2010\/05\/100515_Feuerwehr19.jpg 600w\" sizes=\"(max-width: 265px) 100vw, 265px\" \/><\/a><br \/>\n<a href=\"http:\/\/www.fuldaer-nachrichten.de\/wp-content\/uploads\/2010\/05\/100515_Feuerwehr21.jpg\"><img loading=\"lazy\" decoding=\"async\" class=\"alignnone size-medium wp-image-59611\" title=\"100515_Feuerwehr21\" src=\"http:\/\/www.fuldaer-nachrichten.de\/wp-content\/uploads\/2010\/05\/100515_Feuerwehr21-265x176.jpg\" alt=\"100515_Feuerwehr21\" width=\"265\" height=\"176\" srcset=\"https:\/\/www.fuldaernachrichten.de\/wp-content\/uploads\/2010\/05\/100515_Feuerwehr21-265x176.jpg 265w, https:\/\/www.fuldaernachrichten.de\/wp-content\/uploads\/2010\/05\/100515_Feuerwehr21.jpg 600w\" sizes=\"(max-width: 265px) 100vw, 265px\" \/><\/a> <a href=\"http:\/\/www.fuldaer-nachrichten.de\/wp-content\/uploads\/2010\/05\/100515_Feuerwehr22.jpg\"><img loading=\"lazy\" decoding=\"async\" class=\"alignnone size-medium wp-image-59612\" title=\"100515_Feuerwehr22\" src=\"http:\/\/www.fuldaer-nachrichten.de\/wp-content\/uploads\/2010\/05\/100515_Feuerwehr22-265x176.jpg\" alt=\"100515_Feuerwehr22\" width=\"265\" height=\"176\" srcset=\"https:\/\/www.fuldaernachrichten.de\/wp-content\/uploads\/2010\/05\/100515_Feuerwehr22-265x176.jpg 265w, https:\/\/www.fuldaernachrichten.de\/wp-content\/uploads\/2010\/05\/100515_Feuerwehr22.jpg 600w\" sizes=\"(max-width: 265px) 100vw, 265px\" \/><\/a><br \/>\n<a href=\"http:\/\/www.fuldaer-nachrichten.de\/wp-content\/uploads\/2010\/05\/100515_Feuerwehr23.jpg\"><img loading=\"lazy\" decoding=\"async\" class=\"alignnone size-medium wp-image-59613\" title=\"100515_Feuerwehr23\" src=\"http:\/\/www.fuldaer-nachrichten.de\/wp-content\/uploads\/2010\/05\/100515_Feuerwehr23-265x176.jpg\" alt=\"100515_Feuerwehr23\" width=\"265\" height=\"176\" srcset=\"https:\/\/www.fuldaernachrichten.de\/wp-content\/uploads\/2010\/05\/100515_Feuerwehr23-265x176.jpg 265w, https:\/\/www.fuldaernachrichten.de\/wp-content\/uploads\/2010\/05\/100515_Feuerwehr23.jpg 600w\" sizes=\"(max-width: 265px) 100vw, 265px\" \/><\/a> <a href=\"http:\/\/www.fuldaer-nachrichten.de\/wp-content\/uploads\/2010\/05\/100515_Feuerwehr24.jpg\"><img loading=\"lazy\" decoding=\"async\" class=\"alignnone size-medium wp-image-59614\" title=\"100515_Feuerwehr24\" src=\"http:\/\/www.fuldaer-nachrichten.de\/wp-content\/uploads\/2010\/05\/100515_Feuerwehr24-265x176.jpg\" alt=\"100515_Feuerwehr24\" width=\"265\" height=\"176\" srcset=\"https:\/\/www.fuldaernachrichten.de\/wp-content\/uploads\/2010\/05\/100515_Feuerwehr24-265x176.jpg 265w, https:\/\/www.fuldaernachrichten.de\/wp-content\/uploads\/2010\/05\/100515_Feuerwehr24.jpg 600w\" sizes=\"(max-width: 265px) 100vw, 265px\" \/><\/a><br \/>\n<a href=\"http:\/\/www.fuldaer-nachrichten.de\/wp-content\/uploads\/2010\/05\/100515_Feuerwehr25.jpg\"><img loading=\"lazy\" decoding=\"async\" class=\"alignnone size-medium wp-image-59615\" title=\"100515_Feuerwehr25\" src=\"http:\/\/www.fuldaer-nachrichten.de\/wp-content\/uploads\/2010\/05\/100515_Feuerwehr25-265x176.jpg\" alt=\"100515_Feuerwehr25\" width=\"265\" height=\"176\" srcset=\"https:\/\/www.fuldaernachrichten.de\/wp-content\/uploads\/2010\/05\/100515_Feuerwehr25-265x176.jpg 265w, https:\/\/www.fuldaernachrichten.de\/wp-content\/uploads\/2010\/05\/100515_Feuerwehr25.jpg 600w\" sizes=\"(max-width: 265px) 100vw, 265px\" \/><\/a> <a href=\"http:\/\/www.fuldaer-nachrichten.de\/wp-content\/uploads\/2010\/05\/100515_Feuerwehr26.jpg\"><img loading=\"lazy\" decoding=\"async\" class=\"alignnone size-medium wp-image-59616\" title=\"100515_Feuerwehr26\" src=\"http:\/\/www.fuldaer-nachrichten.de\/wp-content\/uploads\/2010\/05\/100515_Feuerwehr26-265x176.jpg\" alt=\"100515_Feuerwehr26\" width=\"265\" height=\"176\" srcset=\"https:\/\/www.fuldaernachrichten.de\/wp-content\/uploads\/2010\/05\/100515_Feuerwehr26-265x176.jpg 265w, https:\/\/www.fuldaernachrichten.de\/wp-content\/uploads\/2010\/05\/100515_Feuerwehr26.jpg 600w\" sizes=\"(max-width: 265px) 100vw, 265px\" \/><\/a><\/p>\n","protected":false},"excerpt":{"rendered":"<div class=\"tmnf_excerpt\"><p>Gro\u00dfen-Buseck \/ Fulda (sh): Der 13. Aktionstag der Hessischen Jugendfeuerwehr fand k\u00fcrzlich in Gro\u00dfen \u2013 Buseck im Landkreis Gie\u00dfen statt. Hier trafen sich 3000 Jugendfeuerwehrmitglieder aus ganz Hessen. Das Wetter war Klasse und die Angebote vielf\u00e4ltig \u2013 wie auch das Motto des Tages \u201eJugendfeuerwehr \u2013 stark, bunt, cool!\u201c Es gab viele Informationsst\u00e4nde, Attraktionen \u00fcber die &hellip;<\/p>\n<\/div>","protected":false},"author":1,"featured_media":0,"comment_status":"closed","ping_status":"closed","sticky":false,"template":"","format":"standard","meta":{"footnotes":""},"categories":[1,71],"tags":[],"class_list":["post-59578","post","type-post","status-publish","format-standard","hentry","category-startseite","category-feuerwehr"],"_links":{"self":[{"href":"https:\/\/www.fuldaernachrichten.de\/index.php?rest_route=\/wp\/v2\/posts\/59578","targetHints":{"allow":["GET"]}}],"collection":[{"href":"https:\/\/www.fuldaernachrichten.de\/index.php?rest_route=\/wp\/v2\/posts"}],"about":[{"href":"https:\/\/www.fuldaernachrichten.de\/index.php?rest_route=\/wp\/v2\/types\/post"}],"author":[{"embeddable":true,"href":"https:\/\/www.fuldaernachrichten.de\/index.php?rest_route=\/wp\/v2\/users\/1"}],"replies":[{"embeddable":true,"href":"https:\/\/www.fuldaernachrichten.de\/index.php?rest_route=%2Fwp%2Fv2%2Fcomments&post=59578"}],"version-history":[{"count":16,"href":"https:\/\/www.fuldaernachrichten.de\/index.php?rest_route=\/wp\/v2\/posts\/59578\/revisions"}],"predecessor-version":[{"id":59667,"href":"https:\/\/www.fuldaernachrichten.de\/index.php?rest_route=\/wp\/v2\/posts\/59578\/revisions\/59667"}],"wp:attachment":[{"href":"https:\/\/www.fuldaernachrichten.de\/index.php?rest_route=%2Fwp%2Fv2%2Fmedia&parent=59578"}],"wp:term":[{"taxonomy":"category","embeddable":true,"href":"https:\/\/www.fuldaernachrichten.de\/index.php?rest_route=%2Fwp%2Fv2%2Fcategories&post=59578"},{"taxonomy":"post_tag","embeddable":true,"href":"https:\/\/www.fuldaernachrichten.de\/index.php?rest_route=%2Fwp%2Fv2%2Ftags&post=59578"}],"curies":[{"name":"wp","href":"https:\/\/api.w.org\/{rel}","templated":true}]}}