{"id":5956,"date":"2007-10-18T00:36:34","date_gmt":"2007-10-17T22:36:34","guid":{"rendered":"http:\/\/www.schoene-nachrichten.de\/?p=5956"},"modified":"2007-10-18T00:36:37","modified_gmt":"2007-10-17T22:36:37","slug":"informatik-absolvent-der-hochschule-fulda-hat-promoviert","status":"publish","type":"post","link":"https:\/\/www.fuldaernachrichten.de\/?p=5956","title":{"rendered":"Informatik-Absolvent der Hochschule Fulda hat promoviert"},"content":{"rendered":"<p><a rel=\"lightbox[roadtrip]\" target=\"_blank\" href=\"http:\/\/www.schoene-nachrichten.de\/wp-content\/uploads\/2007\/10\/071017_rieger.jpg\" title=\"071017_rieger.jpg\"><img decoding=\"async\" align=\"left\" src=\"http:\/\/www.schoene-nachrichten.de\/wp-content\/uploads\/2007\/10\/071017_rieger.thumbnail.jpg\" hspace=\"5\" alt=\"071017_rieger.jpg\" \/><\/a><strong>Leute. <\/strong>Sebastian Rieger, Absolvent des Fachbereichs Angewandte Informatik der Hochschule Fulda aus dem Jahr 2004, hat sein Promotionsverfahren an der Universit\u00e4t G\u00f6ttingen erfolgreich abgeschlossen. Seine Dissertationsschrift tr\u00e4gt den Titel \u201eEinheitliche Authentifizierung in heterogenen IT-Strukturen f\u00fcr ein sicheres e-Science-Umfeld&#8221;.\u00c2\u00a0Rieger studierte Angewandte Informatik mit dem Studienschwerpunkt Medieninformatik und ist seit seinem Studienabschluss bei der Gesellschaft f\u00fcr wissenschaftliche Datenverarbeitung mbH G\u00f6ttingen t\u00e4tig.<!--more--><\/p>\n<p>Um die Bef\u00e4higung zur Promotion nachzuweisen, hat Sebastian Rieger als Fachhochschulabsolvent zus\u00e4tzliche Pr\u00fcfungen an der Universit\u00e4t G\u00f6ttingen\u00c2\u00a0absolviert. Er habe damit bewiesen, dass die Studierenden an der Hochschule Fulda im Fachbereich Angewandte Informatik eine gr\u00fcndliche Ausbildung auf hohem Niveau genie\u00dfen. Der Weg zur T\u00e4tigkeit im wissenschaftlichen Bereich bleibe ihnen daher offen, so die Hochschule Fulda.<\/p>\n<p>Sebastian Rieger hat bereits ein Buch \u00fcber Web-Technologien mitverfasst und bietet eine von Studierenden\u00c2\u00a0beliebte Lernveranstaltung zu diesem Thema an der Hochschule Fulda an.<\/p>\n","protected":false},"excerpt":{"rendered":"<div class=\"tmnf_excerpt\"><p>Leute. Sebastian Rieger, Absolvent des Fachbereichs Angewandte Informatik der Hochschule Fulda aus dem Jahr 2004, hat sein Promotionsverfahren an der Universit\u00e4t G\u00f6ttingen erfolgreich abgeschlossen. Seine Dissertationsschrift tr\u00e4gt den Titel \u201eEinheitliche Authentifizierung in heterogenen IT-Strukturen f\u00fcr ein sicheres e-Science-Umfeld&#8221;.\u00c2\u00a0Rieger studierte Angewandte Informatik mit dem Studienschwerpunkt Medieninformatik und ist seit seinem Studienabschluss bei der Gesellschaft f\u00fcr wissenschaftliche &hellip;<\/p>\n<\/div>","protected":false},"author":1,"featured_media":0,"comment_status":"closed","ping_status":"closed","sticky":false,"template":"","format":"standard","meta":{"footnotes":""},"categories":[1,53,48],"tags":[],"class_list":["post-5956","post","type-post","status-publish","format-standard","hentry","category-startseite","category-bildung","category-forschung"],"_links":{"self":[{"href":"https:\/\/www.fuldaernachrichten.de\/index.php?rest_route=\/wp\/v2\/posts\/5956","targetHints":{"allow":["GET"]}}],"collection":[{"href":"https:\/\/www.fuldaernachrichten.de\/index.php?rest_route=\/wp\/v2\/posts"}],"about":[{"href":"https:\/\/www.fuldaernachrichten.de\/index.php?rest_route=\/wp\/v2\/types\/post"}],"author":[{"embeddable":true,"href":"https:\/\/www.fuldaernachrichten.de\/index.php?rest_route=\/wp\/v2\/users\/1"}],"replies":[{"embeddable":true,"href":"https:\/\/www.fuldaernachrichten.de\/index.php?rest_route=%2Fwp%2Fv2%2Fcomments&post=5956"}],"version-history":[{"count":0,"href":"https:\/\/www.fuldaernachrichten.de\/index.php?rest_route=\/wp\/v2\/posts\/5956\/revisions"}],"wp:attachment":[{"href":"https:\/\/www.fuldaernachrichten.de\/index.php?rest_route=%2Fwp%2Fv2%2Fmedia&parent=5956"}],"wp:term":[{"taxonomy":"category","embeddable":true,"href":"https:\/\/www.fuldaernachrichten.de\/index.php?rest_route=%2Fwp%2Fv2%2Fcategories&post=5956"},{"taxonomy":"post_tag","embeddable":true,"href":"https:\/\/www.fuldaernachrichten.de\/index.php?rest_route=%2Fwp%2Fv2%2Ftags&post=5956"}],"curies":[{"name":"wp","href":"https:\/\/api.w.org\/{rel}","templated":true}]}}