{"id":595,"date":"2007-01-03T12:51:40","date_gmt":"2007-01-03T11:51:40","guid":{"rendered":"http:\/\/www.schoene-nachrichten.de\/?p=595"},"modified":"2007-01-16T20:50:01","modified_gmt":"2007-01-16T19:50:01","slug":"von-pravention-bis-spurensuche-vhs-bietet-besichtigung-des-polizeiprasidiums-osthessen-an","status":"publish","type":"post","link":"https:\/\/www.fuldaernachrichten.de\/?p=595","title":{"rendered":"Von Pr\u00e4vention bis Spurensuche &#8211; vhs bietet Besichtigung des Polizeipr\u00e4sidiums Osthessen an"},"content":{"rendered":"<p><strong>Sch\u00f6nes aus Fulda.<\/strong> Die Volkshochschule der Stadt Fulda bietet am Donnerstag, 18. Januar, um 14.00 Uhr eine Besichtigung des Polizeipr\u00e4sidiums im M\u00fcnsterfeld an. Details zur Hessischen Polizei, Pr\u00e4ventionshinweise oder die Bearbeitung von Notrufen werden werden ebenso thematisiert wie die Spurensuche am Tatort und DNA-Untersuchungen. Interessierte k\u00f6nnen Fragen zu allen Themen mit polizeilichem Bezug\u00c2\u00a0stellen. Die Volkshochschule bittet um Anmeldung unter\u00c2\u00a0Telefon 102-14 77. Das Polizeipr\u00e4sidium Osthessen ist von der Innenstadt aus mit der Buslinie 4, Richtung Haimbach, Haltestelle Washingtonallee, zu erreichen.<\/p>\n","protected":false},"excerpt":{"rendered":"<div class=\"tmnf_excerpt\"><p>Sch\u00f6nes aus Fulda. Die Volkshochschule der Stadt Fulda bietet am Donnerstag, 18. Januar, um 14.00 Uhr eine Besichtigung des Polizeipr\u00e4sidiums im M\u00fcnsterfeld an. Details zur Hessischen Polizei, Pr\u00e4ventionshinweise oder die Bearbeitung von Notrufen werden werden ebenso thematisiert wie die Spurensuche am Tatort und DNA-Untersuchungen. Interessierte k\u00f6nnen Fragen zu allen Themen mit polizeilichem Bezug\u00c2\u00a0stellen. Die Volkshochschule &hellip;<\/p>\n<\/div>","protected":false},"author":1,"featured_media":0,"comment_status":"closed","ping_status":"closed","sticky":false,"template":"","format":"standard","meta":{"footnotes":""},"categories":[1],"tags":[],"class_list":["post-595","post","type-post","status-publish","format-standard","hentry","category-startseite"],"_links":{"self":[{"href":"https:\/\/www.fuldaernachrichten.de\/index.php?rest_route=\/wp\/v2\/posts\/595","targetHints":{"allow":["GET"]}}],"collection":[{"href":"https:\/\/www.fuldaernachrichten.de\/index.php?rest_route=\/wp\/v2\/posts"}],"about":[{"href":"https:\/\/www.fuldaernachrichten.de\/index.php?rest_route=\/wp\/v2\/types\/post"}],"author":[{"embeddable":true,"href":"https:\/\/www.fuldaernachrichten.de\/index.php?rest_route=\/wp\/v2\/users\/1"}],"replies":[{"embeddable":true,"href":"https:\/\/www.fuldaernachrichten.de\/index.php?rest_route=%2Fwp%2Fv2%2Fcomments&post=595"}],"version-history":[{"count":0,"href":"https:\/\/www.fuldaernachrichten.de\/index.php?rest_route=\/wp\/v2\/posts\/595\/revisions"}],"wp:attachment":[{"href":"https:\/\/www.fuldaernachrichten.de\/index.php?rest_route=%2Fwp%2Fv2%2Fmedia&parent=595"}],"wp:term":[{"taxonomy":"category","embeddable":true,"href":"https:\/\/www.fuldaernachrichten.de\/index.php?rest_route=%2Fwp%2Fv2%2Fcategories&post=595"},{"taxonomy":"post_tag","embeddable":true,"href":"https:\/\/www.fuldaernachrichten.de\/index.php?rest_route=%2Fwp%2Fv2%2Ftags&post=595"}],"curies":[{"name":"wp","href":"https:\/\/api.w.org\/{rel}","templated":true}]}}