{"id":59407,"date":"2010-05-12T04:36:20","date_gmt":"2010-05-12T02:36:20","guid":{"rendered":"http:\/\/www.fuldaer-nachrichten.de\/?p=59407"},"modified":"2010-05-12T07:36:38","modified_gmt":"2010-05-12T05:36:38","slug":"uewag-laedt-zum-energy-event-nach-bad-soden-salmuenster-am-4-september-2010","status":"publish","type":"post","link":"https:\/\/www.fuldaernachrichten.de\/?p=59407","title":{"rendered":"\u00dcWAG l\u00e4dt zum energy-event nach Bad Soden-Salm\u00fcnster am 4. September 2010"},"content":{"rendered":"<p><strong>Bad Soden-Salm\u00fcnster.<\/strong><strong> <\/strong>Termin und Ort f\u00fcr den \u00dcWAG energy-event 2010 stehen fest: Am Samstag, 4.\u00c2\u00a0September 2010, ist die \u00dcWAG mit ihrem Musikfestival der Extraklasse in Bad Soden-Salm\u00fcnster zu Gast. Veranstaltungsort ist der Festplatz Salm\u00fcnster. Diesj\u00e4hriger Top-Act: \u201eThe Rattles\u201c, die Kult-Band aus Hamburg. Damit sich alle Freunde guter Live-Musik den Termin schon mal reservieren k\u00f6nnen, hier die ersten Informationen.<!--more--><\/p>\n<p>Die Musikfreunde der Region k\u00f6nnen sich auf ein Musikprogramm voller Power im Main-Kinzig-Kreis freuen. Im Abendprogramm rockt zun\u00e4chst die regionale Big-Band-Formation \u201eVorsicht Gebl\u00e4se!\u201c im \u00dcWAG-Festzelt \u2013 beste Stimmung zum Mittanzen ist garantiert. H\u00f6hepunkt des \u00dcWAG energy-event 2010 ist dann der Auftritt der Beat- und Rock-Kult-Formation \u201eThe Rattles\u201c. Die Musiker aus Hamburg, die schon mit den Rolling Stones, The Who und den Beatles tourten, bringen das Beste aus 50 Jahren Bandgeschichte live auf die B\u00fchne in Bad Soden-Salm\u00fcnster. Ihr Welthit \u201eThe Witch\u201c wird da sicherlich nicht fehlen!<\/p>\n<p>Die gro\u00dfe \u00dcWAG laser-show und Disco-Kl\u00e4nge runden das Programm im gro\u00dfen Festzelt ab. Ein buntes Familienprogramm, das ebenfalls von Live-Musik begleitet wird, startet bereits um 15:00 Uhr. Also: Samstag, 4. September 2010, fest im Terminkalender notieren \u2013 und auf nach Bad Soden-Salm\u00fcnster!<\/p>\n<p>Wie in jedem Jahr verbindet die \u00dcWAG ihr gro\u00dfes Kundenfest mit sozialem Engagement: Der Erl\u00f6s aus dem Verkauf der Eintrittskarten f\u00fcr das Abendprogramm (5 Euro, Vorverkauf ab sofort im \u00dcWAG-Kundenzentrum in Fulda sowie in den \u00dcWAG-Servicestellen Bad Soden-Salm\u00fcnster und Schl\u00fcchtern) flie\u00dft an die Aktion \u201eIch brauche Deine Hilfe!\u201c der Fuldaer Zeitung\/Kinzigtal-Nachrichten.<\/p>\n","protected":false},"excerpt":{"rendered":"<div class=\"tmnf_excerpt\"><p>Bad Soden-Salm\u00fcnster. Termin und Ort f\u00fcr den \u00dcWAG energy-event 2010 stehen fest: Am Samstag, 4.\u00c2\u00a0September 2010, ist die \u00dcWAG mit ihrem Musikfestival der Extraklasse in Bad Soden-Salm\u00fcnster zu Gast. Veranstaltungsort ist der Festplatz Salm\u00fcnster. Diesj\u00e4hriger Top-Act: \u201eThe Rattles\u201c, die Kult-Band aus Hamburg. Damit sich alle Freunde guter Live-Musik den Termin schon mal reservieren k\u00f6nnen, hier &hellip;<\/p>\n<\/div>","protected":false},"author":1,"featured_media":0,"comment_status":"closed","ping_status":"closed","sticky":false,"template":"","format":"standard","meta":{"footnotes":""},"categories":[1,44],"tags":[],"class_list":["post-59407","post","type-post","status-publish","format-standard","hentry","category-startseite","category-kultur"],"_links":{"self":[{"href":"https:\/\/www.fuldaernachrichten.de\/index.php?rest_route=\/wp\/v2\/posts\/59407","targetHints":{"allow":["GET"]}}],"collection":[{"href":"https:\/\/www.fuldaernachrichten.de\/index.php?rest_route=\/wp\/v2\/posts"}],"about":[{"href":"https:\/\/www.fuldaernachrichten.de\/index.php?rest_route=\/wp\/v2\/types\/post"}],"author":[{"embeddable":true,"href":"https:\/\/www.fuldaernachrichten.de\/index.php?rest_route=\/wp\/v2\/users\/1"}],"replies":[{"embeddable":true,"href":"https:\/\/www.fuldaernachrichten.de\/index.php?rest_route=%2Fwp%2Fv2%2Fcomments&post=59407"}],"version-history":[{"count":3,"href":"https:\/\/www.fuldaernachrichten.de\/index.php?rest_route=\/wp\/v2\/posts\/59407\/revisions"}],"predecessor-version":[{"id":59420,"href":"https:\/\/www.fuldaernachrichten.de\/index.php?rest_route=\/wp\/v2\/posts\/59407\/revisions\/59420"}],"wp:attachment":[{"href":"https:\/\/www.fuldaernachrichten.de\/index.php?rest_route=%2Fwp%2Fv2%2Fmedia&parent=59407"}],"wp:term":[{"taxonomy":"category","embeddable":true,"href":"https:\/\/www.fuldaernachrichten.de\/index.php?rest_route=%2Fwp%2Fv2%2Fcategories&post=59407"},{"taxonomy":"post_tag","embeddable":true,"href":"https:\/\/www.fuldaernachrichten.de\/index.php?rest_route=%2Fwp%2Fv2%2Ftags&post=59407"}],"curies":[{"name":"wp","href":"https:\/\/api.w.org\/{rel}","templated":true}]}}