{"id":5925,"date":"2007-10-18T01:48:35","date_gmt":"2007-10-17T23:48:35","guid":{"rendered":"http:\/\/www.schoene-nachrichten.de\/?p=5925"},"modified":"2007-10-18T01:49:48","modified_gmt":"2007-10-17T23:49:48","slug":"pfadfinder-aus-dem-bistum-fulda-in-rom","status":"publish","type":"post","link":"https:\/\/www.fuldaernachrichten.de\/?p=5925","title":{"rendered":"Pfadfinder aus dem Bistum Fulda in Rom"},"content":{"rendered":"<p><strong>Sch\u00f6nes aus Rom.<\/strong> Vom 7. bis 14. Oktober waren 53 Pfadfinderinnen und Pfadfinder aus dem Bistum Fulda unterwegs nach Rom. Di\u00f6zesan-Jugendpfarrer Sebastian Bl\u00fcmel organisierte diese Pilgerfahrt in seiner Eigenschaft als Di\u00f6zesankurat der Pfadfinder. Damit erf\u00fcllte er sich und allen Teilnehmern einen Herzenswunsch: \u201eEs war schon l\u00e4nger ein gro\u00dfer Wunsch von mir und anderen, mit den Pfadfindern nach Rom zu fahren\u201c, so Bl\u00fcmel.<\/p>\n<p><strong>Fotos (63):<\/strong> Benedikt Bicker<\/p>\n<p><a rel=\"lightbox[roadtrip]\" target=\"_blank\" href=\"http:\/\/www.schoene-nachrichten.de\/wp-content\/uploads\/2007\/10\/071018_Benedikt_14.jpg\" title=\"Foto: Benedikt Bicker\"><img decoding=\"async\" width=\"128\" src=\"http:\/\/www.schoene-nachrichten.de\/wp-content\/uploads\/2007\/10\/071018_Benedikt_14.thumbnail.jpg\" alt=\"071018_Benedikt_14.jpg\" \/><\/a>\u00c2\u00a0<a rel=\"lightbox[roadtrip]\" target=\"_blank\" href=\"http:\/\/www.schoene-nachrichten.de\/wp-content\/uploads\/2007\/10\/071016_pfadfinder_01.jpg\" title=\"071016_pfadfinder_01.jpg\"><img decoding=\"async\" src=\"http:\/\/www.schoene-nachrichten.de\/wp-content\/uploads\/2007\/10\/071016_pfadfinder_01.thumbnail.jpg\" alt=\"071016_pfadfinder_01.jpg\" \/><\/a>\u00c2\u00a0<a rel=\"lightbox[roadtrip]\" target=\"_blank\" href=\"http:\/\/www.schoene-nachrichten.de\/wp-content\/uploads\/2007\/10\/071018_Benedikt_19.jpg\" title=\"Foto: Benedikt Bicker\"><img decoding=\"async\" width=\"128\" src=\"http:\/\/www.schoene-nachrichten.de\/wp-content\/uploads\/2007\/10\/071018_Benedikt_19.thumbnail.jpg\" alt=\"071018_Benedikt_19.jpg\" \/><\/a><\/p>\n<p><a rel=\"lightbox[roadtrip]\" target=\"_blank\" href=\"http:\/\/www.schoene-nachrichten.de\/wp-content\/uploads\/2007\/10\/071018_Benedikt_25.jpg\" title=\"Foto: Benedikt Bicker\"><img decoding=\"async\" width=\"128\" src=\"http:\/\/www.schoene-nachrichten.de\/wp-content\/uploads\/2007\/10\/071018_Benedikt_25.thumbnail.jpg\" alt=\"071018_Benedikt_25.jpg\" \/><\/a>\u00c2\u00a0<a rel=\"lightbox[roadtrip]\" target=\"_blank\" href=\"http:\/\/www.schoene-nachrichten.de\/wp-content\/uploads\/2007\/10\/071018_Benedikt_02.jpg\" title=\"Foto: Benedikt Bicker\"><img decoding=\"async\" width=\"128\" src=\"http:\/\/www.schoene-nachrichten.de\/wp-content\/uploads\/2007\/10\/071018_Benedikt_02.thumbnail.jpg\" alt=\"071018_Benedikt_02.jpg\" \/><\/a> <a rel=\"lightbox[roadtrip]\" target=\"_blank\" href=\"http:\/\/www.schoene-nachrichten.de\/wp-content\/uploads\/2007\/10\/071018_Benedikt_30.jpg\" title=\"Foto: Benedikt Bicker\"><img decoding=\"async\" width=\"128\" src=\"http:\/\/www.schoene-nachrichten.de\/wp-content\/uploads\/2007\/10\/071018_Benedikt_30.thumbnail.jpg\" alt=\"071018_Benedikt_30.jpg\" \/><\/a><\/p>\n<p><!--more-->Die Fahrt hatte f\u00fcr die \u00fcber 50 Pfadfinder der Deutschen Pfadfinderschaft Sankt Georg (DPSG) aus den St\u00e4mmen in Fulda-Neuenberg, Johannesberg, Melsungen, Witzenhausen, Marburg, Bad Soden-Salm\u00fcnster, W\u00e4chtersbach, Bad Orb, Windecken, Bachrain und Hanau viel zu bieten. Die Organisatoren Jugendpfarrer Sebastian Bl\u00fcmel, Uli Simon (BDKJ-Di\u00f6zesanvorsitzender), Susanne Ratmann und Ulrike Klorer (DPSG-Jugendbildungsreferentin) hatten ein ausgewogenes Programm in Rom vorbereitet, das von gemeinsamen Morgen- und Abendrunden umrahmt war.<\/p>\n<p><a rel=\"lightbox[roadtrip]\" target=\"_blank\" href=\"http:\/\/www.schoene-nachrichten.de\/wp-content\/uploads\/2007\/10\/071018_Benedikt_07.jpg\" title=\"Foto: Benedikt Bicker\"><img decoding=\"async\" width=\"128\" src=\"http:\/\/www.schoene-nachrichten.de\/wp-content\/uploads\/2007\/10\/071018_Benedikt_07.thumbnail.jpg\" alt=\"071018_Benedikt_07.jpg\" \/><\/a> <a rel=\"lightbox[roadtrip]\" target=\"_blank\" href=\"http:\/\/www.schoene-nachrichten.de\/wp-content\/uploads\/2007\/10\/071018_Benedikt_08.jpg\" title=\"Foto: Benedikt Bicker\"><img decoding=\"async\" width=\"128\" src=\"http:\/\/www.schoene-nachrichten.de\/wp-content\/uploads\/2007\/10\/071018_Benedikt_08.thumbnail.jpg\" alt=\"071018_Benedikt_08.jpg\" \/><\/a> <a rel=\"lightbox[roadtrip]\" target=\"_blank\" href=\"http:\/\/www.schoene-nachrichten.de\/wp-content\/uploads\/2007\/10\/071018_Benedikt_09.jpg\" title=\"Foto: Benedikt Bicker\"><img decoding=\"async\" width=\"128\" src=\"http:\/\/www.schoene-nachrichten.de\/wp-content\/uploads\/2007\/10\/071018_Benedikt_09.thumbnail.jpg\" alt=\"071018_Benedikt_09.jpg\" \/><\/a><\/p>\n<p><a rel=\"lightbox[roadtrip]\" target=\"_blank\" href=\"http:\/\/www.schoene-nachrichten.de\/wp-content\/uploads\/2007\/10\/071018_Benedikt_10.jpg\" title=\"Foto: Benedikt Bicker\"><img decoding=\"async\" width=\"128\" src=\"http:\/\/www.schoene-nachrichten.de\/wp-content\/uploads\/2007\/10\/071018_Benedikt_10.thumbnail.jpg\" alt=\"071018_Benedikt_10.jpg\" \/><\/a> <a rel=\"lightbox[roadtrip]\" target=\"_blank\" href=\"http:\/\/www.schoene-nachrichten.de\/wp-content\/uploads\/2007\/10\/071018_Benedikt_11.jpg\" title=\"Foto: Benedikt Bicker\"><img decoding=\"async\" width=\"128\" src=\"http:\/\/www.schoene-nachrichten.de\/wp-content\/uploads\/2007\/10\/071018_Benedikt_11.thumbnail.jpg\" alt=\"071018_Benedikt_11.jpg\" \/><\/a> <a rel=\"lightbox[roadtrip]\" target=\"_blank\" href=\"http:\/\/www.schoene-nachrichten.de\/wp-content\/uploads\/2007\/10\/071018_Benedikt_12.jpg\" title=\"Foto: Benedikt Bicker\"><img decoding=\"async\" width=\"128\" src=\"http:\/\/www.schoene-nachrichten.de\/wp-content\/uploads\/2007\/10\/071018_Benedikt_12.thumbnail.jpg\" alt=\"071018_Benedikt_12.jpg\" \/><\/a><\/p>\n<p>Der Witzenh\u00e4user Kaplan Guido Pasenow ist kein Pfadfinder, doch gerne mitgefahren, weil er die Pfadfinder aus seiner Gemeinde kennt und neugierig auf die Gemeinschaft im Bistum war: \u201eEs ist ein super Zusammenhalt bei den Pfadfindern. Die Reisegruppe ist enorm schnell zusammengewachsen und ich f\u00fchlte mich auch als Nichtpfadfinder gut aufgenommen. Ich f\u00fchlte mich nicht fremd bei den Pfadfindern, ganz im Gegenteil!\u201c<\/p>\n<p><a rel=\"lightbox[roadtrip]\" target=\"_blank\" href=\"http:\/\/www.schoene-nachrichten.de\/wp-content\/uploads\/2007\/10\/071018_Benedikt_01.jpg\" title=\"Foto: Benedikt Bicker\"><img decoding=\"async\" width=\"128\" src=\"http:\/\/www.schoene-nachrichten.de\/wp-content\/uploads\/2007\/10\/071018_Benedikt_01.thumbnail.jpg\" alt=\"071018_Benedikt_01.jpg\" \/><\/a>\u00c2\u00a0<a rel=\"lightbox[roadtrip]\" target=\"_blank\" href=\"http:\/\/www.schoene-nachrichten.de\/wp-content\/uploads\/2007\/10\/071018_Benedikt_03.jpg\" title=\"Foto: Benedikt Bicker\"><img decoding=\"async\" width=\"128\" src=\"http:\/\/www.schoene-nachrichten.de\/wp-content\/uploads\/2007\/10\/071018_Benedikt_03.thumbnail.jpg\" alt=\"071018_Benedikt_03.jpg\" \/><\/a> <a rel=\"lightbox[roadtrip]\" target=\"_blank\" href=\"http:\/\/www.schoene-nachrichten.de\/wp-content\/uploads\/2007\/10\/071016_pfadfinder_02.jpg\" title=\"071016_pfadfinder_02.jpg\"><img decoding=\"async\" src=\"http:\/\/www.schoene-nachrichten.de\/wp-content\/uploads\/2007\/10\/071016_pfadfinder_02.thumbnail.jpg\" alt=\"071016_pfadfinder_02.jpg\" \/><\/a><\/p>\n<p><a rel=\"lightbox[roadtrip]\" target=\"_blank\" href=\"http:\/\/www.schoene-nachrichten.de\/wp-content\/uploads\/2007\/10\/071018_Benedikt_16.jpg\" title=\"Foto: Benedikt Bicker\"><img decoding=\"async\" width=\"128\" src=\"http:\/\/www.schoene-nachrichten.de\/wp-content\/uploads\/2007\/10\/071018_Benedikt_16.thumbnail.jpg\" alt=\"071018_Benedikt_16.jpg\" \/><\/a> <a rel=\"lightbox[roadtrip]\" target=\"_blank\" href=\"http:\/\/www.schoene-nachrichten.de\/wp-content\/uploads\/2007\/10\/071018_Benedikt_17.jpg\" title=\"Foto: Benedikt Bicker\"><img decoding=\"async\" width=\"128\" src=\"http:\/\/www.schoene-nachrichten.de\/wp-content\/uploads\/2007\/10\/071018_Benedikt_17.thumbnail.jpg\" alt=\"071018_Benedikt_17.jpg\" \/><\/a> <a rel=\"lightbox[roadtrip]\" target=\"_blank\" href=\"http:\/\/www.schoene-nachrichten.de\/wp-content\/uploads\/2007\/10\/071018_Benedikt_18.jpg\" title=\"Foto: Benedikt Bicker\"><img decoding=\"async\" width=\"128\" src=\"http:\/\/www.schoene-nachrichten.de\/wp-content\/uploads\/2007\/10\/071018_Benedikt_18.thumbnail.jpg\" alt=\"071018_Benedikt_18.jpg\" \/><\/a><\/p>\n<p>Die Erstkommunion der 15j\u00e4hrigen Pfadfinderin Diane Laezza (Marburg\/Fulda) in einer r\u00f6mischen Kirche war sicherlich einer der H\u00f6hepunkte f\u00fcr die Gruppe: \u201eF\u00fcr mich war es sehr beeindruckend, da\u00df ich in einer solch sch\u00f6nen Kirche mit meinen Pfadfinderfreunden die Erstkommunion erleben durfte. Der Jugendpfarrer und die Gruppe haben den Gottesdienst so sch\u00f6n gestaltet.\u201c<\/p>\n<p><a rel=\"lightbox[roadtrip]\" target=\"_blank\" href=\"http:\/\/www.schoene-nachrichten.de\/wp-content\/uploads\/2007\/10\/071018_Benedikt_26.jpg\" title=\"Foto: Benedikt Bicker\"><img decoding=\"async\" width=\"128\" src=\"http:\/\/www.schoene-nachrichten.de\/wp-content\/uploads\/2007\/10\/071018_Benedikt_26.thumbnail.jpg\" alt=\"071018_Benedikt_26.jpg\" \/><\/a> <a rel=\"lightbox[roadtrip]\" target=\"_blank\" href=\"http:\/\/www.schoene-nachrichten.de\/wp-content\/uploads\/2007\/10\/071018_Benedikt_27.jpg\" title=\"Foto: Benedikt Bicker\"><img decoding=\"async\" width=\"128\" src=\"http:\/\/www.schoene-nachrichten.de\/wp-content\/uploads\/2007\/10\/071018_Benedikt_27.thumbnail.jpg\" alt=\"071018_Benedikt_27.jpg\" \/><\/a> <a rel=\"lightbox[roadtrip]\" target=\"_blank\" href=\"http:\/\/www.schoene-nachrichten.de\/wp-content\/uploads\/2007\/10\/071018_Benedikt_31.jpg\" title=\"Foto: Benedikt Bicker\"><img decoding=\"async\" width=\"128\" src=\"http:\/\/www.schoene-nachrichten.de\/wp-content\/uploads\/2007\/10\/071018_Benedikt_31.thumbnail.jpg\" alt=\"071018_Benedikt_31.jpg\" \/><\/a>\u00c2\u00a0<\/p>\n<p>Auf dem Programm stand weiterhin ein Besuch des Vatikans mit dem Petersdom und den Apostelgr\u00e4bern. Dabei trafen die Pfadfinder auch ihren Di\u00f6zesanbischof, Bischof Heinz Josef Algermissen. Auf dem Petersplatz gab es noch eine \u00dcberraschung f\u00fcr verschiedene Pfadfinder: Die Pfadfindergruppe aus Marburg wurde zur Roverrunde aufgestuft, Marco Ambrosius (Hanau) wurde zum Gruppenleiter berufen und die Leiterinnen Annette Hehenkamp (Marburg) und Christina Dehler (Fulda-Neuenberg) bekamen ihre Woodbadge-Ernennung nach erfolgreicher internationaler Leiterausbildung.<\/p>\n<p><a rel=\"lightbox[roadtrip]\" target=\"_blank\" href=\"http:\/\/www.schoene-nachrichten.de\/wp-content\/uploads\/2007\/10\/071018_Benedikt_04.jpg\" title=\"Foto: Benedikt Bicker\"><img decoding=\"async\" width=\"128\" src=\"http:\/\/www.schoene-nachrichten.de\/wp-content\/uploads\/2007\/10\/071018_Benedikt_04.thumbnail.jpg\" alt=\"071018_Benedikt_04.jpg\" \/><\/a>\u00c2\u00a0<a rel=\"lightbox[roadtrip]\" target=\"_blank\" href=\"http:\/\/www.schoene-nachrichten.de\/wp-content\/uploads\/2007\/10\/071018_Benedikt_15.jpg\" title=\"Foto: Benedikt Bicker\"><img decoding=\"async\" width=\"128\" src=\"http:\/\/www.schoene-nachrichten.de\/wp-content\/uploads\/2007\/10\/071018_Benedikt_15.thumbnail.jpg\" alt=\"071018_Benedikt_15.jpg\" \/><\/a> <a rel=\"lightbox[roadtrip]\" target=\"_blank\" href=\"http:\/\/www.schoene-nachrichten.de\/wp-content\/uploads\/2007\/10\/071018_Benedikt_20.jpg\" title=\"Foto: Benedikt Bicker\"><img decoding=\"async\" width=\"128\" src=\"http:\/\/www.schoene-nachrichten.de\/wp-content\/uploads\/2007\/10\/071018_Benedikt_20.thumbnail.jpg\" alt=\"071018_Benedikt_20.jpg\" \/><\/a>\u00c2\u00a0<\/p>\n<p><a rel=\"lightbox[roadtrip]\" target=\"_blank\" href=\"http:\/\/www.schoene-nachrichten.de\/wp-content\/uploads\/2007\/10\/071018_Benedikt_05.jpg\" title=\"Foto: Benedikt Bicker\"><img decoding=\"async\" width=\"128\" src=\"http:\/\/www.schoene-nachrichten.de\/wp-content\/uploads\/2007\/10\/071018_Benedikt_05.thumbnail.jpg\" alt=\"071018_Benedikt_05.jpg\" \/><\/a> <a rel=\"lightbox[roadtrip]\" target=\"_blank\" href=\"http:\/\/www.schoene-nachrichten.de\/wp-content\/uploads\/2007\/10\/071018_Benedikt_06.jpg\" title=\"Foto: Benedikt Bicker\"><img decoding=\"async\" width=\"128\" src=\"http:\/\/www.schoene-nachrichten.de\/wp-content\/uploads\/2007\/10\/071018_Benedikt_06.thumbnail.jpg\" alt=\"071018_Benedikt_06.jpg\" \/><\/a> <a rel=\"lightbox[roadtrip]\" target=\"_blank\" href=\"http:\/\/www.schoene-nachrichten.de\/wp-content\/uploads\/2007\/10\/071018_Benedikt_13.jpg\" title=\"Foto: Benedikt Bicker\"><img decoding=\"async\" width=\"128\" src=\"http:\/\/www.schoene-nachrichten.de\/wp-content\/uploads\/2007\/10\/071018_Benedikt_13.thumbnail.jpg\" alt=\"071018_Benedikt_13.jpg\" \/><\/a>\u00c2\u00a0<\/p>\n<p>\u201eWir konnten wieder Glauben in der Gemeinschaft erleben &#8211; und das in Rom, wo sich Welt- und Glaubensgeschichte vereinen.\u201c, betont Ulrike Klorer. F\u00fcr Susanne Ratmann aus W\u00e4chtersbach war diese Glaubenserfahrung ebenfalls sehr wichtig: \u201eIndividuell den Glauben zu leben und als Pfadfinder die Verbundenheit im Glauben zu sp\u00fcren, das war schon ein bewegendes Erlebnis!\u201c<\/p>\n<p><a rel=\"lightbox[roadtrip]\" target=\"_blank\" href=\"http:\/\/www.schoene-nachrichten.de\/wp-content\/uploads\/2007\/10\/071018_Benedikt_37.jpg\" title=\"Foto: Benedikt Bicker\"><img decoding=\"async\" width=\"128\" src=\"http:\/\/www.schoene-nachrichten.de\/wp-content\/uploads\/2007\/10\/071018_Benedikt_37.thumbnail.jpg\" alt=\"071018_Benedikt_37.jpg\" \/><\/a> <a rel=\"lightbox[roadtrip]\" target=\"_blank\" href=\"http:\/\/www.schoene-nachrichten.de\/wp-content\/uploads\/2007\/10\/071018_Benedikt_38.jpg\" title=\"Foto: Benedikt Bicker\"><img decoding=\"async\" width=\"128\" src=\"http:\/\/www.schoene-nachrichten.de\/wp-content\/uploads\/2007\/10\/071018_Benedikt_38.thumbnail.jpg\" alt=\"071018_Benedikt_38.jpg\" \/><\/a> <a rel=\"lightbox[roadtrip]\" target=\"_blank\" href=\"http:\/\/www.schoene-nachrichten.de\/wp-content\/uploads\/2007\/10\/071018_Benedikt_39.jpg\" title=\"Foto: Benedikt Bicker\"><img decoding=\"async\" width=\"128\" src=\"http:\/\/www.schoene-nachrichten.de\/wp-content\/uploads\/2007\/10\/071018_Benedikt_39.thumbnail.jpg\" alt=\"071018_Benedikt_39.jpg\" \/><\/a><\/p>\n<p><a rel=\"lightbox[roadtrip]\" target=\"_blank\" href=\"http:\/\/www.schoene-nachrichten.de\/wp-content\/uploads\/2007\/10\/071018_Benedikt_41.jpg\" title=\"Foto: Benedikt Bicker\"><img decoding=\"async\" width=\"128\" src=\"http:\/\/www.schoene-nachrichten.de\/wp-content\/uploads\/2007\/10\/071018_Benedikt_41.thumbnail.jpg\" alt=\"071018_Benedikt_41.jpg\" \/><\/a> <a rel=\"lightbox[roadtrip]\" target=\"_blank\" href=\"http:\/\/www.schoene-nachrichten.de\/wp-content\/uploads\/2007\/10\/071018_Benedikt_34.jpg\" title=\"Foto: Benedikt Bicker\"><img decoding=\"async\" width=\"128\" src=\"http:\/\/www.schoene-nachrichten.de\/wp-content\/uploads\/2007\/10\/071018_Benedikt_34.thumbnail.jpg\" alt=\"071018_Benedikt_34.jpg\" \/><\/a>\u00c2\u00a0<a rel=\"lightbox[roadtrip]\" target=\"_blank\" href=\"http:\/\/www.schoene-nachrichten.de\/wp-content\/uploads\/2007\/10\/071018_Benedikt_48.jpg\" title=\"Foto: Benedikt Bicker\"><img decoding=\"async\" width=\"128\" src=\"http:\/\/www.schoene-nachrichten.de\/wp-content\/uploads\/2007\/10\/071018_Benedikt_48.thumbnail.jpg\" alt=\"071018_Benedikt_48.jpg\" \/><\/a>\u00c2\u00a0<\/p>\n<p>Der 17j\u00e4hrige Rover Jonas Neumann aus Marburg war von der \u201eunendlichen Vielfalt\u201c in der ewigen Stadt angetan: \u201eEs gibt hier so viel zu entdecken, so sch\u00f6n monumental. Diese Gr\u00f6\u00dfe ist umwerfend.\u201c Stefanie R\u00f6ll aus Fulda zeigte sich von der Romfahrt ebenfalls beeindruckt: \u201eUnser Di\u00f6zesankurat hat das sehr pers\u00f6nlich gestaltet. Es war eine tolle Mischung aus Spa\u00df und Spiritualit\u00e4t.\u201c Andrea Bothe aus Fulda kann da nur zustimmen: \u201eEs war der perfekte Mix aus Spa\u00df, Kultur und Spiritualit\u00e4t. Rom ist \u201egigantissimi\u201c und mit den Pfadfindern unterwegs zu sein ist einfach eine \u201eNette-Leute-Garantie\u201c.<\/p>\n<p><a rel=\"lightbox[roadtrip]\" target=\"_blank\" href=\"http:\/\/www.schoene-nachrichten.de\/wp-content\/uploads\/2007\/10\/071018_Benedikt_28.jpg\" title=\"Foto: Benedikt Bicker\"><img decoding=\"async\" width=\"128\" src=\"http:\/\/www.schoene-nachrichten.de\/wp-content\/uploads\/2007\/10\/071018_Benedikt_28.thumbnail.jpg\" alt=\"071018_Benedikt_28.jpg\" \/><\/a> <a rel=\"lightbox[roadtrip]\" target=\"_blank\" href=\"http:\/\/www.schoene-nachrichten.de\/wp-content\/uploads\/2007\/10\/071018_Benedikt_29.jpg\" title=\"Foto: Benedikt Bicker\"><img decoding=\"async\" width=\"128\" src=\"http:\/\/www.schoene-nachrichten.de\/wp-content\/uploads\/2007\/10\/071018_Benedikt_29.thumbnail.jpg\" alt=\"071018_Benedikt_29.jpg\" \/><\/a> <a rel=\"lightbox[roadtrip]\" target=\"_blank\" href=\"http:\/\/www.schoene-nachrichten.de\/wp-content\/uploads\/2007\/10\/071018_Benedikt_32.jpg\" title=\"Foto: Benedikt Bicker\"><img decoding=\"async\" width=\"128\" src=\"http:\/\/www.schoene-nachrichten.de\/wp-content\/uploads\/2007\/10\/071018_Benedikt_32.thumbnail.jpg\" alt=\"071018_Benedikt_32.jpg\" \/><\/a><\/p>\n<p><a rel=\"lightbox[roadtrip]\" target=\"_blank\" href=\"http:\/\/www.schoene-nachrichten.de\/wp-content\/uploads\/2007\/10\/071018_Benedikt_35.jpg\" title=\"Foto: Benedikt Bicker\"><img decoding=\"async\" width=\"128\" src=\"http:\/\/www.schoene-nachrichten.de\/wp-content\/uploads\/2007\/10\/071018_Benedikt_35.thumbnail.jpg\" alt=\"071018_Benedikt_35.jpg\" \/><\/a> <a rel=\"lightbox[roadtrip]\" target=\"_blank\" href=\"http:\/\/www.schoene-nachrichten.de\/wp-content\/uploads\/2007\/10\/071018_Benedikt_36.jpg\" title=\"Foto: Benedikt Bicker\"><img decoding=\"async\" width=\"128\" src=\"http:\/\/www.schoene-nachrichten.de\/wp-content\/uploads\/2007\/10\/071018_Benedikt_36.thumbnail.jpg\" alt=\"071018_Benedikt_36.jpg\" \/><\/a> <a rel=\"lightbox[roadtrip]\" target=\"_blank\" href=\"http:\/\/www.schoene-nachrichten.de\/wp-content\/uploads\/2007\/10\/071018_Benedikt_42.jpg\" title=\"Foto: Benedikt Bicker\"><img decoding=\"async\" width=\"128\" src=\"http:\/\/www.schoene-nachrichten.de\/wp-content\/uploads\/2007\/10\/071018_Benedikt_42.thumbnail.jpg\" alt=\"071018_Benedikt_42.jpg\" \/><\/a>\u00c2\u00a0<\/p>\n<p>Die Gemeinschaft ist auch f\u00fcr Anja Husmann aus W\u00e4chtersbach das entscheidende Element: \u201eAn die vielen Kirchen in Rom gew\u00f6hnt man sich in so einer tollen Gesellschaft recht schnell.\u201c Markus Leis, ebenfalls aus W\u00e4chtersbach, findet diese Anzahl von Kirchen auf engsten Raum atemberaubend: \u201eEine Kirche war sch\u00f6ner als die andere. Diese F\u00fclle an so kostbaren Sch\u00e4tzen von Kunst und Kultur ist faszinierend.\u201c<\/p>\n<p><a rel=\"lightbox[roadtrip]\" target=\"_blank\" href=\"http:\/\/www.schoene-nachrichten.de\/wp-content\/uploads\/2007\/10\/071016_rom.jpg\" title=\"071016_rom.jpg\"><img decoding=\"async\" src=\"http:\/\/www.schoene-nachrichten.de\/wp-content\/uploads\/2007\/10\/071016_rom.thumbnail.jpg\" alt=\"071016_rom.jpg\" \/><\/a>\u00c2\u00a0<a rel=\"lightbox[roadtrip]\" target=\"_blank\" href=\"http:\/\/www.schoene-nachrichten.de\/wp-content\/uploads\/2007\/10\/071018_Benedikt_21.jpg\" title=\"Foto: Benedikt Bicker\"><img decoding=\"async\" width=\"128\" src=\"http:\/\/www.schoene-nachrichten.de\/wp-content\/uploads\/2007\/10\/071018_Benedikt_21.thumbnail.jpg\" alt=\"071018_Benedikt_21.jpg\" \/><\/a> <a rel=\"lightbox[roadtrip]\" target=\"_blank\" href=\"http:\/\/www.schoene-nachrichten.de\/wp-content\/uploads\/2007\/10\/071018_Benedikt_33.jpg\" title=\"Foto: Benedikt Bicker\"><img decoding=\"async\" width=\"128\" src=\"http:\/\/www.schoene-nachrichten.de\/wp-content\/uploads\/2007\/10\/071018_Benedikt_33.thumbnail.jpg\" alt=\"071018_Benedikt_33.jpg\" \/><\/a><\/p>\n<p><a rel=\"lightbox[roadtrip]\" target=\"_blank\" href=\"http:\/\/www.schoene-nachrichten.de\/wp-content\/uploads\/2007\/10\/071018_Benedikt_22.jpg\" title=\"Foto: Benedikt Bicker\"><img decoding=\"async\" width=\"128\" src=\"http:\/\/www.schoene-nachrichten.de\/wp-content\/uploads\/2007\/10\/071018_Benedikt_22.thumbnail.jpg\" alt=\"071018_Benedikt_22.jpg\" \/><\/a> <a rel=\"lightbox[roadtrip]\" target=\"_blank\" href=\"http:\/\/www.schoene-nachrichten.de\/wp-content\/uploads\/2007\/10\/071018_Benedikt_23.jpg\" title=\"Foto: Benedikt Bicker\"><img decoding=\"async\" width=\"128\" src=\"http:\/\/www.schoene-nachrichten.de\/wp-content\/uploads\/2007\/10\/071018_Benedikt_23.thumbnail.jpg\" alt=\"071018_Benedikt_23.jpg\" \/><\/a> <a rel=\"lightbox[roadtrip]\" target=\"_blank\" href=\"http:\/\/www.schoene-nachrichten.de\/wp-content\/uploads\/2007\/10\/071018_Benedikt_24.jpg\" title=\"Foto: Benedikt Bicker\"><img decoding=\"async\" width=\"128\" src=\"http:\/\/www.schoene-nachrichten.de\/wp-content\/uploads\/2007\/10\/071018_Benedikt_24.thumbnail.jpg\" alt=\"071018_Benedikt_24.jpg\" \/><\/a><\/p>\n<p><a rel=\"lightbox[roadtrip]\" target=\"_blank\" href=\"http:\/\/www.schoene-nachrichten.de\/wp-content\/uploads\/2007\/10\/071018_Benedikt_49.jpg\" title=\"Foto: Benedikt Bicker\"><img decoding=\"async\" width=\"128\" src=\"http:\/\/www.schoene-nachrichten.de\/wp-content\/uploads\/2007\/10\/071018_Benedikt_49.thumbnail.jpg\" alt=\"071018_Benedikt_49.jpg\" \/><\/a> <a rel=\"lightbox[roadtrip]\" target=\"_blank\" href=\"http:\/\/www.schoene-nachrichten.de\/wp-content\/uploads\/2007\/10\/071018_Benedikt_50.jpg\" title=\"Foto: Benedikt Bicker\"><img decoding=\"async\" width=\"128\" src=\"http:\/\/www.schoene-nachrichten.de\/wp-content\/uploads\/2007\/10\/071018_Benedikt_50.thumbnail.jpg\" alt=\"071018_Benedikt_50.jpg\" \/><\/a> <a rel=\"lightbox[roadtrip]\" target=\"_blank\" href=\"http:\/\/www.schoene-nachrichten.de\/wp-content\/uploads\/2007\/10\/071018_Benedikt_52.jpg\" title=\"Foto: Benedikt Bicker\"><img decoding=\"async\" width=\"128\" src=\"http:\/\/www.schoene-nachrichten.de\/wp-content\/uploads\/2007\/10\/071018_Benedikt_52.thumbnail.jpg\" alt=\"071018_Benedikt_52.jpg\" \/><\/a><\/p>\n<p><a rel=\"lightbox[roadtrip]\" target=\"_blank\" href=\"http:\/\/www.schoene-nachrichten.de\/wp-content\/uploads\/2007\/10\/071018_Benedikt_53.jpg\" title=\"Foto: Benedikt Bicker\"><img decoding=\"async\" width=\"128\" src=\"http:\/\/www.schoene-nachrichten.de\/wp-content\/uploads\/2007\/10\/071018_Benedikt_53.thumbnail.jpg\" alt=\"071018_Benedikt_53.jpg\" \/><\/a> <a rel=\"lightbox[roadtrip]\" target=\"_blank\" href=\"http:\/\/www.schoene-nachrichten.de\/wp-content\/uploads\/2007\/10\/071018_Benedikt_54.jpg\" title=\"Foto: Benedikt Bicker\"><img decoding=\"async\" width=\"128\" src=\"http:\/\/www.schoene-nachrichten.de\/wp-content\/uploads\/2007\/10\/071018_Benedikt_54.thumbnail.jpg\" alt=\"071018_Benedikt_54.jpg\" \/><\/a> <a rel=\"lightbox[roadtrip]\" target=\"_blank\" href=\"http:\/\/www.schoene-nachrichten.de\/wp-content\/uploads\/2007\/10\/071018_Benedikt_55.jpg\" title=\"Foto: Benedikt Bicker\"><img decoding=\"async\" width=\"128\" src=\"http:\/\/www.schoene-nachrichten.de\/wp-content\/uploads\/2007\/10\/071018_Benedikt_55.thumbnail.jpg\" alt=\"071018_Benedikt_55.jpg\" \/><\/a><\/p>\n<p><a rel=\"lightbox[roadtrip]\" target=\"_blank\" href=\"http:\/\/www.schoene-nachrichten.de\/wp-content\/uploads\/2007\/10\/071018_Benedikt_56.jpg\" title=\"Foto: Benedikt Bicker\"><img decoding=\"async\" width=\"128\" src=\"http:\/\/www.schoene-nachrichten.de\/wp-content\/uploads\/2007\/10\/071018_Benedikt_56.thumbnail.jpg\" alt=\"071018_Benedikt_56.jpg\" \/><\/a> <a rel=\"lightbox[roadtrip]\" target=\"_blank\" href=\"http:\/\/www.schoene-nachrichten.de\/wp-content\/uploads\/2007\/10\/071018_Benedikt_57.jpg\" title=\"Foto: Benedikt Bicker\"><img decoding=\"async\" width=\"128\" src=\"http:\/\/www.schoene-nachrichten.de\/wp-content\/uploads\/2007\/10\/071018_Benedikt_57.thumbnail.jpg\" alt=\"071018_Benedikt_57.jpg\" \/><\/a> <a rel=\"lightbox[roadtrip]\" target=\"_blank\" href=\"http:\/\/www.schoene-nachrichten.de\/wp-content\/uploads\/2007\/10\/071018_Benedikt_59.jpg\" title=\"Foto: Benedikt Bicker\"><img decoding=\"async\" width=\"128\" src=\"http:\/\/www.schoene-nachrichten.de\/wp-content\/uploads\/2007\/10\/071018_Benedikt_59.thumbnail.jpg\" alt=\"071018_Benedikt_59.jpg\" \/><\/a><\/p>\n<p><a rel=\"lightbox[roadtrip]\" target=\"_blank\" href=\"http:\/\/www.schoene-nachrichten.de\/wp-content\/uploads\/2007\/10\/071018_Benedikt_43.jpg\" title=\"Foto: Benedikt Bicker\"><img decoding=\"async\" width=\"128\" src=\"http:\/\/www.schoene-nachrichten.de\/wp-content\/uploads\/2007\/10\/071018_Benedikt_43.thumbnail.jpg\" alt=\"071018_Benedikt_43.jpg\" \/><\/a> <a rel=\"lightbox[roadtrip]\" target=\"_blank\" href=\"http:\/\/www.schoene-nachrichten.de\/wp-content\/uploads\/2007\/10\/071018_Benedikt_44.jpg\" title=\"Foto: Benedikt Bicker\"><img decoding=\"async\" width=\"128\" src=\"http:\/\/www.schoene-nachrichten.de\/wp-content\/uploads\/2007\/10\/071018_Benedikt_44.thumbnail.jpg\" alt=\"071018_Benedikt_44.jpg\" \/><\/a> <a rel=\"lightbox[roadtrip]\" target=\"_blank\" href=\"http:\/\/www.schoene-nachrichten.de\/wp-content\/uploads\/2007\/10\/071018_Benedikt_45.jpg\" title=\"Foto: Benedikt Bicker\"><img decoding=\"async\" width=\"128\" src=\"http:\/\/www.schoene-nachrichten.de\/wp-content\/uploads\/2007\/10\/071018_Benedikt_45.thumbnail.jpg\" alt=\"071018_Benedikt_45.jpg\" \/><\/a><\/p>\n<p><a rel=\"lightbox[roadtrip]\" target=\"_blank\" href=\"http:\/\/www.schoene-nachrichten.de\/wp-content\/uploads\/2007\/10\/071018_Benedikt_46.jpg\" title=\"Foto: Benedikt Bicker\"><img decoding=\"async\" width=\"128\" src=\"http:\/\/www.schoene-nachrichten.de\/wp-content\/uploads\/2007\/10\/071018_Benedikt_46.thumbnail.jpg\" alt=\"071018_Benedikt_46.jpg\" \/><\/a> <a rel=\"lightbox[roadtrip]\" target=\"_blank\" href=\"http:\/\/www.schoene-nachrichten.de\/wp-content\/uploads\/2007\/10\/071018_Benedikt_47.jpg\" title=\"Foto: Benedikt Bicker\"><img decoding=\"async\" width=\"128\" src=\"http:\/\/www.schoene-nachrichten.de\/wp-content\/uploads\/2007\/10\/071018_Benedikt_47.thumbnail.jpg\" alt=\"071018_Benedikt_47.jpg\" \/><\/a> <a rel=\"lightbox[roadtrip]\" target=\"_blank\" href=\"http:\/\/www.schoene-nachrichten.de\/wp-content\/uploads\/2007\/10\/071018_Benedikt_40.jpg\" title=\"Foto: Benedikt Bicker\"><img decoding=\"async\" width=\"128\" src=\"http:\/\/www.schoene-nachrichten.de\/wp-content\/uploads\/2007\/10\/071018_Benedikt_40.thumbnail.jpg\" alt=\"071018_Benedikt_40.jpg\" \/><\/a>\u00c2\u00a0<\/p>\n","protected":false},"excerpt":{"rendered":"<div class=\"tmnf_excerpt\"><p>Sch\u00f6nes aus Rom. Vom 7. bis 14. Oktober waren 53 Pfadfinderinnen und Pfadfinder aus dem Bistum Fulda unterwegs nach Rom. Di\u00f6zesan-Jugendpfarrer Sebastian Bl\u00fcmel organisierte diese Pilgerfahrt in seiner Eigenschaft als Di\u00f6zesankurat der Pfadfinder. Damit erf\u00fcllte er sich und allen Teilnehmern einen Herzenswunsch: \u201eEs war schon l\u00e4nger ein gro\u00dfer Wunsch von mir und anderen, mit den &hellip;<\/p>\n<\/div>","protected":false},"author":1,"featured_media":0,"comment_status":"closed","ping_status":"closed","sticky":false,"template":"","format":"standard","meta":{"footnotes":""},"categories":[1,54,72,50],"tags":[],"class_list":["post-5925","post","type-post","status-publish","format-standard","hentry","category-startseite","category-bildergalerien","category-jugend","category-kirche"],"_links":{"self":[{"href":"https:\/\/www.fuldaernachrichten.de\/index.php?rest_route=\/wp\/v2\/posts\/5925","targetHints":{"allow":["GET"]}}],"collection":[{"href":"https:\/\/www.fuldaernachrichten.de\/index.php?rest_route=\/wp\/v2\/posts"}],"about":[{"href":"https:\/\/www.fuldaernachrichten.de\/index.php?rest_route=\/wp\/v2\/types\/post"}],"author":[{"embeddable":true,"href":"https:\/\/www.fuldaernachrichten.de\/index.php?rest_route=\/wp\/v2\/users\/1"}],"replies":[{"embeddable":true,"href":"https:\/\/www.fuldaernachrichten.de\/index.php?rest_route=%2Fwp%2Fv2%2Fcomments&post=5925"}],"version-history":[{"count":0,"href":"https:\/\/www.fuldaernachrichten.de\/index.php?rest_route=\/wp\/v2\/posts\/5925\/revisions"}],"wp:attachment":[{"href":"https:\/\/www.fuldaernachrichten.de\/index.php?rest_route=%2Fwp%2Fv2%2Fmedia&parent=5925"}],"wp:term":[{"taxonomy":"category","embeddable":true,"href":"https:\/\/www.fuldaernachrichten.de\/index.php?rest_route=%2Fwp%2Fv2%2Fcategories&post=5925"},{"taxonomy":"post_tag","embeddable":true,"href":"https:\/\/www.fuldaernachrichten.de\/index.php?rest_route=%2Fwp%2Fv2%2Ftags&post=5925"}],"curies":[{"name":"wp","href":"https:\/\/api.w.org\/{rel}","templated":true}]}}