{"id":59220,"date":"2010-05-10T04:21:41","date_gmt":"2010-05-10T02:21:41","guid":{"rendered":"http:\/\/www.fuldaer-nachrichten.de\/?p=59220"},"modified":"2010-05-10T07:26:38","modified_gmt":"2010-05-10T05:26:38","slug":"22-geburtenpakete-fuer-mehr-sicherheit-im-kinderzimmer","status":"publish","type":"post","link":"https:\/\/www.fuldaernachrichten.de\/?p=59220","title":{"rendered":"22 \u201eGeburtenpakete\u201c f\u00fcr mehr Sicherheit im Kinderzimmer"},"content":{"rendered":"<p><a href=\"http:\/\/www.fuldaer-nachrichten.de\/wp-content\/uploads\/2010\/05\/RRL_Logo_insLeben_rot_cmyk.jpg\"><img decoding=\"async\" class=\"alignleft size-thumbnail wp-image-59222\" title=\"RRL_Logo_insLeben_rot_cmyk\" src=\"http:\/\/www.fuldaer-nachrichten.de\/wp-content\/uploads\/2010\/05\/RRL_Logo_insLeben_rot_cmyk-265x128.jpg\" alt=\"RRL_Logo_insLeben_rot_cmyk\" width=\"265\" height=\"128\" srcset=\"https:\/\/www.fuldaernachrichten.de\/wp-content\/uploads\/2010\/05\/RRL_Logo_insLeben_rot_cmyk-265x128.jpg 265w, https:\/\/www.fuldaernachrichten.de\/wp-content\/uploads\/2010\/05\/RRL_Logo_insLeben_rot_cmyk.jpg 592w\" sizes=\"(max-width: 265px) 100vw, 265px\" \/><\/a>Vor einem Jahr startete die Freiwillige Feuerwehr Flieden e.V. die Aktion &#8220;Mit Sicherheit ins Leben-jedem Neugeborenen in Flieden einen Rauchmelder&#8221;. Seit beginn der Kampagne vor 12 Monaten konnten bereits 22 Geburtenpakete an die \u201eNeuen Erdenb\u00fcrger\u201c und ihre Eltern \u00fcbergeben werden. Dies teilte die Freiwillige Feuerwehr Flieden e.V. in einer Presseinformation mit.<!--more--><\/p>\n<p>Der im Paket enthaltene VDS-gepr\u00fcfte Rauchmelder wurde durch Mitglieder der Feuerwehr im Kinderzimmer angebracht und auf korrekte Funktion \u00fcberpr\u00fcft. Die Eltern erhielten Informationen zum Brandschutz im Eigenheim und konnten von der Notwendigkeit der \u201ekleinen Lebensrettern\u201c \u00fcberzeugt werden. Hier zeigte sich, dass viele B\u00fcrger noch unzureichend informiert sind und die Gefahr durch Br\u00e4nde im Eigenheim untersch\u00e4tzen.<\/p>\n<p>Bei den vielen Besuchen konnte aber auch die Organisation und Arbeit der Freiwilligen Feuerwehren den B\u00fcrgerinnen und B\u00fcrgen n\u00e4her gebracht werden und so manche Ber\u00fchrungs\u00e4ngste abgebaut werden. Aufgrund des gro\u00dfen Erfolges wird die Freiwillige Feuerwehr Flieden e.V. diese Kampagne auch im zweiten Jahr weiterf\u00fchren und hofft auf weitere zahlreiche \u00dcbergaben der Geburtenpakete. Die Ortsteilfeuerwehr von Flieden-Schweben beteiligt sich seit diesem Jahr ebenfalls an dieser Kampagne.<\/p>\n<p>Die Kampagne \u201eMit Sicherheit ins Leben\u201c\u00c2\u00a0 wird von zahlreichen Firmen aus Flieden und Umgebung und aus Mitgliedsbeitr\u00e4gen des Feuerwehrvereins\u00c2\u00a0 finanziert.<\/p>\n<p>Eltern von Neugeborenen k\u00f6nnen sich bei Interesse an einem \u201eGeburtenpaket\u201c bei Thorsten Kress Tel. 06655-986822 oder Andreas Friedrich Tel. 06655-73026 melden.<\/p>\n<p>Weitere Informationen zur Aktion, sowie ein Anmelde-Formular gibt es auf den Internetseiten der Freiwilligen Feuerwehr Flieden e.V. unter <a href=\"http:\/\/www.feuerwehr-flieden.de\/\">www.feuerwehr-flieden.de<\/a> oder <a href=\"http:\/\/www.mit-sicherheit-ins-leben.com\/\">www.mit-sicherheit-ins-leben.com<\/a>.<\/p>\n","protected":false},"excerpt":{"rendered":"<div class=\"tmnf_excerpt\"><p>Vor einem Jahr startete die Freiwillige Feuerwehr Flieden e.V. die Aktion &#8220;Mit Sicherheit ins Leben-jedem Neugeborenen in Flieden einen Rauchmelder&#8221;. Seit beginn der Kampagne vor 12 Monaten konnten bereits 22 Geburtenpakete an die \u201eNeuen Erdenb\u00fcrger\u201c und ihre Eltern \u00fcbergeben werden. Dies teilte die Freiwillige Feuerwehr Flieden e.V. in einer Presseinformation mit.<\/p>\n<\/div>","protected":false},"author":1,"featured_media":0,"comment_status":"closed","ping_status":"closed","sticky":false,"template":"","format":"standard","meta":{"footnotes":""},"categories":[1,71],"tags":[],"class_list":["post-59220","post","type-post","status-publish","format-standard","hentry","category-startseite","category-feuerwehr"],"_links":{"self":[{"href":"https:\/\/www.fuldaernachrichten.de\/index.php?rest_route=\/wp\/v2\/posts\/59220","targetHints":{"allow":["GET"]}}],"collection":[{"href":"https:\/\/www.fuldaernachrichten.de\/index.php?rest_route=\/wp\/v2\/posts"}],"about":[{"href":"https:\/\/www.fuldaernachrichten.de\/index.php?rest_route=\/wp\/v2\/types\/post"}],"author":[{"embeddable":true,"href":"https:\/\/www.fuldaernachrichten.de\/index.php?rest_route=\/wp\/v2\/users\/1"}],"replies":[{"embeddable":true,"href":"https:\/\/www.fuldaernachrichten.de\/index.php?rest_route=%2Fwp%2Fv2%2Fcomments&post=59220"}],"version-history":[{"count":1,"href":"https:\/\/www.fuldaernachrichten.de\/index.php?rest_route=\/wp\/v2\/posts\/59220\/revisions"}],"predecessor-version":[{"id":59223,"href":"https:\/\/www.fuldaernachrichten.de\/index.php?rest_route=\/wp\/v2\/posts\/59220\/revisions\/59223"}],"wp:attachment":[{"href":"https:\/\/www.fuldaernachrichten.de\/index.php?rest_route=%2Fwp%2Fv2%2Fmedia&parent=59220"}],"wp:term":[{"taxonomy":"category","embeddable":true,"href":"https:\/\/www.fuldaernachrichten.de\/index.php?rest_route=%2Fwp%2Fv2%2Fcategories&post=59220"},{"taxonomy":"post_tag","embeddable":true,"href":"https:\/\/www.fuldaernachrichten.de\/index.php?rest_route=%2Fwp%2Fv2%2Ftags&post=59220"}],"curies":[{"name":"wp","href":"https:\/\/api.w.org\/{rel}","templated":true}]}}