{"id":59020,"date":"2010-05-05T16:57:18","date_gmt":"2010-05-05T14:57:18","guid":{"rendered":"http:\/\/www.fuldaer-nachrichten.de\/?p=59020"},"modified":"2010-05-05T17:01:40","modified_gmt":"2010-05-05T15:01:40","slug":"10-rettmobil-in-fulda-staatsminister-juergen-banzer-europaeische-leitmesse-fuer-rettung-und-mobilitaet-plattform-zum-interessen-und-erfahrungsaustausch","status":"publish","type":"post","link":"https:\/\/www.fuldaernachrichten.de\/?p=59020","title":{"rendered":"10. RETTmobil in Fulda Staatsminister J\u00fcrgen Banzer: \u201eEurop\u00e4ische Leitmesse f\u00fcr Rettung und Mobilit\u00e4t \u2013 Plattform zum Interessen- und Erfahrungsaustausch\u201c"},"content":{"rendered":"<p><a title=\"Foto: Max Colin Heydenreich &amp; Marzena Traber\" rel=\"lightbox[roadtrip]\" href=\"http:\/\/www.fuldaer-nachrichten.de\/wp-content\/uploads\/2010\/05\/100505_Rettmobil_029.jpg\" target=\"_blank\"><img decoding=\"async\" src=\"http:\/\/www.fuldaer-nachrichten.de\/wp-content\/uploads\/2010\/05\/100505_Rettmobil_029.jpg\" alt=\"100505_Rettmobil_029.jpg\" width=\"560\" \/><\/a><\/p>\n<p><strong>Fulda.<\/strong> \u201eInnerhalb von zehn Minuten nach Eingang der Notfallmeldung erreicht ein Rettungsdienst in Hessen jeden an einer Stra\u00dfe gelegenen Notfallort. Damit nimmt Hessen unter den Fl\u00e4chenl\u00e4ndern in Deutschland eine Spitzenposition ein\u201c, erkl\u00e4rte J\u00fcrgen Banzer, Hessischer Minister f\u00fcr Arbeit, Familie und Gesundheit, heute bei der 10. RETTmobil Messe in Fulda. \u201eHessen hat im Rettungsdienst die k\u00fcrzeste Hilfsfrist aller Fl\u00e4chenl\u00e4nder. Auf diese Spitzenstellung unter den Bundesl\u00e4ndern sind wir stolz. Daher kommt den Rettungsdiensten in Hessen eine ganz besondere Bedeutung zu\u201c, betonte der Minister.<\/p>\n<p><strong>Fotos (129):<\/strong> Marzena Traber &amp; Max Colin Heydenreich<\/p>\n<p><a title=\"Foto: Max Colin Heydenreich &amp; Marzena Traber\" rel=\"lightbox[roadtrip]\" href=\"..\/wp-content\/uploads\/2010\/05\/100505_Rettmobil_043.jpg\" target=\"_blank\"><img decoding=\"async\" src=\"..\/wp-content\/uploads\/2010\/05\/100505_Rettmobil_043.thumbnail.jpg\" alt=\"100505_Rettmobil_043.jpg\" width=\"265\" \/><\/a> <a title=\"Foto: Max Colin Heydenreich &amp; Marzena Traber\" rel=\"lightbox[roadtrip]\" href=\"..\/wp-content\/uploads\/2010\/05\/100505_Rettmobil_069.jpg\" target=\"_blank\"><img decoding=\"async\" src=\"..\/wp-content\/uploads\/2010\/05\/100505_Rettmobil_069.thumbnail.jpg\" alt=\"100505_Rettmobil_069.jpg\" width=\"265\" \/><\/a><\/p>\n<p><a title=\"Foto: Max Colin Heydenreich &amp; Marzena Traber\" rel=\"lightbox[roadtrip]\" href=\"..\/wp-content\/uploads\/2010\/05\/100505_Rettmobil_047.jpg\" target=\"_blank\"><img decoding=\"async\" src=\"..\/wp-content\/uploads\/2010\/05\/100505_Rettmobil_047.thumbnail.jpg\" alt=\"100505_Rettmobil_047.jpg\" width=\"265\" \/><\/a> <a title=\"Foto: Max  Colin Heydenreich &amp; Marzena Traber\" rel=\"lightbox[roadtrip]\" href=\"..\/wp-content\/uploads\/2010\/05\/100505_Rettmobil_048.jpg\" target=\"_blank\"><img decoding=\"async\" src=\"..\/wp-content\/uploads\/2010\/05\/100505_Rettmobil_048.thumbnail.jpg\" alt=\"100505_Rettmobil_048.jpg\" width=\"265\" \/><\/a> <!--more--><\/p>\n<p>\u201eWer retten will, muss mobil sein\u201c, erkl\u00e4rte J\u00fcrgen Banzer. Die RETTmobil biete dazu eine gute Plattform. \u201eHier findet nicht nur Interessen- und Erfahrungsaustausch statt. Die RETTmobil bietet als Fachmesse einen \u00dcberblick \u00fcber das Spektrum an Ger\u00e4ten und Instrumenten f\u00fcr die Notfallmedizin und die zur Verf\u00fcgung stehenden Rettungsmittel\u201c, so der Minister. \u201eAu\u00dferdem kann an medizinischen und rettungsdienstlichen Fortbildungen teilgenommen werden und Vorf\u00fchrungen, \u00dcbungen und Demonstrationen im Freigel\u00e4nde angeschaut werden.\u201c<\/p>\n<p><strong>Informationen: <\/strong><\/p>\n<p>Die RETTmobil findet 2010 zum 10. Mal statt. Mit \u00fcber 350 Ausstellern aus 12 europ\u00e4ischen L\u00e4ndern und den USA und mehr als 20.000 Fachbesucherinnen und \u2013besuchern ist sie 2010 die gr\u00f6\u00dfte Fachmesse ihrer Art in Europa. Es gibt 15 Ausstellungshallen und ein umfangreiches Freigel\u00e4nde. Hier finden Testfahrten im Rettungswagen, Fahrten auf dem Offroad-Parcours, Vorf\u00fchrungen der Feuerwehr, der Bundeswehr und des Technischen Hilfswerkes statt. Im Fortbildungsbereich  gibt es 18 Workshops und 5 medizinisch-rettungsdienstliche Fortbildungen unter dem Motto \u201eAus der Praxis \u2013 f\u00fcr die Praxis\u201c.<\/p>\n<p><a title=\"Foto: Max Colin Heydenreich &amp; Marzena Traber\" rel=\"lightbox[roadtrip]\" href=\"..\/wp-content\/uploads\/2010\/05\/100505_Rettmobil_024.jpg\" target=\"_blank\"><img decoding=\"async\" src=\"..\/wp-content\/uploads\/2010\/05\/100505_Rettmobil_024.thumbnail.jpg\" alt=\"100505_Rettmobil_024.jpg\" width=\"265\" \/><\/a> <a title=\"Foto: Max  Colin Heydenreich &amp; Marzena Traber\" rel=\"lightbox[roadtrip]\" href=\"..\/wp-content\/uploads\/2010\/05\/100505_Rettmobil_022.jpg\" target=\"_blank\"><img decoding=\"async\" src=\"..\/wp-content\/uploads\/2010\/05\/100505_Rettmobil_022.thumbnail.jpg\" alt=\"100505_Rettmobil_022.jpg\" width=\"265\" \/><\/a><\/p>\n<p><a title=\"Foto: Max Colin Heydenreich &amp; Marzena Traber\" rel=\"lightbox[roadtrip]\" href=\"http:\/\/www.fuldaer-nachrichten.de\/wp-content\/uploads\/2010\/05\/100505_Rettmobil_001.jpg\" target=\"_blank\"><img decoding=\"async\" src=\"http:\/\/www.fuldaer-nachrichten.de\/wp-content\/uploads\/2010\/05\/100505_Rettmobil_001.thumbnail.jpg\" alt=\"100505_Rettmobil_001.jpg\" width=\"265\" \/><\/a> <a title=\"Foto: Max Colin Heydenreich &amp; Marzena Traber\" rel=\"lightbox[roadtrip]\" href=\"http:\/\/www.fuldaer-nachrichten.de\/wp-content\/uploads\/2010\/05\/100505_Rettmobil_002.jpg\" target=\"_blank\"><img decoding=\"async\" src=\"http:\/\/www.fuldaer-nachrichten.de\/wp-content\/uploads\/2010\/05\/100505_Rettmobil_002.thumbnail.jpg\" alt=\"100505_Rettmobil_002.jpg\" width=\"265\" \/><\/a><\/p>\n<p><a title=\"Foto: Max Colin Heydenreich &amp; Marzena Traber\" rel=\"lightbox[roadtrip]\" href=\"http:\/\/www.fuldaer-nachrichten.de\/wp-content\/uploads\/2010\/05\/100505_Rettmobil_003.jpg\" target=\"_blank\"><img decoding=\"async\" src=\"http:\/\/www.fuldaer-nachrichten.de\/wp-content\/uploads\/2010\/05\/100505_Rettmobil_003.thumbnail.jpg\" alt=\"100505_Rettmobil_003.jpg\" width=\"265\" \/><\/a> <a title=\"Foto: Max Colin Heydenreich &amp; Marzena Traber\" rel=\"lightbox[roadtrip]\" href=\"http:\/\/www.fuldaer-nachrichten.de\/wp-content\/uploads\/2010\/05\/100505_Rettmobil_004.jpg\" target=\"_blank\"><img decoding=\"async\" src=\"http:\/\/www.fuldaer-nachrichten.de\/wp-content\/uploads\/2010\/05\/100505_Rettmobil_004.thumbnail.jpg\" alt=\"100505_Rettmobil_004.jpg\" width=\"265\" \/><\/a><\/p>\n<p><a title=\"Foto: Max Colin Heydenreich &amp; Marzena Traber\" rel=\"lightbox[roadtrip]\" href=\"http:\/\/www.fuldaer-nachrichten.de\/wp-content\/uploads\/2010\/05\/100505_Rettmobil_005.jpg\" target=\"_blank\"><img decoding=\"async\" src=\"http:\/\/www.fuldaer-nachrichten.de\/wp-content\/uploads\/2010\/05\/100505_Rettmobil_005.thumbnail.jpg\" alt=\"100505_Rettmobil_005.jpg\" width=\"265\" \/><\/a> <a title=\"Foto: Max Colin Heydenreich &amp; Marzena Traber\" rel=\"lightbox[roadtrip]\" href=\"http:\/\/www.fuldaer-nachrichten.de\/wp-content\/uploads\/2010\/05\/100505_Rettmobil_006.jpg\" target=\"_blank\"><img decoding=\"async\" src=\"http:\/\/www.fuldaer-nachrichten.de\/wp-content\/uploads\/2010\/05\/100505_Rettmobil_006.thumbnail.jpg\" alt=\"100505_Rettmobil_006.jpg\" width=\"265\" \/><\/a><\/p>\n<p><a title=\"Foto: Max Colin Heydenreich &amp; Marzena Traber\" rel=\"lightbox[roadtrip]\" href=\"http:\/\/www.fuldaer-nachrichten.de\/wp-content\/uploads\/2010\/05\/100505_Rettmobil_007.jpg\" target=\"_blank\"><img decoding=\"async\" src=\"http:\/\/www.fuldaer-nachrichten.de\/wp-content\/uploads\/2010\/05\/100505_Rettmobil_007.thumbnail.jpg\" alt=\"100505_Rettmobil_007.jpg\" width=\"265\" \/><\/a> <a title=\"Foto: Max Colin Heydenreich &amp; Marzena Traber\" rel=\"lightbox[roadtrip]\" href=\"http:\/\/www.fuldaer-nachrichten.de\/wp-content\/uploads\/2010\/05\/100505_Rettmobil_008.jpg\" target=\"_blank\"><img decoding=\"async\" src=\"http:\/\/www.fuldaer-nachrichten.de\/wp-content\/uploads\/2010\/05\/100505_Rettmobil_008.thumbnail.jpg\" alt=\"100505_Rettmobil_008.jpg\" width=\"265\" \/><\/a><\/p>\n<p><a title=\"Foto: Max Colin Heydenreich &amp; Marzena Traber\" rel=\"lightbox[roadtrip]\" href=\"http:\/\/www.fuldaer-nachrichten.de\/wp-content\/uploads\/2010\/05\/100505_Rettmobil_009.jpg\" target=\"_blank\"><img decoding=\"async\" src=\"http:\/\/www.fuldaer-nachrichten.de\/wp-content\/uploads\/2010\/05\/100505_Rettmobil_009.thumbnail.jpg\" alt=\"100505_Rettmobil_009.jpg\" width=\"265\" \/><\/a> <a title=\"Foto: Max Colin Heydenreich &amp; Marzena Traber\" rel=\"lightbox[roadtrip]\" href=\"http:\/\/www.fuldaer-nachrichten.de\/wp-content\/uploads\/2010\/05\/100505_Rettmobil_010.jpg\" target=\"_blank\"><img decoding=\"async\" src=\"http:\/\/www.fuldaer-nachrichten.de\/wp-content\/uploads\/2010\/05\/100505_Rettmobil_010.thumbnail.jpg\" alt=\"100505_Rettmobil_010.jpg\" width=\"265\" \/><\/a><\/p>\n<p><a title=\"Foto: Max Colin Heydenreich &amp; Marzena Traber\" rel=\"lightbox[roadtrip]\" href=\"http:\/\/www.fuldaer-nachrichten.de\/wp-content\/uploads\/2010\/05\/100505_Rettmobil_011.jpg\" target=\"_blank\"><img decoding=\"async\" src=\"http:\/\/www.fuldaer-nachrichten.de\/wp-content\/uploads\/2010\/05\/100505_Rettmobil_011.thumbnail.jpg\" alt=\"100505_Rettmobil_011.jpg\" width=\"265\" \/><\/a> <a title=\"Foto: Max Colin Heydenreich &amp; Marzena Traber\" rel=\"lightbox[roadtrip]\" href=\"http:\/\/www.fuldaer-nachrichten.de\/wp-content\/uploads\/2010\/05\/100505_Rettmobil_012.jpg\" target=\"_blank\"><img decoding=\"async\" src=\"http:\/\/www.fuldaer-nachrichten.de\/wp-content\/uploads\/2010\/05\/100505_Rettmobil_012.thumbnail.jpg\" alt=\"100505_Rettmobil_012.jpg\" width=\"265\" \/><\/a><\/p>\n<p><a title=\"Foto: Max Colin Heydenreich &amp; Marzena Traber\" rel=\"lightbox[roadtrip]\" href=\"http:\/\/www.fuldaer-nachrichten.de\/wp-content\/uploads\/2010\/05\/100505_Rettmobil_013.jpg\" target=\"_blank\"><img decoding=\"async\" src=\"http:\/\/www.fuldaer-nachrichten.de\/wp-content\/uploads\/2010\/05\/100505_Rettmobil_013.thumbnail.jpg\" alt=\"100505_Rettmobil_013.jpg\" width=\"265\" \/><\/a> <a title=\"Foto: Max Colin Heydenreich &amp; Marzena Traber\" rel=\"lightbox[roadtrip]\" href=\"http:\/\/www.fuldaer-nachrichten.de\/wp-content\/uploads\/2010\/05\/100505_Rettmobil_014.jpg\" target=\"_blank\"><img decoding=\"async\" src=\"http:\/\/www.fuldaer-nachrichten.de\/wp-content\/uploads\/2010\/05\/100505_Rettmobil_014.thumbnail.jpg\" alt=\"100505_Rettmobil_014.jpg\" width=\"265\" \/><\/a><\/p>\n<p><a title=\"Foto: Max Colin Heydenreich &amp; Marzena Traber\" rel=\"lightbox[roadtrip]\" href=\"http:\/\/www.fuldaer-nachrichten.de\/wp-content\/uploads\/2010\/05\/100505_Rettmobil_015.jpg\" target=\"_blank\"><img decoding=\"async\" src=\"http:\/\/www.fuldaer-nachrichten.de\/wp-content\/uploads\/2010\/05\/100505_Rettmobil_015.thumbnail.jpg\" alt=\"100505_Rettmobil_015.jpg\" width=\"265\" \/><\/a> <a title=\"Foto: Max Colin Heydenreich &amp; Marzena Traber\" rel=\"lightbox[roadtrip]\" href=\"http:\/\/www.fuldaer-nachrichten.de\/wp-content\/uploads\/2010\/05\/100505_Rettmobil_016.jpg\" target=\"_blank\"><img decoding=\"async\" src=\"http:\/\/www.fuldaer-nachrichten.de\/wp-content\/uploads\/2010\/05\/100505_Rettmobil_016.thumbnail.jpg\" alt=\"100505_Rettmobil_016.jpg\" width=\"265\" \/><\/a><\/p>\n<p><a title=\"Foto: Max Colin Heydenreich &amp; Marzena Traber\" rel=\"lightbox[roadtrip]\" href=\"http:\/\/www.fuldaer-nachrichten.de\/wp-content\/uploads\/2010\/05\/100505_Rettmobil_019.jpg\" target=\"_blank\"><img decoding=\"async\" src=\"http:\/\/www.fuldaer-nachrichten.de\/wp-content\/uploads\/2010\/05\/100505_Rettmobil_019.thumbnail.jpg\" alt=\"100505_Rettmobil_019.jpg\" width=\"265\" \/><\/a> <a title=\"Foto: Max Colin Heydenreich &amp; Marzena Traber\" rel=\"lightbox[roadtrip]\" href=\"http:\/\/www.fuldaer-nachrichten.de\/wp-content\/uploads\/2010\/05\/100505_Rettmobil_018.jpg\" target=\"_blank\"><img decoding=\"async\" src=\"http:\/\/www.fuldaer-nachrichten.de\/wp-content\/uploads\/2010\/05\/100505_Rettmobil_018.thumbnail.jpg\" alt=\"100505_Rettmobil_018.jpg\" width=\"265\" \/><\/a><\/p>\n<p><a title=\"Foto: Max Colin Heydenreich &amp; Marzena Traber\" rel=\"lightbox[roadtrip]\" href=\"http:\/\/www.fuldaer-nachrichten.de\/wp-content\/uploads\/2010\/05\/100505_Rettmobil_017.jpg\" target=\"_blank\"><img decoding=\"async\" src=\"http:\/\/www.fuldaer-nachrichten.de\/wp-content\/uploads\/2010\/05\/100505_Rettmobil_017.thumbnail.jpg\" alt=\"100505_Rettmobil_017.jpg\" width=\"265\" \/><\/a> <a title=\"Foto: Max Colin Heydenreich &amp; Marzena Traber\" rel=\"lightbox[roadtrip]\" href=\"http:\/\/www.fuldaer-nachrichten.de\/wp-content\/uploads\/2010\/05\/100505_Rettmobil_020.jpg\" target=\"_blank\"><img decoding=\"async\" src=\"http:\/\/www.fuldaer-nachrichten.de\/wp-content\/uploads\/2010\/05\/100505_Rettmobil_020.thumbnail.jpg\" alt=\"100505_Rettmobil_020.jpg\" width=\"265\" \/><\/a><\/p>\n<p><a title=\"Foto: Max Colin Heydenreich &amp; Marzena Traber\" rel=\"lightbox[roadtrip]\" href=\"http:\/\/www.fuldaer-nachrichten.de\/wp-content\/uploads\/2010\/05\/100505_Rettmobil_021.jpg\" target=\"_blank\"><img decoding=\"async\" src=\"http:\/\/www.fuldaer-nachrichten.de\/wp-content\/uploads\/2010\/05\/100505_Rettmobil_021.thumbnail.jpg\" alt=\"100505_Rettmobil_021.jpg\" width=\"265\" \/><\/a> <a title=\"Foto: Max Colin Heydenreich &amp; Marzena Traber\" rel=\"lightbox[roadtrip]\" href=\"..\/wp-content\/uploads\/2010\/05\/100505_Rettmobil_023.jpg\" target=\"_blank\"><img decoding=\"async\" src=\"..\/wp-content\/uploads\/2010\/05\/100505_Rettmobil_023.thumbnail.jpg\" alt=\"100505_Rettmobil_023.jpg\" width=\"265\" \/><\/a><\/p>\n<p><a title=\"Foto: Max Colin Heydenreich &amp; Marzena Traber\" rel=\"lightbox[roadtrip]\" href=\"http:\/\/www.fuldaer-nachrichten.de\/wp-content\/uploads\/2010\/05\/100505_Rettmobil_025.jpg\" target=\"_blank\"><img decoding=\"async\" src=\"http:\/\/www.fuldaer-nachrichten.de\/wp-content\/uploads\/2010\/05\/100505_Rettmobil_025.thumbnail.jpg\" alt=\"100505_Rettmobil_025.jpg\" width=\"265\" \/><\/a> <a title=\"Foto: Max Colin Heydenreich &amp; Marzena Traber\" rel=\"lightbox[roadtrip]\" href=\"http:\/\/www.fuldaer-nachrichten.de\/wp-content\/uploads\/2010\/05\/100505_Rettmobil_026.jpg\" target=\"_blank\"><img decoding=\"async\" src=\"http:\/\/www.fuldaer-nachrichten.de\/wp-content\/uploads\/2010\/05\/100505_Rettmobil_026.thumbnail.jpg\" alt=\"100505_Rettmobil_026.jpg\" width=\"265\" \/><\/a><\/p>\n<p><a title=\"Foto: Max Colin Heydenreich &amp; Marzena Traber\" rel=\"lightbox[roadtrip]\" href=\"http:\/\/www.fuldaer-nachrichten.de\/wp-content\/uploads\/2010\/05\/100505_Rettmobil_027.jpg\" target=\"_blank\"><img decoding=\"async\" src=\"http:\/\/www.fuldaer-nachrichten.de\/wp-content\/uploads\/2010\/05\/100505_Rettmobil_027.thumbnail.jpg\" alt=\"100505_Rettmobil_027.jpg\" width=\"265\" \/><\/a> <a title=\"Foto: Max Colin Heydenreich &amp; Marzena Traber\" rel=\"lightbox[roadtrip]\" href=\"http:\/\/www.fuldaer-nachrichten.de\/wp-content\/uploads\/2010\/05\/100505_Rettmobil_028.jpg\" target=\"_blank\"><img decoding=\"async\" src=\"http:\/\/www.fuldaer-nachrichten.de\/wp-content\/uploads\/2010\/05\/100505_Rettmobil_028.thumbnail.jpg\" alt=\"100505_Rettmobil_028.jpg\" width=\"265\" \/><\/a><\/p>\n<p><a title=\"Foto: Max Colin Heydenreich &amp; Marzena Traber\" rel=\"lightbox[roadtrip]\" href=\"http:\/\/www.fuldaer-nachrichten.de\/wp-content\/uploads\/2010\/05\/100505_Rettmobil_029.jpg\" target=\"_blank\"><img decoding=\"async\" src=\"http:\/\/www.fuldaer-nachrichten.de\/wp-content\/uploads\/2010\/05\/100505_Rettmobil_029.thumbnail.jpg\" alt=\"100505_Rettmobil_029.jpg\" width=\"265\" \/><\/a> <a title=\"Foto: Max Colin Heydenreich &amp; Marzena Traber\" rel=\"lightbox[roadtrip]\" href=\"http:\/\/www.fuldaer-nachrichten.de\/wp-content\/uploads\/2010\/05\/100505_Rettmobil_030.jpg\" target=\"_blank\"><img decoding=\"async\" src=\"http:\/\/www.fuldaer-nachrichten.de\/wp-content\/uploads\/2010\/05\/100505_Rettmobil_030.thumbnail.jpg\" alt=\"100505_Rettmobil_030.jpg\" width=\"265\" \/><\/a><\/p>\n<p><a title=\"Foto: Max Colin Heydenreich &amp; Marzena Traber\" rel=\"lightbox[roadtrip]\" href=\"http:\/\/www.fuldaer-nachrichten.de\/wp-content\/uploads\/2010\/05\/100505_Rettmobil_031.jpg\" target=\"_blank\"><img decoding=\"async\" src=\"http:\/\/www.fuldaer-nachrichten.de\/wp-content\/uploads\/2010\/05\/100505_Rettmobil_031.thumbnail.jpg\" alt=\"100505_Rettmobil_031.jpg\" width=\"265\" \/><\/a> <a title=\"Foto: Max Colin Heydenreich &amp; Marzena Traber\" rel=\"lightbox[roadtrip]\" href=\"http:\/\/www.fuldaer-nachrichten.de\/wp-content\/uploads\/2010\/05\/100505_Rettmobil_032.jpg\" target=\"_blank\"><img decoding=\"async\" src=\"http:\/\/www.fuldaer-nachrichten.de\/wp-content\/uploads\/2010\/05\/100505_Rettmobil_032.thumbnail.jpg\" alt=\"100505_Rettmobil_032.jpg\" width=\"265\" \/><\/a><\/p>\n<p><a title=\"Foto: Max Colin Heydenreich &amp; Marzena Traber\" rel=\"lightbox[roadtrip]\" href=\"http:\/\/www.fuldaer-nachrichten.de\/wp-content\/uploads\/2010\/05\/100505_Rettmobil_033.jpg\" target=\"_blank\"><img decoding=\"async\" src=\"http:\/\/www.fuldaer-nachrichten.de\/wp-content\/uploads\/2010\/05\/100505_Rettmobil_033.thumbnail.jpg\" alt=\"100505_Rettmobil_033.jpg\" width=\"265\" \/><\/a> <a title=\"Foto: Max Colin Heydenreich &amp; Marzena Traber\" rel=\"lightbox[roadtrip]\" href=\"http:\/\/www.fuldaer-nachrichten.de\/wp-content\/uploads\/2010\/05\/100505_Rettmobil_064.jpg\" target=\"_blank\"><img decoding=\"async\" src=\"http:\/\/www.fuldaer-nachrichten.de\/wp-content\/uploads\/2010\/05\/100505_Rettmobil_064.thumbnail.jpg\" alt=\"100505_Rettmobil_064.jpg\" width=\"265\" \/><\/a><\/p>\n<p><a title=\"Foto: Max Colin Heydenreich &amp; Marzena Traber\" rel=\"lightbox[roadtrip]\" href=\"http:\/\/www.fuldaer-nachrichten.de\/wp-content\/uploads\/2010\/05\/100505_Rettmobil_035.jpg\" target=\"_blank\"><img decoding=\"async\" src=\"http:\/\/www.fuldaer-nachrichten.de\/wp-content\/uploads\/2010\/05\/100505_Rettmobil_035.thumbnail.jpg\" alt=\"100505_Rettmobil_035.jpg\" width=\"265\" \/><\/a> <a title=\"Foto: Max Colin Heydenreich &amp; Marzena Traber\" rel=\"lightbox[roadtrip]\" href=\"http:\/\/www.fuldaer-nachrichten.de\/wp-content\/uploads\/2010\/05\/100505_Rettmobil_036.jpg\" target=\"_blank\"><img decoding=\"async\" src=\"http:\/\/www.fuldaer-nachrichten.de\/wp-content\/uploads\/2010\/05\/100505_Rettmobil_036.thumbnail.jpg\" alt=\"100505_Rettmobil_036.jpg\" width=\"265\" \/><\/a><\/p>\n<p><a title=\"Foto: Max Colin Heydenreich &amp; Marzena Traber\" rel=\"lightbox[roadtrip]\" href=\"http:\/\/www.fuldaer-nachrichten.de\/wp-content\/uploads\/2010\/05\/100505_Rettmobil_037.jpg\" target=\"_blank\"><img decoding=\"async\" src=\"http:\/\/www.fuldaer-nachrichten.de\/wp-content\/uploads\/2010\/05\/100505_Rettmobil_037.thumbnail.jpg\" alt=\"100505_Rettmobil_037.jpg\" width=\"265\" \/><\/a> <a title=\"Foto: Max Colin Heydenreich &amp; Marzena Traber\" rel=\"lightbox[roadtrip]\" href=\"http:\/\/www.fuldaer-nachrichten.de\/wp-content\/uploads\/2010\/05\/100505_Rettmobil_038.jpg\" target=\"_blank\"><img decoding=\"async\" src=\"http:\/\/www.fuldaer-nachrichten.de\/wp-content\/uploads\/2010\/05\/100505_Rettmobil_038.thumbnail.jpg\" alt=\"100505_Rettmobil_038.jpg\" width=\"265\" \/><\/a><\/p>\n<p><a title=\"Foto: Max Colin Heydenreich &amp; Marzena Traber\" rel=\"lightbox[roadtrip]\" href=\"http:\/\/www.fuldaer-nachrichten.de\/wp-content\/uploads\/2010\/05\/100505_Rettmobil_034.jpg\" target=\"_blank\"><img decoding=\"async\" src=\"http:\/\/www.fuldaer-nachrichten.de\/wp-content\/uploads\/2010\/05\/100505_Rettmobil_034.thumbnail.jpg\" alt=\"100505_Rettmobil_034.jpg\" width=\"265\" \/> <\/a><a title=\"Foto: Max Colin Heydenreich &amp; Marzena Traber\" rel=\"lightbox[roadtrip]\" href=\"http:\/\/www.fuldaer-nachrichten.de\/wp-content\/uploads\/2010\/05\/100505_Rettmobil_040.jpg\" target=\"_blank\"><img decoding=\"async\" src=\"http:\/\/www.fuldaer-nachrichten.de\/wp-content\/uploads\/2010\/05\/100505_Rettmobil_040.thumbnail.jpg\" alt=\"100505_Rettmobil_040.jpg\" width=\"265\" \/><\/a><\/p>\n<p><a title=\"Foto: Max Colin Heydenreich &amp; Marzena Traber\" rel=\"lightbox[roadtrip]\" href=\"http:\/\/www.fuldaer-nachrichten.de\/wp-content\/uploads\/2010\/05\/100505_Rettmobil_039.jpg\" target=\"_blank\"><img decoding=\"async\" src=\"http:\/\/www.fuldaer-nachrichten.de\/wp-content\/uploads\/2010\/05\/100505_Rettmobil_039.thumbnail.jpg\" alt=\"100505_Rettmobil_039.jpg\" width=\"265\" \/><\/a> <a title=\"Foto: Max Colin Heydenreich &amp; Marzena Traber\" rel=\"lightbox[roadtrip]\" href=\"http:\/\/www.fuldaer-nachrichten.de\/wp-content\/uploads\/2010\/05\/100505_Rettmobil_041.jpg\" target=\"_blank\"><img decoding=\"async\" src=\"http:\/\/www.fuldaer-nachrichten.de\/wp-content\/uploads\/2010\/05\/100505_Rettmobil_041.thumbnail.jpg\" alt=\"100505_Rettmobil_041.jpg\" width=\"265\" \/><\/a><\/p>\n<p><a title=\"Foto: Max Colin Heydenreich &amp; Marzena Traber\" rel=\"lightbox[roadtrip]\" href=\"http:\/\/www.fuldaer-nachrichten.de\/wp-content\/uploads\/2010\/05\/100505_Rettmobil_063.jpg\" target=\"_blank\"><img decoding=\"async\" src=\"http:\/\/www.fuldaer-nachrichten.de\/wp-content\/uploads\/2010\/05\/100505_Rettmobil_063.thumbnail.jpg\" alt=\"100505_Rettmobil_063.jpg\" width=\"265\" \/> <\/a><a title=\"Foto: Max Colin Heydenreich &amp; Marzena Traber\" rel=\"lightbox[roadtrip]\" href=\"http:\/\/www.fuldaer-nachrichten.de\/wp-content\/uploads\/2010\/05\/100505_Rettmobil_042.jpg\" target=\"_blank\"><img decoding=\"async\" src=\"http:\/\/www.fuldaer-nachrichten.de\/wp-content\/uploads\/2010\/05\/100505_Rettmobil_042.thumbnail.jpg\" alt=\"100505_Rettmobil_042.jpg\" width=\"265\" \/><\/a><\/p>\n<p><a title=\"Foto: Max Colin Heydenreich &amp; Marzena Traber\" rel=\"lightbox[roadtrip]\" href=\"http:\/\/www.fuldaer-nachrichten.de\/wp-content\/uploads\/2010\/05\/100505_Rettmobil_045.jpg\" target=\"_blank\"><img decoding=\"async\" src=\"http:\/\/www.fuldaer-nachrichten.de\/wp-content\/uploads\/2010\/05\/100505_Rettmobil_045.thumbnail.jpg\" alt=\"100505_Rettmobil_045.jpg\" width=\"265\" \/><\/a> <a title=\"Foto: Max Colin Heydenreich &amp; Marzena Traber\" rel=\"lightbox[roadtrip]\" href=\"http:\/\/www.fuldaer-nachrichten.de\/wp-content\/uploads\/2010\/05\/100505_Rettmobil_046.jpg\" target=\"_blank\"><img decoding=\"async\" src=\"http:\/\/www.fuldaer-nachrichten.de\/wp-content\/uploads\/2010\/05\/100505_Rettmobil_046.thumbnail.jpg\" alt=\"100505_Rettmobil_046.jpg\" width=\"265\" \/><\/a><\/p>\n<p><a title=\"Foto: Max Colin Heydenreich &amp; Marzena Traber\" rel=\"lightbox[roadtrip]\" href=\"http:\/\/www.fuldaer-nachrichten.de\/wp-content\/uploads\/2010\/05\/100505_Rettmobil_049.jpg\" target=\"_blank\"><img decoding=\"async\" src=\"http:\/\/www.fuldaer-nachrichten.de\/wp-content\/uploads\/2010\/05\/100505_Rettmobil_049.thumbnail.jpg\" alt=\"100505_Rettmobil_049.jpg\" width=\"265\" \/><\/a> <a title=\"Foto: Max Colin Heydenreich &amp; Marzena Traber\" rel=\"lightbox[roadtrip]\" href=\"http:\/\/www.fuldaer-nachrichten.de\/wp-content\/uploads\/2010\/05\/100505_Rettmobil_050.jpg\" target=\"_blank\"><img decoding=\"async\" src=\"http:\/\/www.fuldaer-nachrichten.de\/wp-content\/uploads\/2010\/05\/100505_Rettmobil_050.thumbnail.jpg\" alt=\"100505_Rettmobil_050.jpg\" width=\"265\" \/><\/a><\/p>\n<p><a title=\"Foto: Max Colin Heydenreich &amp; Marzena Traber\" rel=\"lightbox[roadtrip]\" href=\"http:\/\/www.fuldaer-nachrichten.de\/wp-content\/uploads\/2010\/05\/100505_Rettmobil_051.jpg\" target=\"_blank\"><img decoding=\"async\" src=\"http:\/\/www.fuldaer-nachrichten.de\/wp-content\/uploads\/2010\/05\/100505_Rettmobil_051.thumbnail.jpg\" alt=\"100505_Rettmobil_051.jpg\" width=\"265\" \/><\/a> <a title=\"Foto: Max Colin Heydenreich &amp; Marzena Traber\" rel=\"lightbox[roadtrip]\" href=\"http:\/\/www.fuldaer-nachrichten.de\/wp-content\/uploads\/2010\/05\/100505_Rettmobil_052.jpg\" target=\"_blank\"><img decoding=\"async\" src=\"http:\/\/www.fuldaer-nachrichten.de\/wp-content\/uploads\/2010\/05\/100505_Rettmobil_052.thumbnail.jpg\" alt=\"100505_Rettmobil_052.jpg\" width=\"265\" \/><\/a><\/p>\n<p><a title=\"Foto: Max Colin Heydenreich &amp; Marzena Traber\" rel=\"lightbox[roadtrip]\" href=\"http:\/\/www.fuldaer-nachrichten.de\/wp-content\/uploads\/2010\/05\/100505_Rettmobil_053.jpg\" target=\"_blank\"><img decoding=\"async\" src=\"http:\/\/www.fuldaer-nachrichten.de\/wp-content\/uploads\/2010\/05\/100505_Rettmobil_053.thumbnail.jpg\" alt=\"100505_Rettmobil_053.jpg\" width=\"265\" \/><\/a> <a title=\"Foto: Max Colin Heydenreich &amp; Marzena Traber\" rel=\"lightbox[roadtrip]\" href=\"http:\/\/www.fuldaer-nachrichten.de\/wp-content\/uploads\/2010\/05\/100505_Rettmobil_054.jpg\" target=\"_blank\"><img decoding=\"async\" src=\"http:\/\/www.fuldaer-nachrichten.de\/wp-content\/uploads\/2010\/05\/100505_Rettmobil_054.thumbnail.jpg\" alt=\"100505_Rettmobil_054.jpg\" width=\"265\" \/><\/a><\/p>\n<p><a title=\"Foto: Max Colin Heydenreich &amp; Marzena Traber\" rel=\"lightbox[roadtrip]\" href=\"http:\/\/www.fuldaer-nachrichten.de\/wp-content\/uploads\/2010\/05\/100505_Rettmobil_055.jpg\" target=\"_blank\"><img decoding=\"async\" src=\"http:\/\/www.fuldaer-nachrichten.de\/wp-content\/uploads\/2010\/05\/100505_Rettmobil_055.thumbnail.jpg\" alt=\"100505_Rettmobil_055.jpg\" width=\"265\" \/><\/a> <a title=\"Foto: Max Colin Heydenreich &amp; Marzena Traber\" rel=\"lightbox[roadtrip]\" href=\"http:\/\/www.fuldaer-nachrichten.de\/wp-content\/uploads\/2010\/05\/100505_Rettmobil_056.jpg\" target=\"_blank\"><img decoding=\"async\" src=\"http:\/\/www.fuldaer-nachrichten.de\/wp-content\/uploads\/2010\/05\/100505_Rettmobil_056.thumbnail.jpg\" alt=\"100505_Rettmobil_056.jpg\" width=\"265\" \/><\/a><\/p>\n<p><a title=\"Foto: Max Colin Heydenreich &amp; Marzena Traber\" rel=\"lightbox[roadtrip]\" href=\"http:\/\/www.fuldaer-nachrichten.de\/wp-content\/uploads\/2010\/05\/100505_Rettmobil_057.jpg\" target=\"_blank\"><img decoding=\"async\" src=\"http:\/\/www.fuldaer-nachrichten.de\/wp-content\/uploads\/2010\/05\/100505_Rettmobil_057.thumbnail.jpg\" alt=\"100505_Rettmobil_057.jpg\" width=\"265\" \/><\/a> <a title=\"Foto: Max Colin Heydenreich &amp; Marzena Traber\" rel=\"lightbox[roadtrip]\" href=\"http:\/\/www.fuldaer-nachrichten.de\/wp-content\/uploads\/2010\/05\/100505_Rettmobil_058.jpg\" target=\"_blank\"><img decoding=\"async\" src=\"http:\/\/www.fuldaer-nachrichten.de\/wp-content\/uploads\/2010\/05\/100505_Rettmobil_058.thumbnail.jpg\" alt=\"100505_Rettmobil_058.jpg\" width=\"265\" \/><\/a><\/p>\n<p><a title=\"Foto: Max Colin Heydenreich &amp; Marzena Traber\" rel=\"lightbox[roadtrip]\" href=\"http:\/\/www.fuldaer-nachrichten.de\/wp-content\/uploads\/2010\/05\/100505_Rettmobil_059.jpg\" target=\"_blank\"><img decoding=\"async\" src=\"http:\/\/www.fuldaer-nachrichten.de\/wp-content\/uploads\/2010\/05\/100505_Rettmobil_059.thumbnail.jpg\" alt=\"100505_Rettmobil_059.jpg\" width=\"265\" \/><\/a> <a title=\"Foto: Max Colin Heydenreich &amp; Marzena Traber\" rel=\"lightbox[roadtrip]\" href=\"http:\/\/www.fuldaer-nachrichten.de\/wp-content\/uploads\/2010\/05\/100505_Rettmobil_060.jpg\" target=\"_blank\"><img decoding=\"async\" src=\"http:\/\/www.fuldaer-nachrichten.de\/wp-content\/uploads\/2010\/05\/100505_Rettmobil_060.thumbnail.jpg\" alt=\"100505_Rettmobil_060.jpg\" width=\"265\" \/><\/a><\/p>\n<p><a title=\"Foto: Max Colin Heydenreich &amp; Marzena Traber\" rel=\"lightbox[roadtrip]\" href=\"http:\/\/www.fuldaer-nachrichten.de\/wp-content\/uploads\/2010\/05\/100505_Rettmobil_061.jpg\" target=\"_blank\"><img decoding=\"async\" src=\"http:\/\/www.fuldaer-nachrichten.de\/wp-content\/uploads\/2010\/05\/100505_Rettmobil_061.thumbnail.jpg\" alt=\"100505_Rettmobil_061.jpg\" width=\"265\" \/><\/a> <a title=\"Foto: Max Colin Heydenreich &amp; Marzena Traber\" rel=\"lightbox[roadtrip]\" href=\"http:\/\/www.fuldaer-nachrichten.de\/wp-content\/uploads\/2010\/05\/100505_Rettmobil_062.jpg\" target=\"_blank\"><img decoding=\"async\" src=\"http:\/\/www.fuldaer-nachrichten.de\/wp-content\/uploads\/2010\/05\/100505_Rettmobil_062.thumbnail.jpg\" alt=\"100505_Rettmobil_062.jpg\" width=\"265\" \/><\/a><\/p>\n<p><a title=\"Foto: Max Colin Heydenreich &amp; Marzena Traber\" rel=\"lightbox[roadtrip]\" href=\"http:\/\/www.fuldaer-nachrichten.de\/wp-content\/uploads\/2010\/05\/100505_Rettmobil_065.jpg\" target=\"_blank\"><img decoding=\"async\" src=\"http:\/\/www.fuldaer-nachrichten.de\/wp-content\/uploads\/2010\/05\/100505_Rettmobil_065.thumbnail.jpg\" alt=\"100505_Rettmobil_065.jpg\" width=\"265\" \/><\/a> <a title=\"Foto: Max Colin Heydenreich &amp; Marzena Traber\" rel=\"lightbox[roadtrip]\" href=\"http:\/\/www.fuldaer-nachrichten.de\/wp-content\/uploads\/2010\/05\/100505_Rettmobil_066.jpg\" target=\"_blank\"><img decoding=\"async\" src=\"http:\/\/www.fuldaer-nachrichten.de\/wp-content\/uploads\/2010\/05\/100505_Rettmobil_066.thumbnail.jpg\" alt=\"100505_Rettmobil_066.jpg\" width=\"265\" \/><\/a><\/p>\n<p><a title=\"Foto: Max Colin Heydenreich &amp; Marzena Traber\" rel=\"lightbox[roadtrip]\" href=\"http:\/\/www.fuldaer-nachrichten.de\/wp-content\/uploads\/2010\/05\/100505_Rettmobil_067.jpg\" target=\"_blank\"><img decoding=\"async\" src=\"http:\/\/www.fuldaer-nachrichten.de\/wp-content\/uploads\/2010\/05\/100505_Rettmobil_067.thumbnail.jpg\" alt=\"100505_Rettmobil_067.jpg\" width=\"265\" \/><\/a> <a title=\"Foto: Max Colin Heydenreich &amp; Marzena Traber\" rel=\"lightbox[roadtrip]\" href=\"http:\/\/www.fuldaer-nachrichten.de\/wp-content\/uploads\/2010\/05\/100505_Rettmobil_068.jpg\" target=\"_blank\"><img decoding=\"async\" src=\"http:\/\/www.fuldaer-nachrichten.de\/wp-content\/uploads\/2010\/05\/100505_Rettmobil_068.thumbnail.jpg\" alt=\"100505_Rettmobil_068.jpg\" width=\"265\" \/><\/a><\/p>\n<p><a title=\"Foto: Max Colin Heydenreich &amp; Marzena Traber\" rel=\"lightbox[roadtrip]\" href=\"http:\/\/www.fuldaer-nachrichten.de\/wp-content\/uploads\/2010\/05\/100505_Rettmobil_070.jpg\" target=\"_blank\"><img decoding=\"async\" src=\"http:\/\/www.fuldaer-nachrichten.de\/wp-content\/uploads\/2010\/05\/100505_Rettmobil_070.thumbnail.jpg\" alt=\"100505_Rettmobil_070.jpg\" width=\"265\" \/><\/a> <a title=\"Foto: Max Colin Heydenreich &amp; Marzena Traber\" rel=\"lightbox[roadtrip]\" href=\"..\/wp-content\/uploads\/2010\/05\/100505_Rettmobil_044.jpg\" target=\"_blank\"><img decoding=\"async\" src=\"..\/wp-content\/uploads\/2010\/05\/100505_Rettmobil_044.thumbnail.jpg\" alt=\"100505_Rettmobil_044.jpg\" width=\"265\" \/><\/a><\/p>\n<p><a title=\"Foto: Max Colin Heydenreich &amp; Marzena Traber\" rel=\"lightbox[roadtrip]\" href=\"http:\/\/www.fuldaer-nachrichten.de\/wp-content\/uploads\/2010\/05\/100505_Rettmobil_071.jpg\" target=\"_blank\"><img decoding=\"async\" src=\"http:\/\/www.fuldaer-nachrichten.de\/wp-content\/uploads\/2010\/05\/100505_Rettmobil_071.thumbnail.jpg\" alt=\"100505_Rettmobil_071.jpg\" width=\"265\" \/><\/a> <a title=\"Foto: Max Colin Heydenreich &amp; Marzena Traber\" rel=\"lightbox[roadtrip]\" href=\"http:\/\/www.fuldaer-nachrichten.de\/wp-content\/uploads\/2010\/05\/100505_Rettmobil_072.jpg\" target=\"_blank\"><img decoding=\"async\" src=\"http:\/\/www.fuldaer-nachrichten.de\/wp-content\/uploads\/2010\/05\/100505_Rettmobil_072.thumbnail.jpg\" alt=\"100505_Rettmobil_072.jpg\" width=\"265\" \/><\/a><\/p>\n<p><a title=\"Foto: Max Colin Heydenreich &amp; Marzena Traber\" rel=\"lightbox[roadtrip]\" href=\"http:\/\/www.fuldaer-nachrichten.de\/wp-content\/uploads\/2010\/05\/100505_Rettmobil_084.jpg\" target=\"_blank\"><img decoding=\"async\" src=\"http:\/\/www.fuldaer-nachrichten.de\/wp-content\/uploads\/2010\/05\/100505_Rettmobil_084.thumbnail.jpg\" alt=\"100505_Rettmobil_084.jpg\" width=\"265\" \/><\/a> <a title=\"Foto: Max Colin Heydenreich &amp; Marzena Traber\" rel=\"lightbox[roadtrip]\" href=\"http:\/\/www.fuldaer-nachrichten.de\/wp-content\/uploads\/2010\/05\/100505_Rettmobil_073.jpg\" target=\"_blank\"><img decoding=\"async\" src=\"http:\/\/www.fuldaer-nachrichten.de\/wp-content\/uploads\/2010\/05\/100505_Rettmobil_073.thumbnail.jpg\" alt=\"100505_Rettmobil_073.jpg\" width=\"265\" \/><\/a><\/p>\n<p><a title=\"Foto: Max Colin Heydenreich &amp; Marzena Traber\" rel=\"lightbox[roadtrip]\" href=\"http:\/\/www.fuldaer-nachrichten.de\/wp-content\/uploads\/2010\/05\/100505_Rettmobil_075.jpg\" target=\"_blank\"><img decoding=\"async\" src=\"http:\/\/www.fuldaer-nachrichten.de\/wp-content\/uploads\/2010\/05\/100505_Rettmobil_075.thumbnail.jpg\" alt=\"100505_Rettmobil_075.jpg\" width=\"265\" \/><\/a> <a title=\"Foto: Max Colin Heydenreich &amp; Marzena Traber\" rel=\"lightbox[roadtrip]\" href=\"http:\/\/www.fuldaer-nachrichten.de\/wp-content\/uploads\/2010\/05\/100505_Rettmobil_076.jpg\" target=\"_blank\"><img decoding=\"async\" src=\"http:\/\/www.fuldaer-nachrichten.de\/wp-content\/uploads\/2010\/05\/100505_Rettmobil_076.thumbnail.jpg\" alt=\"100505_Rettmobil_076.jpg\" width=\"265\" \/><\/a><\/p>\n<p><a title=\"Foto: Max Colin Heydenreich &amp; Marzena Traber\" rel=\"lightbox[roadtrip]\" href=\"http:\/\/www.fuldaer-nachrichten.de\/wp-content\/uploads\/2010\/05\/100505_Rettmobil_077.jpg\" target=\"_blank\"><img decoding=\"async\" src=\"http:\/\/www.fuldaer-nachrichten.de\/wp-content\/uploads\/2010\/05\/100505_Rettmobil_077.thumbnail.jpg\" alt=\"100505_Rettmobil_077.jpg\" width=\"265\" \/><\/a> <a title=\"Foto: Max Colin Heydenreich &amp; Marzena Traber\" rel=\"lightbox[roadtrip]\" href=\"http:\/\/www.fuldaer-nachrichten.de\/wp-content\/uploads\/2010\/05\/100505_Rettmobil_078.jpg\" target=\"_blank\"><img decoding=\"async\" src=\"http:\/\/www.fuldaer-nachrichten.de\/wp-content\/uploads\/2010\/05\/100505_Rettmobil_078.thumbnail.jpg\" alt=\"100505_Rettmobil_078.jpg\" width=\"265\" \/><\/a><\/p>\n<p><a title=\"Foto: Max Colin Heydenreich &amp; Marzena Traber\" rel=\"lightbox[roadtrip]\" href=\"http:\/\/www.fuldaer-nachrichten.de\/wp-content\/uploads\/2010\/05\/100505_Rettmobil_079.jpg\" target=\"_blank\"><img decoding=\"async\" src=\"http:\/\/www.fuldaer-nachrichten.de\/wp-content\/uploads\/2010\/05\/100505_Rettmobil_079.thumbnail.jpg\" alt=\"100505_Rettmobil_079.jpg\" width=\"265\" \/><\/a> <a title=\"Foto: Max Colin Heydenreich &amp; Marzena Traber\" rel=\"lightbox[roadtrip]\" href=\"http:\/\/www.fuldaer-nachrichten.de\/wp-content\/uploads\/2010\/05\/100505_Rettmobil_080.jpg\" target=\"_blank\"><img decoding=\"async\" src=\"http:\/\/www.fuldaer-nachrichten.de\/wp-content\/uploads\/2010\/05\/100505_Rettmobil_080.thumbnail.jpg\" alt=\"100505_Rettmobil_080.jpg\" width=\"265\" \/><\/a><\/p>\n<p><a title=\"Foto: Max Colin Heydenreich &amp; Marzena Traber\" rel=\"lightbox[roadtrip]\" href=\"http:\/\/www.fuldaer-nachrichten.de\/wp-content\/uploads\/2010\/05\/100505_Rettmobil_081.jpg\" target=\"_blank\"><img decoding=\"async\" src=\"http:\/\/www.fuldaer-nachrichten.de\/wp-content\/uploads\/2010\/05\/100505_Rettmobil_081.thumbnail.jpg\" alt=\"100505_Rettmobil_081.jpg\" width=\"265\" \/><\/a> <a title=\"Foto: Max Colin Heydenreich &amp; Marzena Traber\" rel=\"lightbox[roadtrip]\" href=\"http:\/\/www.fuldaer-nachrichten.de\/wp-content\/uploads\/2010\/05\/100505_Rettmobil_082.jpg\" target=\"_blank\"><img decoding=\"async\" src=\"http:\/\/www.fuldaer-nachrichten.de\/wp-content\/uploads\/2010\/05\/100505_Rettmobil_082.thumbnail.jpg\" alt=\"100505_Rettmobil_082.jpg\" width=\"265\" \/><\/a><\/p>\n<p><a title=\"Foto: Max Colin Heydenreich &amp; Marzena Traber\" rel=\"lightbox[roadtrip]\" href=\"http:\/\/www.fuldaer-nachrichten.de\/wp-content\/uploads\/2010\/05\/100505_Rettmobil_074.jpg\" target=\"_blank\"><img decoding=\"async\" src=\"http:\/\/www.fuldaer-nachrichten.de\/wp-content\/uploads\/2010\/05\/100505_Rettmobil_074.thumbnail.jpg\" alt=\"100505_Rettmobil_074.jpg\" width=\"265\" \/> <\/a><a title=\"Foto: Max Colin Heydenreich &amp; Marzena Traber\" rel=\"lightbox[roadtrip]\" href=\"http:\/\/www.fuldaer-nachrichten.de\/wp-content\/uploads\/2010\/05\/100505_Rettmobil_083.jpg\" target=\"_blank\"><img decoding=\"async\" src=\"http:\/\/www.fuldaer-nachrichten.de\/wp-content\/uploads\/2010\/05\/100505_Rettmobil_083.thumbnail.jpg\" alt=\"100505_Rettmobil_083.jpg\" width=\"265\" \/><\/a><\/p>\n<p><a title=\"Foto: Max Colin Heydenreich &amp; Marzena Traber\" rel=\"lightbox[roadtrip]\" href=\"http:\/\/www.fuldaer-nachrichten.de\/wp-content\/uploads\/2010\/05\/100505_Rettmobil_085.jpg\" target=\"_blank\"><img decoding=\"async\" src=\"http:\/\/www.fuldaer-nachrichten.de\/wp-content\/uploads\/2010\/05\/100505_Rettmobil_085.thumbnail.jpg\" alt=\"100505_Rettmobil_085.jpg\" width=\"265\" \/><\/a> <a title=\"Foto: Max Colin Heydenreich &amp; Marzena Traber\" rel=\"lightbox[roadtrip]\" href=\"http:\/\/www.fuldaer-nachrichten.de\/wp-content\/uploads\/2010\/05\/100505_Rettmobil_087.jpg\" target=\"_blank\"><img decoding=\"async\" src=\"http:\/\/www.fuldaer-nachrichten.de\/wp-content\/uploads\/2010\/05\/100505_Rettmobil_087.thumbnail.jpg\" alt=\"100505_Rettmobil_087.jpg\" width=\"265\" \/><\/a><\/p>\n<p><a title=\"Foto: Max Colin Heydenreich &amp; Marzena Traber\" rel=\"lightbox[roadtrip]\" href=\"http:\/\/www.fuldaer-nachrichten.de\/wp-content\/uploads\/2010\/05\/100505_Rettmobil_100.jpg\" target=\"_blank\"><img decoding=\"async\" src=\"http:\/\/www.fuldaer-nachrichten.de\/wp-content\/uploads\/2010\/05\/100505_Rettmobil_100.thumbnail.jpg\" alt=\"100505_Rettmobil_100.jpg\" width=\"265\" \/> <\/a><a title=\"Foto: Max Colin Heydenreich &amp; Marzena Traber\" rel=\"lightbox[roadtrip]\" href=\"http:\/\/www.fuldaer-nachrichten.de\/wp-content\/uploads\/2010\/05\/100505_Rettmobil_088.jpg\" target=\"_blank\"><img decoding=\"async\" src=\"http:\/\/www.fuldaer-nachrichten.de\/wp-content\/uploads\/2010\/05\/100505_Rettmobil_088.thumbnail.jpg\" alt=\"100505_Rettmobil_088.jpg\" width=\"265\" \/><\/a><\/p>\n<p><a title=\"Foto: Max Colin Heydenreich &amp; Marzena Traber\" rel=\"lightbox[roadtrip]\" href=\"http:\/\/www.fuldaer-nachrichten.de\/wp-content\/uploads\/2010\/05\/100505_Rettmobil_089.jpg\" target=\"_blank\"><img decoding=\"async\" src=\"http:\/\/www.fuldaer-nachrichten.de\/wp-content\/uploads\/2010\/05\/100505_Rettmobil_089.thumbnail.jpg\" alt=\"100505_Rettmobil_089.jpg\" width=\"265\" \/><\/a> <a title=\"Foto: Max Colin Heydenreich &amp; Marzena Traber\" rel=\"lightbox[roadtrip]\" href=\"http:\/\/www.fuldaer-nachrichten.de\/wp-content\/uploads\/2010\/05\/100505_Rettmobil_090.jpg\" target=\"_blank\"><img decoding=\"async\" src=\"http:\/\/www.fuldaer-nachrichten.de\/wp-content\/uploads\/2010\/05\/100505_Rettmobil_090.thumbnail.jpg\" alt=\"100505_Rettmobil_090.jpg\" width=\"265\" \/><\/a><\/p>\n<p><a title=\"Foto: Max Colin Heydenreich &amp; Marzena Traber\" rel=\"lightbox[roadtrip]\" href=\"http:\/\/www.fuldaer-nachrichten.de\/wp-content\/uploads\/2010\/05\/100505_Rettmobil_093.jpg\" target=\"_blank\"><img decoding=\"async\" src=\"http:\/\/www.fuldaer-nachrichten.de\/wp-content\/uploads\/2010\/05\/100505_Rettmobil_093.thumbnail.jpg\" alt=\"100505_Rettmobil_093.jpg\" width=\"265\" \/><\/a> <a title=\"Foto: Max Colin Heydenreich &amp; Marzena Traber\" rel=\"lightbox[roadtrip]\" href=\"http:\/\/www.fuldaer-nachrichten.de\/wp-content\/uploads\/2010\/05\/100505_Rettmobil_096.jpg\" target=\"_blank\"><img decoding=\"async\" src=\"http:\/\/www.fuldaer-nachrichten.de\/wp-content\/uploads\/2010\/05\/100505_Rettmobil_096.thumbnail.jpg\" alt=\"100505_Rettmobil_096.jpg\" width=\"265\" \/><\/a><\/p>\n<p><a title=\"Foto: Max Colin Heydenreich &amp; Marzena Traber\" rel=\"lightbox[roadtrip]\" href=\"http:\/\/www.fuldaer-nachrichten.de\/wp-content\/uploads\/2010\/05\/100505_Rettmobil_094.jpg\" target=\"_blank\"><img decoding=\"async\" src=\"http:\/\/www.fuldaer-nachrichten.de\/wp-content\/uploads\/2010\/05\/100505_Rettmobil_094.thumbnail.jpg\" alt=\"100505_Rettmobil_094.jpg\" width=\"265\" \/><\/a> <a title=\"Foto: Max Colin Heydenreich &amp; Marzena Traber\" rel=\"lightbox[roadtrip]\" href=\"http:\/\/www.fuldaer-nachrichten.de\/wp-content\/uploads\/2010\/05\/100505_Rettmobil_095.jpg\" target=\"_blank\"><img decoding=\"async\" src=\"http:\/\/www.fuldaer-nachrichten.de\/wp-content\/uploads\/2010\/05\/100505_Rettmobil_095.thumbnail.jpg\" alt=\"100505_Rettmobil_095.jpg\" width=\"265\" \/><\/a><\/p>\n<p><a title=\"Foto: Max Colin Heydenreich &amp; Marzena Traber\" rel=\"lightbox[roadtrip]\" href=\"http:\/\/www.fuldaer-nachrichten.de\/wp-content\/uploads\/2010\/05\/100505_Rettmobil_097.jpg\" target=\"_blank\"><img decoding=\"async\" src=\"http:\/\/www.fuldaer-nachrichten.de\/wp-content\/uploads\/2010\/05\/100505_Rettmobil_097.thumbnail.jpg\" alt=\"100505_Rettmobil_097.jpg\" width=\"265\" \/><\/a> <a title=\"Foto: Max Colin Heydenreich &amp; Marzena Traber\" rel=\"lightbox[roadtrip]\" href=\"http:\/\/www.fuldaer-nachrichten.de\/wp-content\/uploads\/2010\/05\/100505_Rettmobil_098.jpg\" target=\"_blank\"><img decoding=\"async\" src=\"http:\/\/www.fuldaer-nachrichten.de\/wp-content\/uploads\/2010\/05\/100505_Rettmobil_098.thumbnail.jpg\" alt=\"100505_Rettmobil_098.jpg\" width=\"265\" \/><\/a><\/p>\n<p><a title=\"Foto: Max Colin Heydenreich &amp; Marzena Traber\" rel=\"lightbox[roadtrip]\" href=\"http:\/\/www.fuldaer-nachrichten.de\/wp-content\/uploads\/2010\/05\/100505_Rettmobil_102.jpg\" target=\"_blank\"><img decoding=\"async\" src=\"http:\/\/www.fuldaer-nachrichten.de\/wp-content\/uploads\/2010\/05\/100505_Rettmobil_102.thumbnail.jpg\" alt=\"100505_Rettmobil_102.jpg\" width=\"265\" \/><\/a><\/p>\n<p><a title=\"Foto: Max Colin Heydenreich &amp; Marzena Traber\" rel=\"lightbox[roadtrip]\" href=\"http:\/\/www.fuldaer-nachrichten.de\/wp-content\/uploads\/2010\/05\/100505_Rettmobil_101.jpg\" target=\"_blank\"><img decoding=\"async\" src=\"http:\/\/www.fuldaer-nachrichten.de\/wp-content\/uploads\/2010\/05\/100505_Rettmobil_101.thumbnail.jpg\" alt=\"100505_Rettmobil_101.jpg\" width=\"265\" \/><\/a> <a title=\"Foto: Max Colin Heydenreich &amp; Marzena Traber\" rel=\"lightbox[roadtrip]\" href=\"http:\/\/www.fuldaer-nachrichten.de\/wp-content\/uploads\/2010\/05\/100505_Rettmobil_117.jpg\" target=\"_blank\"><img decoding=\"async\" src=\"http:\/\/www.fuldaer-nachrichten.de\/wp-content\/uploads\/2010\/05\/100505_Rettmobil_117.thumbnail.jpg\" alt=\"100505_Rettmobil_117.jpg\" width=\"265\" \/><\/a><\/p>\n<p><a title=\"Foto: Max Colin Heydenreich &amp; Marzena Traber\" rel=\"lightbox[roadtrip]\" href=\"http:\/\/www.fuldaer-nachrichten.de\/wp-content\/uploads\/2010\/05\/100505_Rettmobil_103.jpg\" target=\"_blank\"><img decoding=\"async\" src=\"http:\/\/www.fuldaer-nachrichten.de\/wp-content\/uploads\/2010\/05\/100505_Rettmobil_103.thumbnail.jpg\" alt=\"100505_Rettmobil_103.jpg\" width=\"265\" \/><\/a> <a title=\"Foto: Max Colin Heydenreich &amp; Marzena Traber\" rel=\"lightbox[roadtrip]\" href=\"http:\/\/www.fuldaer-nachrichten.de\/wp-content\/uploads\/2010\/05\/100505_Rettmobil_104.jpg\" target=\"_blank\"><img decoding=\"async\" src=\"http:\/\/www.fuldaer-nachrichten.de\/wp-content\/uploads\/2010\/05\/100505_Rettmobil_104.thumbnail.jpg\" alt=\"100505_Rettmobil_104.jpg\" width=\"265\" \/><\/a><\/p>\n<p><a title=\"Foto: Max Colin Heydenreich &amp; Marzena Traber\" rel=\"lightbox[roadtrip]\" href=\"http:\/\/www.fuldaer-nachrichten.de\/wp-content\/uploads\/2010\/05\/100505_Rettmobil_105.jpg\" target=\"_blank\"><img decoding=\"async\" src=\"http:\/\/www.fuldaer-nachrichten.de\/wp-content\/uploads\/2010\/05\/100505_Rettmobil_105.thumbnail.jpg\" alt=\"100505_Rettmobil_105.jpg\" width=\"265\" \/><\/a> <a title=\"Foto: Max Colin Heydenreich &amp; Marzena Traber\" rel=\"lightbox[roadtrip]\" href=\"http:\/\/www.fuldaer-nachrichten.de\/wp-content\/uploads\/2010\/05\/100505_Rettmobil_106.jpg\" target=\"_blank\"><img decoding=\"async\" src=\"http:\/\/www.fuldaer-nachrichten.de\/wp-content\/uploads\/2010\/05\/100505_Rettmobil_106.thumbnail.jpg\" alt=\"100505_Rettmobil_106.jpg\" width=\"265\" \/><\/a><\/p>\n<p><a title=\"Foto: Max Colin Heydenreich &amp; Marzena Traber\" rel=\"lightbox[roadtrip]\" href=\"http:\/\/www.fuldaer-nachrichten.de\/wp-content\/uploads\/2010\/05\/100505_Rettmobil_086.jpg\" target=\"_blank\"><img decoding=\"async\" src=\"http:\/\/www.fuldaer-nachrichten.de\/wp-content\/uploads\/2010\/05\/100505_Rettmobil_086.thumbnail.jpg\" alt=\"100505_Rettmobil_086.jpg\" width=\"265\" \/><\/a> <a title=\"Foto: Max Colin Heydenreich &amp; Marzena Traber\" rel=\"lightbox[roadtrip]\" href=\"http:\/\/www.fuldaer-nachrichten.de\/wp-content\/uploads\/2010\/05\/100505_Rettmobil_113.jpg\" target=\"_blank\"><img decoding=\"async\" src=\"http:\/\/www.fuldaer-nachrichten.de\/wp-content\/uploads\/2010\/05\/100505_Rettmobil_113.thumbnail.jpg\" alt=\"100505_Rettmobil_113.jpg\" width=\"265\" \/><\/a><\/p>\n<p><a title=\"Foto: Max Colin Heydenreich &amp; Marzena Traber\" rel=\"lightbox[roadtrip]\" href=\"http:\/\/www.fuldaer-nachrichten.de\/wp-content\/uploads\/2010\/05\/100505_Rettmobil_107.jpg\" target=\"_blank\"><img decoding=\"async\" src=\"http:\/\/www.fuldaer-nachrichten.de\/wp-content\/uploads\/2010\/05\/100505_Rettmobil_107.thumbnail.jpg\" alt=\"100505_Rettmobil_107.jpg\" width=\"265\" \/><\/a> <a title=\"Foto: Max Colin Heydenreich &amp; Marzena Traber\" rel=\"lightbox[roadtrip]\" href=\"http:\/\/www.fuldaer-nachrichten.de\/wp-content\/uploads\/2010\/05\/100505_Rettmobil_108.jpg\" target=\"_blank\"><img decoding=\"async\" src=\"http:\/\/www.fuldaer-nachrichten.de\/wp-content\/uploads\/2010\/05\/100505_Rettmobil_108.thumbnail.jpg\" alt=\"100505_Rettmobil_108.jpg\" width=\"265\" \/><\/a><\/p>\n<p><a title=\"Foto: Max Colin Heydenreich &amp; Marzena Traber\" rel=\"lightbox[roadtrip]\" href=\"http:\/\/www.fuldaer-nachrichten.de\/wp-content\/uploads\/2010\/05\/100505_Rettmobil_109.jpg\" target=\"_blank\"><img decoding=\"async\" src=\"http:\/\/www.fuldaer-nachrichten.de\/wp-content\/uploads\/2010\/05\/100505_Rettmobil_109.thumbnail.jpg\" alt=\"100505_Rettmobil_109.jpg\" width=\"265\" \/><\/a> <a title=\"Foto: Max Colin Heydenreich &amp; Marzena Traber\" rel=\"lightbox[roadtrip]\" href=\"http:\/\/www.fuldaer-nachrichten.de\/wp-content\/uploads\/2010\/05\/100505_Rettmobil_110.jpg\" target=\"_blank\"><img decoding=\"async\" src=\"http:\/\/www.fuldaer-nachrichten.de\/wp-content\/uploads\/2010\/05\/100505_Rettmobil_110.thumbnail.jpg\" alt=\"100505_Rettmobil_110.jpg\" width=\"265\" \/><\/a><\/p>\n<p><a title=\"Foto: Max Colin Heydenreich &amp; Marzena Traber\" rel=\"lightbox[roadtrip]\" href=\"http:\/\/www.fuldaer-nachrichten.de\/wp-content\/uploads\/2010\/05\/100505_Rettmobil_111.jpg\" target=\"_blank\"><img decoding=\"async\" src=\"http:\/\/www.fuldaer-nachrichten.de\/wp-content\/uploads\/2010\/05\/100505_Rettmobil_111.thumbnail.jpg\" alt=\"100505_Rettmobil_111.jpg\" width=\"265\" \/><\/a> <a title=\"Foto: Max Colin Heydenreich &amp; Marzena Traber\" rel=\"lightbox[roadtrip]\" href=\"http:\/\/www.fuldaer-nachrichten.de\/wp-content\/uploads\/2010\/05\/100505_Rettmobil_112.jpg\" target=\"_blank\"><img decoding=\"async\" src=\"http:\/\/www.fuldaer-nachrichten.de\/wp-content\/uploads\/2010\/05\/100505_Rettmobil_112.thumbnail.jpg\" alt=\"100505_Rettmobil_112.jpg\" width=\"265\" \/><\/a><\/p>\n<p><a title=\"Foto: Max Colin Heydenreich &amp; Marzena Traber\" rel=\"lightbox[roadtrip]\" href=\"http:\/\/www.fuldaer-nachrichten.de\/wp-content\/uploads\/2010\/05\/100505_Rettmobil_114.jpg\" target=\"_blank\"><img decoding=\"async\" src=\"http:\/\/www.fuldaer-nachrichten.de\/wp-content\/uploads\/2010\/05\/100505_Rettmobil_114.thumbnail.jpg\" alt=\"100505_Rettmobil_114.jpg\" width=\"265\" \/><\/a> <a title=\"Foto: Max Colin Heydenreich &amp; Marzena Traber\" rel=\"lightbox[roadtrip]\" href=\"http:\/\/www.fuldaer-nachrichten.de\/wp-content\/uploads\/2010\/05\/100505_Rettmobil_115.jpg\" target=\"_blank\"><img decoding=\"async\" src=\"http:\/\/www.fuldaer-nachrichten.de\/wp-content\/uploads\/2010\/05\/100505_Rettmobil_115.thumbnail.jpg\" alt=\"100505_Rettmobil_115.jpg\" width=\"265\" \/><\/a><\/p>\n<p><a title=\"Foto: Max Colin Heydenreich &amp; Marzena Traber\" rel=\"lightbox[roadtrip]\" href=\"http:\/\/www.fuldaer-nachrichten.de\/wp-content\/uploads\/2010\/05\/100505_Rettmobil_116.jpg\" target=\"_blank\"><img decoding=\"async\" src=\"http:\/\/www.fuldaer-nachrichten.de\/wp-content\/uploads\/2010\/05\/100505_Rettmobil_116.thumbnail.jpg\" alt=\"100505_Rettmobil_116.jpg\" width=\"265\" \/><\/a> <a title=\"Foto: Max Colin Heydenreich &amp; Marzena Traber\" rel=\"lightbox[roadtrip]\" href=\"http:\/\/www.fuldaer-nachrichten.de\/wp-content\/uploads\/2010\/05\/100505_Rettmobil_119.jpg\" target=\"_blank\"><img decoding=\"async\" src=\"http:\/\/www.fuldaer-nachrichten.de\/wp-content\/uploads\/2010\/05\/100505_Rettmobil_119.thumbnail.jpg\" alt=\"100505_Rettmobil_119.jpg\" width=\"265\" \/><\/a><\/p>\n<p><a title=\"Foto: Max Colin Heydenreich &amp; Marzena Traber\" rel=\"lightbox[roadtrip]\" href=\"http:\/\/www.fuldaer-nachrichten.de\/wp-content\/uploads\/2010\/05\/100505_Rettmobil_118.jpg\" target=\"_blank\"><img decoding=\"async\" src=\"http:\/\/www.fuldaer-nachrichten.de\/wp-content\/uploads\/2010\/05\/100505_Rettmobil_118.thumbnail.jpg\" alt=\"100505_Rettmobil_118.jpg\" width=\"265\" \/><\/a> <a title=\"Foto: Max Colin Heydenreich &amp; Marzena Traber\" rel=\"lightbox[roadtrip]\" href=\"http:\/\/www.fuldaer-nachrichten.de\/wp-content\/uploads\/2010\/05\/100505_Rettmobil_127.jpg\" target=\"_blank\"><img decoding=\"async\" src=\"http:\/\/www.fuldaer-nachrichten.de\/wp-content\/uploads\/2010\/05\/100505_Rettmobil_127.thumbnail.jpg\" alt=\"100505_Rettmobil_127.jpg\" width=\"265\" \/><\/a><\/p>\n<p><a title=\"Foto: Max Colin Heydenreich &amp; Marzena Traber\" rel=\"lightbox[roadtrip]\" href=\"http:\/\/www.fuldaer-nachrichten.de\/wp-content\/uploads\/2010\/05\/100505_Rettmobil_121.jpg\" target=\"_blank\"><img decoding=\"async\" src=\"http:\/\/www.fuldaer-nachrichten.de\/wp-content\/uploads\/2010\/05\/100505_Rettmobil_121.thumbnail.jpg\" alt=\"100505_Rettmobil_121.jpg\" width=\"265\" \/><\/a> <a title=\"Foto: Max Colin Heydenreich &amp; Marzena Traber\" rel=\"lightbox[roadtrip]\" href=\"http:\/\/www.fuldaer-nachrichten.de\/wp-content\/uploads\/2010\/05\/100505_Rettmobil_122.jpg\" target=\"_blank\"><img decoding=\"async\" src=\"http:\/\/www.fuldaer-nachrichten.de\/wp-content\/uploads\/2010\/05\/100505_Rettmobil_122.thumbnail.jpg\" alt=\"100505_Rettmobil_122.jpg\" width=\"265\" \/><\/a><\/p>\n<p><a title=\"Foto: Max Colin Heydenreich &amp; Marzena Traber\" rel=\"lightbox[roadtrip]\" href=\"http:\/\/www.fuldaer-nachrichten.de\/wp-content\/uploads\/2010\/05\/100505_Rettmobil_123.jpg\" target=\"_blank\"><img decoding=\"async\" src=\"http:\/\/www.fuldaer-nachrichten.de\/wp-content\/uploads\/2010\/05\/100505_Rettmobil_123.thumbnail.jpg\" alt=\"100505_Rettmobil_123.jpg\" width=\"265\" \/><\/a> <a title=\"Foto: Max Colin Heydenreich &amp; Marzena Traber\" rel=\"lightbox[roadtrip]\" href=\"http:\/\/www.fuldaer-nachrichten.de\/wp-content\/uploads\/2010\/05\/100505_Rettmobil_124.jpg\" target=\"_blank\"><img decoding=\"async\" src=\"http:\/\/www.fuldaer-nachrichten.de\/wp-content\/uploads\/2010\/05\/100505_Rettmobil_124.thumbnail.jpg\" alt=\"100505_Rettmobil_124.jpg\" width=\"265\" \/><\/a><\/p>\n<p><a title=\"Foto: Max Colin Heydenreich &amp; Marzena Traber\" rel=\"lightbox[roadtrip]\" href=\"http:\/\/www.fuldaer-nachrichten.de\/wp-content\/uploads\/2010\/05\/100505_Rettmobil_125.jpg\" target=\"_blank\"><img decoding=\"async\" src=\"http:\/\/www.fuldaer-nachrichten.de\/wp-content\/uploads\/2010\/05\/100505_Rettmobil_125.thumbnail.jpg\" alt=\"100505_Rettmobil_125.jpg\" width=\"265\" \/><\/a> <a title=\"Foto: Max Colin Heydenreich &amp; Marzena Traber\" rel=\"lightbox[roadtrip]\" href=\"http:\/\/www.fuldaer-nachrichten.de\/wp-content\/uploads\/2010\/05\/100505_Rettmobil_129.jpg\" target=\"_blank\"><img decoding=\"async\" src=\"http:\/\/www.fuldaer-nachrichten.de\/wp-content\/uploads\/2010\/05\/100505_Rettmobil_129.thumbnail.jpg\" alt=\"100505_Rettmobil_129.jpg\" width=\"265\" \/><\/a><\/p>\n<p><a title=\"Foto: Max Colin Heydenreich &amp; Marzena Traber\" rel=\"lightbox[roadtrip]\" href=\"http:\/\/www.fuldaer-nachrichten.de\/wp-content\/uploads\/2010\/05\/100505_Rettmobil_130.jpg\" target=\"_blank\"><img decoding=\"async\" src=\"http:\/\/www.fuldaer-nachrichten.de\/wp-content\/uploads\/2010\/05\/100505_Rettmobil_130.thumbnail.jpg\" alt=\"100505_Rettmobil_130.jpg\" width=\"265\" \/><\/a> <a title=\"Foto: Max Colin Heydenreich &amp; Marzena Traber\" rel=\"lightbox[roadtrip]\" href=\"http:\/\/www.fuldaer-nachrichten.de\/wp-content\/uploads\/2010\/05\/100505_Rettmobil_126.jpg\" target=\"_blank\"><img decoding=\"async\" src=\"http:\/\/www.fuldaer-nachrichten.de\/wp-content\/uploads\/2010\/05\/100505_Rettmobil_126.thumbnail.jpg\" alt=\"100505_Rettmobil_126.jpg\" width=\"265\" \/><\/a><\/p>\n<p><a title=\"Foto: Max Colin Heydenreich &amp; Marzena Traber\" rel=\"lightbox[roadtrip]\" href=\"http:\/\/www.fuldaer-nachrichten.de\/wp-content\/uploads\/2010\/05\/100505_Rettmobil_135.jpg\" target=\"_blank\"><img decoding=\"async\" src=\"http:\/\/www.fuldaer-nachrichten.de\/wp-content\/uploads\/2010\/05\/100505_Rettmobil_135.thumbnail.jpg\" alt=\"100505_Rettmobil_135.jpg\" width=\"265\" \/> <\/a><a title=\"Foto: Max Colin Heydenreich &amp; Marzena Traber\" rel=\"lightbox[roadtrip]\" href=\"http:\/\/www.fuldaer-nachrichten.de\/wp-content\/uploads\/2010\/05\/100505_Rettmobil_132.jpg\" target=\"_blank\"><img decoding=\"async\" src=\"http:\/\/www.fuldaer-nachrichten.de\/wp-content\/uploads\/2010\/05\/100505_Rettmobil_132.thumbnail.jpg\" alt=\"100505_Rettmobil_132.jpg\" width=\"265\" \/><\/a><\/p>\n<p><a title=\"Foto: Max Colin Heydenreich &amp; Marzena Traber\" rel=\"lightbox[roadtrip]\" href=\"http:\/\/www.fuldaer-nachrichten.de\/wp-content\/uploads\/2010\/05\/100505_Rettmobil_133.jpg\" target=\"_blank\"><img decoding=\"async\" src=\"http:\/\/www.fuldaer-nachrichten.de\/wp-content\/uploads\/2010\/05\/100505_Rettmobil_133.thumbnail.jpg\" alt=\"100505_Rettmobil_133.jpg\" width=\"265\" \/><\/a> <a title=\"Foto: Max Colin Heydenreich &amp; Marzena Traber\" rel=\"lightbox[roadtrip]\" href=\"http:\/\/www.fuldaer-nachrichten.de\/wp-content\/uploads\/2010\/05\/100505_Rettmobil_134.jpg\" target=\"_blank\"><img decoding=\"async\" src=\"http:\/\/www.fuldaer-nachrichten.de\/wp-content\/uploads\/2010\/05\/100505_Rettmobil_134.thumbnail.jpg\" alt=\"100505_Rettmobil_134.jpg\" width=\"265\" \/><\/a><\/p>\n","protected":false},"excerpt":{"rendered":"<div class=\"tmnf_excerpt\"><p>Fulda. \u201eInnerhalb von zehn Minuten nach Eingang der Notfallmeldung erreicht ein Rettungsdienst in Hessen jeden an einer Stra\u00dfe gelegenen Notfallort. Damit nimmt Hessen unter den Fl\u00e4chenl\u00e4ndern in Deutschland eine Spitzenposition ein\u201c, erkl\u00e4rte J\u00fcrgen Banzer, Hessischer Minister f\u00fcr Arbeit, Familie und Gesundheit, heute bei der 10. RETTmobil Messe in Fulda. \u201eHessen hat im Rettungsdienst die k\u00fcrzeste &hellip;<\/p>\n<\/div>","protected":false},"author":1,"featured_media":0,"comment_status":"closed","ping_status":"closed","sticky":false,"template":"","format":"standard","meta":{"footnotes":""},"categories":[1,54,71,51,29,78],"tags":[],"class_list":["post-59020","post","type-post","status-publish","format-standard","hentry","category-startseite","category-bildergalerien","category-feuerwehr","category-medizin","category-politik","category-topthema"],"_links":{"self":[{"href":"https:\/\/www.fuldaernachrichten.de\/index.php?rest_route=\/wp\/v2\/posts\/59020","targetHints":{"allow":["GET"]}}],"collection":[{"href":"https:\/\/www.fuldaernachrichten.de\/index.php?rest_route=\/wp\/v2\/posts"}],"about":[{"href":"https:\/\/www.fuldaernachrichten.de\/index.php?rest_route=\/wp\/v2\/types\/post"}],"author":[{"embeddable":true,"href":"https:\/\/www.fuldaernachrichten.de\/index.php?rest_route=\/wp\/v2\/users\/1"}],"replies":[{"embeddable":true,"href":"https:\/\/www.fuldaernachrichten.de\/index.php?rest_route=%2Fwp%2Fv2%2Fcomments&post=59020"}],"version-history":[{"count":10,"href":"https:\/\/www.fuldaernachrichten.de\/index.php?rest_route=\/wp\/v2\/posts\/59020\/revisions"}],"predecessor-version":[{"id":59058,"href":"https:\/\/www.fuldaernachrichten.de\/index.php?rest_route=\/wp\/v2\/posts\/59020\/revisions\/59058"}],"wp:attachment":[{"href":"https:\/\/www.fuldaernachrichten.de\/index.php?rest_route=%2Fwp%2Fv2%2Fmedia&parent=59020"}],"wp:term":[{"taxonomy":"category","embeddable":true,"href":"https:\/\/www.fuldaernachrichten.de\/index.php?rest_route=%2Fwp%2Fv2%2Fcategories&post=59020"},{"taxonomy":"post_tag","embeddable":true,"href":"https:\/\/www.fuldaernachrichten.de\/index.php?rest_route=%2Fwp%2Fv2%2Ftags&post=59020"}],"curies":[{"name":"wp","href":"https:\/\/api.w.org\/{rel}","templated":true}]}}