{"id":59,"date":"2006-11-24T13:25:50","date_gmt":"2006-11-24T12:25:50","guid":{"rendered":"http:\/\/www.schoene-nachrichten.de\/?p=59"},"modified":"2007-01-12T02:14:21","modified_gmt":"2007-01-12T01:14:21","slug":"antoniusheim-hat-neuen-freizeit-und-kulturkalender-aufgelegt","status":"publish","type":"post","link":"https:\/\/www.fuldaernachrichten.de\/?p=59","title":{"rendered":"Antoniusheim hat neuen Freizeit- und Kulturkalender aufgelegt"},"content":{"rendered":"<p><strong>Sch\u00f6nes aus Fulda.<\/strong> Das Antoniusheim Fulda hat heute seinen Freizeit- und Kulturkalender f\u00fcr das erste Halbjahr des kommenden Jahres vorgestellt. Der Kalender richtet sich an Menschen mit Behinderung und deren Betreuer, Eltern oder gesetzliche Vertreter.<\/p>\n<p>\u00c2\u00a0<\/p>\n<p>\u00c2\u00a0<a title=\"Sch\u00f6ne Nachrichten: Foto - Max Colin Heydenreich\" href=\"http:\/\/www.schoene-nachrichten.de\/wp-content\/uploads\/2006\/11\/dsc_0069.jpg\" target=\"_blank\"><img decoding=\"async\" height=\"85\" alt=\"dsc_0069.jpg\" src=\"http:\/\/www.schoene-nachrichten.de\/wp-content\/uploads\/2006\/11\/dsc_0069.thumbnail.jpg\" \/><\/a>\u00c2\u00a0<a title=\"Sch\u00f6ne Nachrichten: Foto - Max Colin Heydenreich\" href=\"http:\/\/www.schoene-nachrichten.de\/wp-content\/uploads\/2006\/11\/dsc_0047.jpg\" target=\"_blank\"><img decoding=\"async\" id=\"image111\" height=\"85\" alt=\"dsc_0047.jpg\" src=\"http:\/\/www.schoene-nachrichten.de\/wp-content\/uploads\/2006\/11\/dsc_0047.thumbnail.jpg\" \/><\/a>\u00c2\u00a0<a title=\"dsc_0034.jpg\" href=\"http:\/\/www.schoene-nachrichten.de\/wp-content\/uploads\/2006\/11\/dsc_0034.jpg\" target=\"_blank\"><img decoding=\"async\" id=\"image110\" height=\"85\" alt=\"dsc_0034.jpg\" src=\"http:\/\/www.schoene-nachrichten.de\/wp-content\/uploads\/2006\/11\/dsc_0034.thumbnail.jpg\" \/><\/a><\/p>\n<p>\u00c2\u00a0<\/p>\n<p><!--more--><\/p>\n<p>Das Angebot des Antoniusheims wurde nach Angaben der Organisatoren erweitert. Es reicht von Ferienfreizeiten und Tanzvergn\u00fcgen \u00fcber Sport und Spiele bis hin zu Kino, Theater und Einkehrtagen. Erstmals wurde die 46-seitige Br\u00f6sch\u00fcre mit Symbolen und Grafiken gestaltet, so dass auch Menschen, die nicht lesen k\u00f6nnen, gut informiert sind. Anmelden\u00c2\u00a0kann man sich \u00fcber\u00c2\u00a0folgende Internetseite <a href=\"http:\/\/www.antoniusheim-fulda.de\/\">http:\/\/www.antoniusheim-fulda.de<\/a><\/p>\n<p>\u00c2\u00a0<\/p>\n<p><strong>Mehr Fotos unter:<\/strong> <a href=\"http:\/\/www.pressefoto-fulda.de\/\">http:\/\/www.pressefoto-fulda.de<\/a><\/p>\n<p>\u00c2\u00a0<\/p>\n","protected":false},"excerpt":{"rendered":"<div class=\"tmnf_excerpt\"><p>Sch\u00f6nes aus Fulda. Das Antoniusheim Fulda hat heute seinen Freizeit- und Kulturkalender f\u00fcr das erste Halbjahr des kommenden Jahres vorgestellt. Der Kalender richtet sich an Menschen mit Behinderung und deren Betreuer, Eltern oder gesetzliche Vertreter. \u00c2\u00a0 \u00c2\u00a0\u00c2\u00a0\u00c2\u00a0 \u00c2\u00a0<\/p>\n<\/div>","protected":false},"author":1,"featured_media":0,"comment_status":"closed","ping_status":"closed","sticky":false,"template":"","format":"standard","meta":{"footnotes":""},"categories":[1,54],"tags":[],"class_list":["post-59","post","type-post","status-publish","format-standard","hentry","category-startseite","category-bildergalerien"],"_links":{"self":[{"href":"https:\/\/www.fuldaernachrichten.de\/index.php?rest_route=\/wp\/v2\/posts\/59","targetHints":{"allow":["GET"]}}],"collection":[{"href":"https:\/\/www.fuldaernachrichten.de\/index.php?rest_route=\/wp\/v2\/posts"}],"about":[{"href":"https:\/\/www.fuldaernachrichten.de\/index.php?rest_route=\/wp\/v2\/types\/post"}],"author":[{"embeddable":true,"href":"https:\/\/www.fuldaernachrichten.de\/index.php?rest_route=\/wp\/v2\/users\/1"}],"replies":[{"embeddable":true,"href":"https:\/\/www.fuldaernachrichten.de\/index.php?rest_route=%2Fwp%2Fv2%2Fcomments&post=59"}],"version-history":[{"count":0,"href":"https:\/\/www.fuldaernachrichten.de\/index.php?rest_route=\/wp\/v2\/posts\/59\/revisions"}],"wp:attachment":[{"href":"https:\/\/www.fuldaernachrichten.de\/index.php?rest_route=%2Fwp%2Fv2%2Fmedia&parent=59"}],"wp:term":[{"taxonomy":"category","embeddable":true,"href":"https:\/\/www.fuldaernachrichten.de\/index.php?rest_route=%2Fwp%2Fv2%2Fcategories&post=59"},{"taxonomy":"post_tag","embeddable":true,"href":"https:\/\/www.fuldaernachrichten.de\/index.php?rest_route=%2Fwp%2Fv2%2Ftags&post=59"}],"curies":[{"name":"wp","href":"https:\/\/api.w.org\/{rel}","templated":true}]}}