{"id":58910,"date":"2010-05-04T03:41:57","date_gmt":"2010-05-04T01:41:57","guid":{"rendered":"http:\/\/www.fuldaer-nachrichten.de\/?p=58910"},"modified":"2010-05-03T23:42:18","modified_gmt":"2010-05-03T21:42:18","slug":"dank-und-anerkennung-fuer-einsatz-im-rettungsdienst","status":"publish","type":"post","link":"https:\/\/www.fuldaernachrichten.de\/?p=58910","title":{"rendered":"Dank und Anerkennung f\u00fcr Einsatz im Rettungsdienst"},"content":{"rendered":"<p><strong>Fulda. <\/strong>Ehrgeizige Ziele nutzen wenig, wenn dahinter keine Menschen stehen, die abstrakte Vorgaben in konkretes Handeln umsetzen. Das unterstrich Erster Kreisbeigeordneter Dr. Heiko Wingenfeld mit Blick auf die Zehn-Minuten-Hilfsfrist im Hessischen Rettungsdienstgesetz bei der Berufung und Entlassung von Leitenden Not\u00e4rzten und Organisatorischen Leitern des Rettungsdienstbereichs Landkreis Fulda. Leider m\u00fcsse man mitunter den Eindruck haben, dass dieses Engagement zur Sicherstellung der rettungsdienstlichen Versorgung bei gr\u00f6\u00dferen Schadensereignissen in der \u00f6ffentlichen Wahrnehmung nicht hinreichend gew\u00fcrdigt werde.<!--more--><\/p>\n<p><strong>Dank und Anerkennung<\/strong><\/p>\n<p>Anl\u00e4sslich einer Feierstunde im Kreishaus \u00fcberreichte der Gesundheitsdezernent des Landkreises Fulda die Entlassungsurkunde am Dr. Robert Horodko f\u00fcr seine achtj\u00e4hrige T\u00e4tigkeit als Leitender Notarzt (LNG). Dr. Thomas Orfgen, der terminlich verhindert war, scheidet nach neun Jahren aus. Dank und Anerkennung gab es auch f\u00fcr Dr. Ralf Schneider, der nach \u00fcber neun Jahren die Funktion des Beauftragten der LNA-Gruppe aufgibt, aber Leitender Notarzt bleibt. Neuer Beauftragter der LNA-Gruppe und Nachfolger von Dr. Schneider ist Boris Veltum. Als neuer Leitender Notarzt wurde Dr. Ekkehart Hei\u00df berufen, der von Dr. Wingenfeld die Erneuungsurkunde \u00fcberreicht bekam.<\/p>\n<p>Als Organisatorische Leiter Rettungsdienst (OLRD) sind Donald L\u00f6w und Klaus Semmler ausgeschieden, die dieses Ehrenamt 16 beziehungsweise 15 Jahre aus\u00fcbten und zudem f\u00fcr mehrere Jahre die Funktion des Beauftragten der OLRD-Gruppe bekleideten. Sie erhielten ebenso ihre Entlassungsurkunden wie Lothar Reus, Gregor Pappert und Thomas Goldbach (alle f\u00fcr 16 Jahre). Bereits bei anderer Gelegenheit war Markus Lapp verabschiedet worden. Neuer Beauftragter der OLRD-Gruppe ist Markus Mei\u00df. Zu Organisatorischen Leitern Rettungsdienst wurden Christian Erwin, Dirk Strehlow und Ronny Helmer berufen. Auch sie erhielten ihre Erneuungsurkunden von Dr. Wingenfeld.<\/p>\n","protected":false},"excerpt":{"rendered":"<div class=\"tmnf_excerpt\"><p>Fulda. Ehrgeizige Ziele nutzen wenig, wenn dahinter keine Menschen stehen, die abstrakte Vorgaben in konkretes Handeln umsetzen. Das unterstrich Erster Kreisbeigeordneter Dr. Heiko Wingenfeld mit Blick auf die Zehn-Minuten-Hilfsfrist im Hessischen Rettungsdienstgesetz bei der Berufung und Entlassung von Leitenden Not\u00e4rzten und Organisatorischen Leitern des Rettungsdienstbereichs Landkreis Fulda. Leider m\u00fcsse man mitunter den Eindruck haben, dass &hellip;<\/p>\n<\/div>","protected":false},"author":1,"featured_media":0,"comment_status":"closed","ping_status":"closed","sticky":false,"template":"","format":"standard","meta":{"footnotes":""},"categories":[1,71,29],"tags":[],"class_list":["post-58910","post","type-post","status-publish","format-standard","hentry","category-startseite","category-feuerwehr","category-politik"],"_links":{"self":[{"href":"https:\/\/www.fuldaernachrichten.de\/index.php?rest_route=\/wp\/v2\/posts\/58910","targetHints":{"allow":["GET"]}}],"collection":[{"href":"https:\/\/www.fuldaernachrichten.de\/index.php?rest_route=\/wp\/v2\/posts"}],"about":[{"href":"https:\/\/www.fuldaernachrichten.de\/index.php?rest_route=\/wp\/v2\/types\/post"}],"author":[{"embeddable":true,"href":"https:\/\/www.fuldaernachrichten.de\/index.php?rest_route=\/wp\/v2\/users\/1"}],"replies":[{"embeddable":true,"href":"https:\/\/www.fuldaernachrichten.de\/index.php?rest_route=%2Fwp%2Fv2%2Fcomments&post=58910"}],"version-history":[{"count":3,"href":"https:\/\/www.fuldaernachrichten.de\/index.php?rest_route=\/wp\/v2\/posts\/58910\/revisions"}],"predecessor-version":[{"id":58934,"href":"https:\/\/www.fuldaernachrichten.de\/index.php?rest_route=\/wp\/v2\/posts\/58910\/revisions\/58934"}],"wp:attachment":[{"href":"https:\/\/www.fuldaernachrichten.de\/index.php?rest_route=%2Fwp%2Fv2%2Fmedia&parent=58910"}],"wp:term":[{"taxonomy":"category","embeddable":true,"href":"https:\/\/www.fuldaernachrichten.de\/index.php?rest_route=%2Fwp%2Fv2%2Fcategories&post=58910"},{"taxonomy":"post_tag","embeddable":true,"href":"https:\/\/www.fuldaernachrichten.de\/index.php?rest_route=%2Fwp%2Fv2%2Ftags&post=58910"}],"curies":[{"name":"wp","href":"https:\/\/api.w.org\/{rel}","templated":true}]}}