{"id":5877,"date":"2007-10-15T01:37:19","date_gmt":"2007-10-14T23:37:19","guid":{"rendered":"http:\/\/www.schoene-nachrichten.de\/?p=5877"},"modified":"2007-10-15T01:37:19","modified_gmt":"2007-10-14T23:37:19","slug":"liya-izmaylova-ist-die-daad-preistraegerin-2007-der-hochschule-fulda","status":"publish","type":"post","link":"https:\/\/www.fuldaernachrichten.de\/?p=5877","title":{"rendered":"Liya Izmaylova ist die DAAD-Preistr\u00e4gerin 2007 der Hochschule Fulda"},"content":{"rendered":"<p><strong><a rel=\"lightbox[roadtrip]\" target=\"_blank\" href=\"http:\/\/www.schoene-nachrichten.de\/wp-content\/uploads\/2007\/10\/071015_izmaylova.jpg\" title=\"071015_izmaylova.jpg\"><img decoding=\"async\" align=\"left\" src=\"http:\/\/www.schoene-nachrichten.de\/wp-content\/uploads\/2007\/10\/071015_izmaylova.thumbnail.jpg\" hspace=\"5\" alt=\"071015_izmaylova.jpg\" \/><\/a>Sch\u00f6nes aus Fulda.<\/strong> In der vergangenen\u00c2\u00a0Woche begr\u00fc\u00dfte der Oberb\u00fcrgermeister der Stadt Fulda, Gerhard M\u00f6ller, die Studienanf\u00e4ngerinnen und -anf\u00e4nger im Namen der Stadt im F\u00fcrstensaal des Stadtschlosses. In diesem Rahmen fand auch die Verleihung des DAAD-Preises (Deutscher Akademischer Austauschdienst) f\u00fcr herausragende akademische Leistungen und soziales, gesellschaftliches oder hochschulpolitisches Engagement einer ausl\u00e4ndischen Studentin oder eines ausl\u00e4ndischen Studenten statt.<!--more--><\/p>\n<p>Prof. Dr. Roland Schopf, der Pr\u00e4sident der Hochschule Fulda, \u00fcbergab den Preis, der mit einem Preisgeld von 1000 Euro ausgestattet ist, an Liya Izmaylova aus Russland. Vorgeschlagen wurde sie vom Fachbereich Wirtschaft. Dort studiert sie seit dem letzten Jahr im Studiengang Internationales Management. Ihre akademischen Leistungen seien ausgezeichnet, so der Dekan des Fachbereichs, Prof. Achim Opel. Als Mentorin gibt sie am Fachbereich den internationalen Studierenden Hilfestellungen sowohl im Studium selbst als auch im studentischen Umfeld. Ihr Einf\u00fchlungsverm\u00f6gen in die spezifischen Probleme ausl\u00e4ndischer Studierender seien beispielgebend, wie Opel hervorhob.<\/p>\n<p>Liya Izmaylova hatte vor ihrem Bachelor-Studium in Fulda an der Universit\u00e4t von St. Petersburg, Russland, an der Fakult\u00e4t f\u00fcr Internationale Beziehungen studiert. Dort war sie an der Vorbereitung zur Konferenz \u201ePetersburger Dialog\u201c im April 2003 beteiligt und absolvierte auch ein Praktikum im russischen Au\u00dfenministerium. Ihr Interesse am deutsch-russischen Dialog f\u00fchrte sie dann nach Deutschland. Ihr wissenschaftliche Neugier gilt vor allem der deutsch-russischen Wirtschaftskooperation, der deutschen Au\u00dfen- und Innenpolitik und insbesondere der Rolle, die Deutschland im europ\u00e4ischen Integrationsprozess einnimmt.<\/p>\n<p>Der Pr\u00e4sident der Hochschule Fulda betonte in seiner Rede die gute Qualit\u00e4t der Beziehungen zwischen der Stadt und der Hochschule, die in positivem Sinne das Stadium der Allt\u00e4glichkeit erlangt h\u00e4tten: \u201eDie regionale Verankerung der Studierenden durch Praktika und Abschlussarbeiten in Kooperation mit hiesigen Firmen sowie auch Unternehmensgr\u00fcndungen von Absolventen sind mittlerweile Normalit\u00e4t.\u201c<\/p>\n<p>In ihrer Danksagung erkl\u00e4rte die 24j\u00e4hrige Liya Izmaylova, dass sie Fulda als Studienort gew\u00e4hlt habe, weil die Hochschule einen guten Ruf genie\u00dfe. Sie habe hier auch viele Freunde gefunden und f\u00fchle sich in Fulda gut aufgehoben. Abschlie\u00dfend dankte sie dem DAAD und der Hochschule Fulda f\u00fcr die ihr hier gebotenen M\u00f6glichkeiten.<\/p>\n<p>Der DAAD-Preis des Deutschen Akademischen Austauschdienstes wurde in diesem Jahr zum 11. Mal an der Hochschule Fulda vergeben.<\/p>\n","protected":false},"excerpt":{"rendered":"<div class=\"tmnf_excerpt\"><p>Sch\u00f6nes aus Fulda. In der vergangenen\u00c2\u00a0Woche begr\u00fc\u00dfte der Oberb\u00fcrgermeister der Stadt Fulda, Gerhard M\u00f6ller, die Studienanf\u00e4ngerinnen und -anf\u00e4nger im Namen der Stadt im F\u00fcrstensaal des Stadtschlosses. In diesem Rahmen fand auch die Verleihung des DAAD-Preises (Deutscher Akademischer Austauschdienst) f\u00fcr herausragende akademische Leistungen und soziales, gesellschaftliches oder hochschulpolitisches Engagement einer ausl\u00e4ndischen Studentin oder eines ausl\u00e4ndischen Studenten &hellip;<\/p>\n<\/div>","protected":false},"author":1,"featured_media":0,"comment_status":"closed","ping_status":"closed","sticky":false,"template":"","format":"standard","meta":{"footnotes":""},"categories":[1,53,48],"tags":[],"class_list":["post-5877","post","type-post","status-publish","format-standard","hentry","category-startseite","category-bildung","category-forschung"],"_links":{"self":[{"href":"https:\/\/www.fuldaernachrichten.de\/index.php?rest_route=\/wp\/v2\/posts\/5877","targetHints":{"allow":["GET"]}}],"collection":[{"href":"https:\/\/www.fuldaernachrichten.de\/index.php?rest_route=\/wp\/v2\/posts"}],"about":[{"href":"https:\/\/www.fuldaernachrichten.de\/index.php?rest_route=\/wp\/v2\/types\/post"}],"author":[{"embeddable":true,"href":"https:\/\/www.fuldaernachrichten.de\/index.php?rest_route=\/wp\/v2\/users\/1"}],"replies":[{"embeddable":true,"href":"https:\/\/www.fuldaernachrichten.de\/index.php?rest_route=%2Fwp%2Fv2%2Fcomments&post=5877"}],"version-history":[{"count":0,"href":"https:\/\/www.fuldaernachrichten.de\/index.php?rest_route=\/wp\/v2\/posts\/5877\/revisions"}],"wp:attachment":[{"href":"https:\/\/www.fuldaernachrichten.de\/index.php?rest_route=%2Fwp%2Fv2%2Fmedia&parent=5877"}],"wp:term":[{"taxonomy":"category","embeddable":true,"href":"https:\/\/www.fuldaernachrichten.de\/index.php?rest_route=%2Fwp%2Fv2%2Fcategories&post=5877"},{"taxonomy":"post_tag","embeddable":true,"href":"https:\/\/www.fuldaernachrichten.de\/index.php?rest_route=%2Fwp%2Fv2%2Ftags&post=5877"}],"curies":[{"name":"wp","href":"https:\/\/api.w.org\/{rel}","templated":true}]}}