{"id":587,"date":"2007-01-02T12:53:55","date_gmt":"2007-01-02T11:53:55","guid":{"rendered":"http:\/\/www.schoene-nachrichten.de\/?p=587"},"modified":"2007-01-02T13:19:49","modified_gmt":"2007-01-02T12:19:49","slug":"seit-heute-luftbilder-von-wolfgang-habermehl-in-der-fuldaer-zeitung","status":"publish","type":"post","link":"https:\/\/www.fuldaernachrichten.de\/?p=587","title":{"rendered":"Seit heute: &#8220;Das Original&#8221; von Wolfgang Habermehl in der Fuldaer Zeitung"},"content":{"rendered":"<p><strong>Sch\u00f6nes aus Fulda.<\/strong> Der Fuldaer Fotograf Wolfgang Habermehl stellt\u00c2\u00a0ab heute seine Luftbilder bei der Fuldaer Zeitung vor. Sie sind t\u00e4glich\u00c2\u00a0auf der Online-Ausgabe <a href=\"http:\/\/www.fuldaerzeitung.de\/\">www.fuldaerzeitung.de<\/a> zu sehen. In der Printausgabe erscheint immer dienstags\u00c2\u00a0ein Luftbild, das an ein Gewinnspiel gekoppelt ist. Unter ortskundigen FZ-Lesern\u00c2\u00a0verlost die FZ jeweils zwei Buchgutscheine im Wert von 20 Euro.\u00c2\u00a0<\/p>\n<p>\u00c2\u00a0<\/p>\n<p>Fotos (6): Wolfgang Habermehl<\/p>\n<p>\u00c2\u00a0<\/p>\n<p><a title=\"Foto: Wolfgang Habermehl\" href=\"http:\/\/www.schoene-nachrichten.de\/wp-content\/uploads\/2007\/01\/070102_luftbild_03.jpg\" target=\"_blank\"><img decoding=\"async\" id=\"image591\" height=\"85\" alt=\"070102_luftbild_03.jpg\" src=\"http:\/\/www.schoene-nachrichten.de\/wp-content\/uploads\/2007\/01\/070102_luftbild_03.thumbnail.jpg\" \/><\/a>\u00c2\u00a0<a title=\"Foto: Wolfgang Habermehl\" href=\"http:\/\/www.schoene-nachrichten.de\/wp-content\/uploads\/2007\/01\/070102_luftbild_06.jpg\" target=\"_blank\"><img decoding=\"async\" id=\"image594\" height=\"85\" alt=\"070102_luftbild_06.jpg\" src=\"http:\/\/www.schoene-nachrichten.de\/wp-content\/uploads\/2007\/01\/070102_luftbild_06.thumbnail.jpg\" \/><\/a><\/p>\n<p><a title=\"Foto: Wolfgang Habermehl\" href=\"http:\/\/www.schoene-nachrichten.de\/wp-content\/uploads\/2007\/01\/070102_luftbild_04.jpg\" target=\"_blank\"><img decoding=\"async\" id=\"image592\" height=\"85\" alt=\"070102_luftbild_04.jpg\" src=\"http:\/\/www.schoene-nachrichten.de\/wp-content\/uploads\/2007\/01\/070102_luftbild_04.thumbnail.jpg\" \/><\/a>\u00c2\u00a0<a title=\"Foto: Wolfgang Habermehl\" href=\"http:\/\/www.schoene-nachrichten.de\/wp-content\/uploads\/2007\/01\/070102_luftbild_05.jpg\" target=\"_blank\"><img decoding=\"async\" id=\"image593\" height=\"85\" alt=\"070102_luftbild_05.jpg\" src=\"http:\/\/www.schoene-nachrichten.de\/wp-content\/uploads\/2007\/01\/070102_luftbild_05.thumbnail.jpg\" \/><\/a><\/p>\n<p>\u00c2\u00a0<\/p>\n<p><!--more-->In den letzten zweieinhalb Jahren stellte Wolfgang Habermehl seine Arbeiten dem Online-Portal <a href=\"http:\/\/www.osthessen-news.de\/\">www.osthessen-news.de<\/a> zur Verf\u00fcgung. Weit \u00fcber 800 Bilder des Fotografen waren dort zu sehen. Habermehl wechselt nun selbst die mediale Perspektive. Und auch die\u00c2\u00a0Betreiber von Osthessen-News\u00c2\u00a0 versprechen f\u00fcr 2007 &#8220;einige \u00dcberraschungen und Neuerungen&#8221;.\u00c2\u00a0<\/p>\n<p>\u00c2\u00a0<\/p>\n<p><a title=\"Foto: Wolfgang Habermehl\" href=\"http:\/\/www.schoene-nachrichten.de\/wp-content\/uploads\/2007\/01\/070102_luftbild_02.jpg\" target=\"_blank\"><img decoding=\"async\" id=\"image590\" height=\"85\" alt=\"070102_luftbild_02.jpg\" src=\"http:\/\/www.schoene-nachrichten.de\/wp-content\/uploads\/2007\/01\/070102_luftbild_02.thumbnail.jpg\" \/><\/a>\u00c2\u00a0<a title=\"Foto: Wolfgang Habermehl\" href=\"http:\/\/www.schoene-nachrichten.de\/wp-content\/uploads\/2007\/01\/070102_luftbild_01.jpg\" target=\"_blank\"><img decoding=\"async\" id=\"image589\" height=\"85\" alt=\"070102_luftbild_01.jpg\" src=\"http:\/\/www.schoene-nachrichten.de\/wp-content\/uploads\/2007\/01\/070102_luftbild_01.thumbnail.jpg\" \/><\/a><\/p>\n<p>\u00c2\u00a0<\/p>\n<p>Wolfgang Habermehl gr\u00fcndete 1995\u00c2\u00a0die &#8220;Bildagentur Habermehl&#8221;. Er konzentriert sich auf besondere Fotos aus dem Bereich der Stadt Fulda (<a href=\"http:\/\/www.fulda-foto.de\/\">www.fulda-foto.de<\/a>). Seine Luftbilder zeigen ganze Stadtteile, einzelne H\u00e4user und Firmen. Perspektiven, wie man sie sonst nicht kennt.<\/p>\n<p>\u00c2\u00a0<\/p>\n<p><strong>Neu ist nun auch f\u00fcr Luftbild-Fans, dass\u00c2\u00a0Habermehls Bilder\u00c2\u00a0ab sofort\u00c2\u00a0in der FZ-Gesch\u00e4ftsstelle am Peterstor erh\u00e4ltlich sind.<\/strong><\/p>\n","protected":false},"excerpt":{"rendered":"<div class=\"tmnf_excerpt\"><p>Sch\u00f6nes aus Fulda. Der Fuldaer Fotograf Wolfgang Habermehl stellt\u00c2\u00a0ab heute seine Luftbilder bei der Fuldaer Zeitung vor. Sie sind t\u00e4glich\u00c2\u00a0auf der Online-Ausgabe www.fuldaerzeitung.de zu sehen. In der Printausgabe erscheint immer dienstags\u00c2\u00a0ein Luftbild, das an ein Gewinnspiel gekoppelt ist. Unter ortskundigen FZ-Lesern\u00c2\u00a0verlost die FZ jeweils zwei Buchgutscheine im Wert von 20 Euro.\u00c2\u00a0 \u00c2\u00a0 Fotos (6): Wolfgang &hellip;<\/p>\n<\/div>","protected":false},"author":1,"featured_media":0,"comment_status":"closed","ping_status":"closed","sticky":false,"template":"","format":"standard","meta":{"footnotes":""},"categories":[1],"tags":[],"class_list":["post-587","post","type-post","status-publish","format-standard","hentry","category-startseite"],"_links":{"self":[{"href":"https:\/\/www.fuldaernachrichten.de\/index.php?rest_route=\/wp\/v2\/posts\/587","targetHints":{"allow":["GET"]}}],"collection":[{"href":"https:\/\/www.fuldaernachrichten.de\/index.php?rest_route=\/wp\/v2\/posts"}],"about":[{"href":"https:\/\/www.fuldaernachrichten.de\/index.php?rest_route=\/wp\/v2\/types\/post"}],"author":[{"embeddable":true,"href":"https:\/\/www.fuldaernachrichten.de\/index.php?rest_route=\/wp\/v2\/users\/1"}],"replies":[{"embeddable":true,"href":"https:\/\/www.fuldaernachrichten.de\/index.php?rest_route=%2Fwp%2Fv2%2Fcomments&post=587"}],"version-history":[{"count":0,"href":"https:\/\/www.fuldaernachrichten.de\/index.php?rest_route=\/wp\/v2\/posts\/587\/revisions"}],"wp:attachment":[{"href":"https:\/\/www.fuldaernachrichten.de\/index.php?rest_route=%2Fwp%2Fv2%2Fmedia&parent=587"}],"wp:term":[{"taxonomy":"category","embeddable":true,"href":"https:\/\/www.fuldaernachrichten.de\/index.php?rest_route=%2Fwp%2Fv2%2Fcategories&post=587"},{"taxonomy":"post_tag","embeddable":true,"href":"https:\/\/www.fuldaernachrichten.de\/index.php?rest_route=%2Fwp%2Fv2%2Ftags&post=587"}],"curies":[{"name":"wp","href":"https:\/\/api.w.org\/{rel}","templated":true}]}}