{"id":585,"date":"2007-01-02T07:00:26","date_gmt":"2007-01-02T06:00:26","guid":{"rendered":"http:\/\/www.schoene-nachrichten.de\/?p=585"},"modified":"2007-01-01T14:19:37","modified_gmt":"2007-01-01T13:19:37","slug":"beitragsfreies-letztes-kindergartenjahr-wird-umgesetzt","status":"publish","type":"post","link":"https:\/\/www.fuldaernachrichten.de\/?p=585","title":{"rendered":"Beitragsfreies letztes Kindergartenjahr wird umgesetzt"},"content":{"rendered":"<p><strong>Sch\u00f6nes aus Fulda.<\/strong> Auch in Fulda sollen\u00c2\u00a0Eltern von der Kindergartengeb\u00fchr, die im letzten Kindergartenjahr vor der Einschulung entsteht,\u00c2\u00a0befreit werden. Darauf wies die Stadt Fulda in einer Pressemitteilung hin.<\/p>\n<p>\u00c2\u00a0<\/p>\n<p><!--more--><\/p>\n<p>Die Hessische Landesregierung hat erst unmittelbar vor Weihnachten die erforderlichen Ausf\u00fchrungsbestimmungen beschlossen. So k\u00f6nnten nun erst im Einvernehmen mit den kirchlichen Tr\u00e4gern die notwendigen Schritte eingeleitet und umgesetzt werden, die das letzte Kindergartenjahr vor der Einschulung beitragfrei stellen.<\/p>\n<p>\u00c2\u00a0<\/p>\n<p>Dies bedeute, dass zun\u00e4chst die Geb\u00fchrenpflicht f\u00fcr die in Frage kommenden Kinder weiterhin unver\u00e4ndert bestehen bleibt. Nach Abstimmung mit den freien Tr\u00e4gern und Beschlussfassung durch die st\u00e4dtischen Gremien sei geplant, die in 2007 gezahlten Kindergartengeb\u00fchren f\u00fcr Kinder im letzten Kindergartenbesuchsjahr vor der Einschulung auch r\u00fcckwirkend zu erstatten.<\/p>\n","protected":false},"excerpt":{"rendered":"<div class=\"tmnf_excerpt\"><p>Sch\u00f6nes aus Fulda. Auch in Fulda sollen\u00c2\u00a0Eltern von der Kindergartengeb\u00fchr, die im letzten Kindergartenjahr vor der Einschulung entsteht,\u00c2\u00a0befreit werden. Darauf wies die Stadt Fulda in einer Pressemitteilung hin. \u00c2\u00a0<\/p>\n<\/div>","protected":false},"author":1,"featured_media":0,"comment_status":"closed","ping_status":"closed","sticky":false,"template":"","format":"standard","meta":{"footnotes":""},"categories":[1],"tags":[],"class_list":["post-585","post","type-post","status-publish","format-standard","hentry","category-startseite"],"_links":{"self":[{"href":"https:\/\/www.fuldaernachrichten.de\/index.php?rest_route=\/wp\/v2\/posts\/585","targetHints":{"allow":["GET"]}}],"collection":[{"href":"https:\/\/www.fuldaernachrichten.de\/index.php?rest_route=\/wp\/v2\/posts"}],"about":[{"href":"https:\/\/www.fuldaernachrichten.de\/index.php?rest_route=\/wp\/v2\/types\/post"}],"author":[{"embeddable":true,"href":"https:\/\/www.fuldaernachrichten.de\/index.php?rest_route=\/wp\/v2\/users\/1"}],"replies":[{"embeddable":true,"href":"https:\/\/www.fuldaernachrichten.de\/index.php?rest_route=%2Fwp%2Fv2%2Fcomments&post=585"}],"version-history":[{"count":0,"href":"https:\/\/www.fuldaernachrichten.de\/index.php?rest_route=\/wp\/v2\/posts\/585\/revisions"}],"wp:attachment":[{"href":"https:\/\/www.fuldaernachrichten.de\/index.php?rest_route=%2Fwp%2Fv2%2Fmedia&parent=585"}],"wp:term":[{"taxonomy":"category","embeddable":true,"href":"https:\/\/www.fuldaernachrichten.de\/index.php?rest_route=%2Fwp%2Fv2%2Fcategories&post=585"},{"taxonomy":"post_tag","embeddable":true,"href":"https:\/\/www.fuldaernachrichten.de\/index.php?rest_route=%2Fwp%2Fv2%2Ftags&post=585"}],"curies":[{"name":"wp","href":"https:\/\/api.w.org\/{rel}","templated":true}]}}