{"id":58340,"date":"2010-04-27T10:59:34","date_gmt":"2010-04-27T08:59:34","guid":{"rendered":"http:\/\/www.schoene-nachrichten.de\/?p=58340"},"modified":"2010-04-27T11:15:23","modified_gmt":"2010-04-27T09:15:23","slug":"live-bei-der-op-von-dr-samir-al-hami-im-neuro-spine-center","status":"publish","type":"post","link":"https:\/\/www.fuldaernachrichten.de\/?p=58340","title":{"rendered":"Live bei der OP von Dr. Samir Al-Hami im Neuro-Spine-Center"},"content":{"rendered":"<p><strong><a href=\"http:\/\/www.schoene-nachrichten.de\/wp-content\/uploads\/2010\/04\/100427_OP.jpg\"><img decoding=\"async\" class=\"alignleft size-thumbnail wp-image-58341\" title=\"100427_OP\" src=\"http:\/\/www.schoene-nachrichten.de\/wp-content\/uploads\/2010\/04\/100427_OP-265x149.jpg\" alt=\"100427_OP\" width=\"265\" height=\"149\" srcset=\"https:\/\/www.fuldaernachrichten.de\/wp-content\/uploads\/2010\/04\/100427_OP-265x149.jpg 265w, https:\/\/www.fuldaernachrichten.de\/wp-content\/uploads\/2010\/04\/100427_OP.jpg 567w\" sizes=\"(max-width: 265px) 100vw, 265px\" \/><\/a>Fulda.<\/strong> Die h\u00e4ufigsten Erkrankungen der Wirbels\u00e4ule und der Nerven, Operationstechniken, moderne Schmerztherapien sowie gesundheitspolitische Themen stehen im Mittelpunkt einer Veranstaltungsreihe, die Neurochirurg Dr. Samir Al-Hami, Anfang dieses Jahres gestartet hat.<\/p>\n<p>Bislang hat Al-Hami, Inhaber des Neuro-Spine-Centers, sieben Informationsabende in Alleinregie sowie in Zusammenarbeit mit seinen Kooperationspartnern, dem Herz-Jesu-Krankenhaus Fulda und dem Eichhof Krankenhaus Lauterbach, erfolgreich durchgef\u00fchrt.<\/p>\n<p>Jetzt fand erstmals eine Live-Operation statt, bei der Dr. Al-Hami vor etwa 300 Interessierten an einer gesch\u00e4digten Halswirbels\u00e4ule operierte. Die OP-Bilder wurden live in die benachbarte M\u00fcnsterfeldhalle \u00fcbertragen und boten so den Zuschauern einen Einblick in den Ablauf einer Bandscheiben-Operation. Im Anschlu\u00df konnten Fragen an den Neurochirurgen gestellt werden.<\/p>\n","protected":false},"excerpt":{"rendered":"<div class=\"tmnf_excerpt\"><p>Fulda. Die h\u00e4ufigsten Erkrankungen der Wirbels\u00e4ule und der Nerven, Operationstechniken, moderne Schmerztherapien sowie gesundheitspolitische Themen stehen im Mittelpunkt einer Veranstaltungsreihe, die Neurochirurg Dr. Samir Al-Hami, Anfang dieses Jahres gestartet hat. Bislang hat Al-Hami, Inhaber des Neuro-Spine-Centers, sieben Informationsabende in Alleinregie sowie in Zusammenarbeit mit seinen Kooperationspartnern, dem Herz-Jesu-Krankenhaus Fulda und dem Eichhof Krankenhaus Lauterbach, erfolgreich &hellip;<\/p>\n<\/div>","protected":false},"author":1,"featured_media":0,"comment_status":"closed","ping_status":"closed","sticky":false,"template":"","format":"standard","meta":{"footnotes":""},"categories":[1,79],"tags":[],"class_list":["post-58340","post","type-post","status-publish","format-standard","hentry","category-startseite","category-kino"],"_links":{"self":[{"href":"https:\/\/www.fuldaernachrichten.de\/index.php?rest_route=\/wp\/v2\/posts\/58340","targetHints":{"allow":["GET"]}}],"collection":[{"href":"https:\/\/www.fuldaernachrichten.de\/index.php?rest_route=\/wp\/v2\/posts"}],"about":[{"href":"https:\/\/www.fuldaernachrichten.de\/index.php?rest_route=\/wp\/v2\/types\/post"}],"author":[{"embeddable":true,"href":"https:\/\/www.fuldaernachrichten.de\/index.php?rest_route=\/wp\/v2\/users\/1"}],"replies":[{"embeddable":true,"href":"https:\/\/www.fuldaernachrichten.de\/index.php?rest_route=%2Fwp%2Fv2%2Fcomments&post=58340"}],"version-history":[{"count":4,"href":"https:\/\/www.fuldaernachrichten.de\/index.php?rest_route=\/wp\/v2\/posts\/58340\/revisions"}],"predecessor-version":[{"id":58347,"href":"https:\/\/www.fuldaernachrichten.de\/index.php?rest_route=\/wp\/v2\/posts\/58340\/revisions\/58347"}],"wp:attachment":[{"href":"https:\/\/www.fuldaernachrichten.de\/index.php?rest_route=%2Fwp%2Fv2%2Fmedia&parent=58340"}],"wp:term":[{"taxonomy":"category","embeddable":true,"href":"https:\/\/www.fuldaernachrichten.de\/index.php?rest_route=%2Fwp%2Fv2%2Fcategories&post=58340"},{"taxonomy":"post_tag","embeddable":true,"href":"https:\/\/www.fuldaernachrichten.de\/index.php?rest_route=%2Fwp%2Fv2%2Ftags&post=58340"}],"curies":[{"name":"wp","href":"https:\/\/api.w.org\/{rel}","templated":true}]}}