{"id":58196,"date":"2010-04-26T02:00:15","date_gmt":"2010-04-26T00:00:15","guid":{"rendered":"http:\/\/www.schoene-nachrichten.de\/?p=58196"},"modified":"2010-04-25T10:07:44","modified_gmt":"2010-04-25T08:07:44","slug":"programm-zum-diesjaehrigen-fuerstlichen-gartenfest-schloss-fasanerie-steht-fest","status":"publish","type":"post","link":"https:\/\/www.fuldaernachrichten.de\/?p=58196","title":{"rendered":"Programm zum diesj\u00e4hrigen F\u00fcrstlichen Gartenfest Schloss Fasanerie steht fest"},"content":{"rendered":"<p><a href=\"http:\/\/www.schoene-nachrichten.de\/wp-content\/uploads\/2010\/04\/100426_Gartenfest3.jpg\"><img decoding=\"async\" src=\"http:\/\/www.schoene-nachrichten.de\/wp-content\/uploads\/2010\/04\/100426_Gartenfest3.jpg\" alt=\"100426_Gartenfest3\" width=\"560\" class=\"alignnone size-medium wp-image-58199\" srcset=\"https:\/\/www.fuldaernachrichten.de\/wp-content\/uploads\/2010\/04\/100426_Gartenfest3.jpg 600w, https:\/\/www.fuldaernachrichten.de\/wp-content\/uploads\/2010\/04\/100426_Gartenfest3-265x176.jpg 265w\" sizes=\"(max-width: 600px) 100vw, 600px\" \/><\/a><br \/>\n<strong>Eichenzell.<\/strong> Die Planungen zum diesj\u00e4hrigen F\u00fcrstlichen Gartenfest Schloss Fasanerie sind seit Anfang dieser Woche abgeschlossen: Aussteller und Rahmenprogramm f\u00fcr die 11. internationale Verkaufsausstellung f\u00fcr Gartenkultur und L\u00e4ndliche Lebensart stehen nun fest. Am Pfingstwochenende, von Freitag 21. Mai bis Montag 24. Mai, lassen sich in den G\u00e4rten und H\u00f6fen von Schloss Fasanerie wieder die sch\u00f6nsten Dinge f\u00fcr das Leben im Gr\u00fcnen entdecken.  <\/p>\n<p>In diesem Jahr werden insgesamt 158 Aussteller erwartet, darunter eine Vielzahl an G\u00e4rtnern und Rarit\u00e4tenz\u00fcchtern aus ganz Deutschland sowie den benachbarten europ\u00e4ischen L\u00e4ndern. Einige von Ihnen z\u00e4hlen zu den renommiertesten Fachleuten auf Ihrem Gebiet und werden \u00fcberregional gesch\u00e4tzt f\u00fcr Ihr Know-how. Die Begeisterung dieser Menschen f\u00fcr ihre Pflanzen ist ansteckend, inspirierend sind oftmals ihre Lebensgeschichten. Wenn man etwa Michael Camphausen zuh\u00f6rt, erf\u00e4hrt man nicht nur eine Menge \u00fcber Thymiansorten und deren Geschmacksvielfalt, sondern entdeckt die ungew\u00f6hnliche Lebensgeschichte hinter Deutschlands f\u00fchrendem Thymianspezialisten. Der gelernte Gro\u00df- und Au\u00dfenhandelskaufmann sattelte im Jahr 2007 um und er\u00f6ffnete in Bassum, einer kleinen Stadt in der N\u00e4he von Bremen, eine Thymiang\u00e4rtnerei. Fasziniert von ihrem knorrigen Aussehen und robusten Charakter eignete er sich binnen kurzer Zeit ein enormes Wissen an und baute mit viel Herzblut seine Sammlung auf. Mit \u00fcber 200 verschiedene Arten und Sorten d\u00fcrfte er heute in Deutschland \u00fcber das gr\u00f6\u00dfte Thymian-Sortiment verf\u00fcgen.<\/p>\n<p><a href=\"http:\/\/www.schoene-nachrichten.de\/wp-content\/uploads\/2010\/04\/100426_Gartenfest2.jpg\"><img fetchpriority=\"high\" decoding=\"async\" src=\"http:\/\/www.schoene-nachrichten.de\/wp-content\/uploads\/2010\/04\/100426_Gartenfest2-265x398.jpg\" alt=\"100426_Gartenfest2\" title=\"100426_Gartenfest2\" width=\"265\" height=\"398\" class=\"alignnone size-medium wp-image-58198\" srcset=\"https:\/\/www.fuldaernachrichten.de\/wp-content\/uploads\/2010\/04\/100426_Gartenfest2-265x398.jpg 265w, https:\/\/www.fuldaernachrichten.de\/wp-content\/uploads\/2010\/04\/100426_Gartenfest2.jpg 399w\" sizes=\"(max-width: 265px) 100vw, 265px\" \/><\/a> <a href=\"http:\/\/www.schoene-nachrichten.de\/wp-content\/uploads\/2010\/04\/100426_Gartenfest4.jpg\"><img decoding=\"async\" src=\"http:\/\/www.schoene-nachrichten.de\/wp-content\/uploads\/2010\/04\/100426_Gartenfest4-265x396.jpg\" alt=\"100426_Gartenfest4\" title=\"100426_Gartenfest4\" width=\"265\" height=\"396\" class=\"alignnone size-medium wp-image-58200\" srcset=\"https:\/\/www.fuldaernachrichten.de\/wp-content\/uploads\/2010\/04\/100426_Gartenfest4-265x396.jpg 265w, https:\/\/www.fuldaernachrichten.de\/wp-content\/uploads\/2010\/04\/100426_Gartenfest4.jpg 401w\" sizes=\"(max-width: 265px) 100vw, 265px\" \/><\/a><\/p>\n<p>Die Konzentration auf Pflanzenaussteller geh\u00f6rt zum \u00fcberzeugten Konzept des Veranstalters. Denn, so betont der Schirmherr der Veranstaltung Moritz Landgraf von Hessen: \u201eVon Anbeginn lag der Schwerpunkt unseres Gartenfestes bei g\u00e4rtnerischen Themen, insbesondere bei Pflanzen. Im Laufe der Jahre haben wir viele Z\u00fcchter und G\u00e4rtner, Gartenarchitekten und Landschaftsbauer kennengelernt. Wir haben uns auf diesem Gebiet eine gr\u00fcne Kompetenz erarbeitet, die wir den Besuchern des Gartenfestes gerne weitergeben.\u201c Neben den Pflanzenz\u00fcchtern sind auch Anbieter von Gartenger\u00e4ten und Landmode sowie allerlei N\u00fctzlichem von der Gie\u00dfkanne bis zum Gummistiefel vertreten. Auch kulinarisch werden Akzente gesetzt mit orientalischem Geb\u00e4ck oder sizilianischem Oliven\u00f6l. <\/p>\n<p>Ein besonderes Augenmerk liegt auch auf den sogenannten Schaug\u00e4rten. Als konzeptioneller Bestandteil des Gartenfestes pr\u00e4sentieren sie wegweisende Gestaltungsans\u00e4tze und bieten dem Besucher gleichzeitig Inspiration f\u00fcr den eigenen Garten. Anerkannte Gartenarchitekten verantworten die Gestaltung. Einen der diesj\u00e4hrigen Schaug\u00e4rten hat Gabriella Pape entworfen. Im Fr\u00fchjahr 2007 gewann sie bei der renommierten Chelsea Flower Show in England eine Medaille. Eine Auszeichnung, die unter Gartendesignern mit dem Oscar in der Filmwelt verglichen wird. Seitdem sie vor zwei Jahren die K\u00f6nigliche Gartenakademie in Berlin-Dahlem gr\u00fcndete, gilt sie als Deutschlands bekannteste Gartenexpertin. Ihr Schaugarten zum F\u00fcrstlichen Gartenfest zeigt ein Meer aus Stauden, Kr\u00e4utern und Gr\u00e4sern; sie interpretiert damit floral das diesj\u00e4hrige Sonderthema \u201eWasser im Garten \u2013 lebendiger Quell, faszinierendes Blau\u201c. \u00dcber 1.000 Pflanzen in unterschiedlichen Blaut\u00f6nen werden daf\u00fcr im Obstgarten von Schloss Fasanerie gepflanzt. <\/p>\n<p><a href=\"http:\/\/www.schoene-nachrichten.de\/wp-content\/uploads\/2010\/04\/100426_Gartenfest1.jpg\"><img decoding=\"async\" src=\"http:\/\/www.schoene-nachrichten.de\/wp-content\/uploads\/2010\/04\/100426_Gartenfest1-265x198.jpg\" alt=\"100426_Gartenfest1\" title=\"100426_Gartenfest1\" width=\"265\" height=\"198\" class=\"alignnone size-medium wp-image-58197\" srcset=\"https:\/\/www.fuldaernachrichten.de\/wp-content\/uploads\/2010\/04\/100426_Gartenfest1-265x198.jpg 265w, https:\/\/www.fuldaernachrichten.de\/wp-content\/uploads\/2010\/04\/100426_Gartenfest1.jpg 600w\" sizes=\"(max-width: 265px) 100vw, 265px\" \/><\/a> <a href=\"http:\/\/www.schoene-nachrichten.de\/wp-content\/uploads\/2010\/04\/100426_Gartenfest5.jpg\"><img decoding=\"async\" src=\"http:\/\/www.schoene-nachrichten.de\/wp-content\/uploads\/2010\/04\/100426_Gartenfest5-265x353.jpg\" alt=\"100426_Gartenfest5\" title=\"100426_Gartenfest5\" width=\"\" height=\"198\" class=\"alignnone size-medium wp-image-58201\" srcset=\"https:\/\/www.fuldaernachrichten.de\/wp-content\/uploads\/2010\/04\/100426_Gartenfest5-265x353.jpg 265w, https:\/\/www.fuldaernachrichten.de\/wp-content\/uploads\/2010\/04\/100426_Gartenfest5.jpg 450w\" sizes=\"(max-width: 265px) 100vw, 265px\" \/><\/a><\/p>\n<p>Auch das Vortragsprogramm verspricht in diesem Jahr wieder sehr interessant zu werden: w\u00e4hrend der vier Veranstaltungstage finden ca. 30 Vortr\u00e4ge zu unterschiedlichen Themen der Gartenkultur statt. So berichtet beispielsweise Schwester Christa aus der Benediktinerinnenabtei St. Maria in Fulda \u00fcber Geheimnisse aus dem Klostergarten. Die \u00fcber die Region hinaus bekannte Gartenbauingenieurin und Autorin zahlreicher Gartenb\u00fccher gibt au\u00dferdem Gartentipps zum naturnahen G\u00e4rtnern.<br \/>\nDas gr\u00fcne Herz der Veranstaltung wird eingefasst von einem abwechslungsreichen Rahmenprogramm. Dazu z\u00e4hlen etwa kreative Kinderaktionen, bei denen die Kinderakademie und die Spielwiese Fulda mitwirken. Erstmalig wird au\u00dferdem in diesem Jahr eine zeitgen\u00f6ssische Kunstausstellung zu sehen sein. In Kooperation mit der RED CORRIDOR GALLERY Fulda pr\u00e4sentieren f\u00fcnf international bekannte K\u00fcnstler ihre Werke auf den Gr\u00fcn- und Wasserfl\u00e4chen des Parks von Schloss Fasanerie.<br \/>\nZu den Traditionen des F\u00fcrstlichen Gartenfestes hingegen z\u00e4hlt das Konzert am Samstagabend: als gro\u00dfes Nachwuchstalent der deutschen Jazz-Szene gefeiert, tritt in diesem Jahr der S\u00e4nger und Gitarrist Torsten Goods auf. Mit einer Mischung aus Jazz, Blues, Rock und Pop wird er gemeinsam mit seiner Band im Orangeriegarten unter freiem Himmel zu h\u00f6ren sein. <\/p>\n<p>Das vollst\u00e4ndige Rahmenprogramm mit allen Vortr\u00e4gen, F\u00fchrungen, Kinderaktionen sowie Informationen zu den diesj\u00e4hrigen Ausstellern gibt es ab sofort online unter <a href=\"http:\/\/www.gartenfest.de\">www.gartenfest.de<\/a>. <\/p>\n<p>Weitere Informationen auch \u00fcber das Infotelefon: 0661 \u2013 942 66 13. <\/p>\n","protected":false},"excerpt":{"rendered":"<div class=\"tmnf_excerpt\"><p>Eichenzell. Die Planungen zum diesj\u00e4hrigen F\u00fcrstlichen Gartenfest Schloss Fasanerie sind seit Anfang dieser Woche abgeschlossen: Aussteller und Rahmenprogramm f\u00fcr die 11. internationale Verkaufsausstellung f\u00fcr Gartenkultur und L\u00e4ndliche Lebensart stehen nun fest. Am Pfingstwochenende, von Freitag 21. Mai bis Montag 24. Mai, lassen sich in den G\u00e4rten und H\u00f6fen von Schloss Fasanerie wieder die sch\u00f6nsten Dinge &hellip;<\/p>\n<\/div>","protected":false},"author":1,"featured_media":0,"comment_status":"closed","ping_status":"closed","sticky":false,"template":"","format":"standard","meta":{"footnotes":""},"categories":[1,44,78],"tags":[],"class_list":["post-58196","post","type-post","status-publish","format-standard","hentry","category-startseite","category-kultur","category-topthema"],"_links":{"self":[{"href":"https:\/\/www.fuldaernachrichten.de\/index.php?rest_route=\/wp\/v2\/posts\/58196","targetHints":{"allow":["GET"]}}],"collection":[{"href":"https:\/\/www.fuldaernachrichten.de\/index.php?rest_route=\/wp\/v2\/posts"}],"about":[{"href":"https:\/\/www.fuldaernachrichten.de\/index.php?rest_route=\/wp\/v2\/types\/post"}],"author":[{"embeddable":true,"href":"https:\/\/www.fuldaernachrichten.de\/index.php?rest_route=\/wp\/v2\/users\/1"}],"replies":[{"embeddable":true,"href":"https:\/\/www.fuldaernachrichten.de\/index.php?rest_route=%2Fwp%2Fv2%2Fcomments&post=58196"}],"version-history":[{"count":4,"href":"https:\/\/www.fuldaernachrichten.de\/index.php?rest_route=\/wp\/v2\/posts\/58196\/revisions"}],"predecessor-version":[{"id":58205,"href":"https:\/\/www.fuldaernachrichten.de\/index.php?rest_route=\/wp\/v2\/posts\/58196\/revisions\/58205"}],"wp:attachment":[{"href":"https:\/\/www.fuldaernachrichten.de\/index.php?rest_route=%2Fwp%2Fv2%2Fmedia&parent=58196"}],"wp:term":[{"taxonomy":"category","embeddable":true,"href":"https:\/\/www.fuldaernachrichten.de\/index.php?rest_route=%2Fwp%2Fv2%2Fcategories&post=58196"},{"taxonomy":"post_tag","embeddable":true,"href":"https:\/\/www.fuldaernachrichten.de\/index.php?rest_route=%2Fwp%2Fv2%2Ftags&post=58196"}],"curies":[{"name":"wp","href":"https:\/\/api.w.org\/{rel}","templated":true}]}}