{"id":58101,"date":"2010-04-24T02:01:57","date_gmt":"2010-04-24T00:01:57","guid":{"rendered":"http:\/\/www.schoene-nachrichten.de\/?p=58101"},"modified":"2010-04-24T11:00:09","modified_gmt":"2010-04-24T09:00:09","slug":"vize-landrat-dr-heiko-wingenfeld-fuer-umbenennung-in-girls-und-boys-zukunftstag","status":"publish","type":"post","link":"https:\/\/www.fuldaernachrichten.de\/?p=58101","title":{"rendered":"Vize Landrat Dr. Heiko Wingenfeld f\u00fcr Umbenennung in \u201eGirls und Boys Zukunftstag\u201c"},"content":{"rendered":"<p><strong><a href=\"http:\/\/www.schoene-nachrichten.de\/wp-content\/uploads\/2010\/04\/100423_Bericht.jpg\"><img decoding=\"async\" class=\"alignleft size-thumbnail wp-image-58102\" title=\"100423_Bericht\" src=\"http:\/\/www.schoene-nachrichten.de\/wp-content\/uploads\/2010\/04\/100423_Bericht.jpg\" alt=\"100423_Bericht\" width=\"560\" srcset=\"https:\/\/www.fuldaernachrichten.de\/wp-content\/uploads\/2010\/04\/100423_Bericht.jpg 592w, https:\/\/www.fuldaernachrichten.de\/wp-content\/uploads\/2010\/04\/100423_Bericht-265x176.jpg 265w\" sizes=\"(max-width: 592px) 100vw, 592px\" \/><\/a><\/strong><\/p>\n<p><strong>Fulda. <\/strong>Am vorgestrigen Girls Day bei der Kreisverwaltung nahmen 27 Sch\u00fclerinnen und zw\u00f6lf Sch\u00fcler ab der 5. Klasse teil, um sich \u00fcber die vielf\u00e4ltigen Aufgaben des Landkreises Fulda zu informieren. Die gegen\u00fcber den vergangenen Jahren deutlich angestiegene Zahl von Jungs veranlasste Ersten Kreisbeigeordneten Dr. Heiko Wingenfeld zu der Feststellung, dass die Bezeichnung \u201eGirls Day\u201c nicht mehr ganz zutreffe. Er schlug stattdessen die Umbenennung in \u201eGirls und Boys Zukunftstag\u201c vor.<!--more--><\/p>\n<p>Der Erste Kreisbeigeordnete versuchte den M\u00e4dchen und Jungen ihre Scheu vor der weitgehend unbekannten Beh\u00f6rde mit dem Hinweis zu nehmen, dass \u201eich in Eurem Alter auch lange \u00fcberlegen musste, was ein Landkreis so alles macht\u201c. Die Bandbreite seiner Leistungen f\u00fcr die B\u00fcrgerinnen und B\u00fcrger sei beachtlich. Sie reiche von A wie Abfall bis Z wie Zulassungsstelle. Es w\u00e4re sch\u00f6n, wenn m\u00f6glichst viele Kreisbewohner schon in jungen Jahren \u00fcber ihren Heimatkreis bestens Bescheid w\u00fcssten. \u201eNutzt diese Chance! Fragt uns L\u00f6cher in den Bauch! Seid offen f\u00fcr neue Eindr\u00fccke!\u201c<\/p>\n<p><a href=\"http:\/\/www.schoene-nachrichten.de\/wp-content\/uploads\/2010\/04\/100423_Bericht2.jpg\"><img decoding=\"async\" class=\"alignleft size-thumbnail wp-image-58103\" title=\"100423_Bericht2\" src=\"http:\/\/www.schoene-nachrichten.de\/wp-content\/uploads\/2010\/04\/100423_Bericht2-265x176.jpg\" alt=\"100423_Bericht2\" width=\"265\" height=\"176\" srcset=\"https:\/\/www.fuldaernachrichten.de\/wp-content\/uploads\/2010\/04\/100423_Bericht2-265x176.jpg 265w, https:\/\/www.fuldaernachrichten.de\/wp-content\/uploads\/2010\/04\/100423_Bericht2.jpg 592w\" sizes=\"(max-width: 265px) 100vw, 265px\" \/><\/a>Nach den Worten von Dr. Wingenfeld habe sich die urspr\u00fcngliche Zielsetzung des Girls Day mit den Jahren etwas ver\u00e4ndert. Heute gehe es nicht mehr vorrangig darum, dass M\u00e4dchen Einblicke in typische M\u00e4nnerberufe erhalten sollten. Auch f\u00fcr Jungs k\u00f6nne es eine wertvolle Erfahrung darstellen, wenn sie ihre Wahlm\u00f6glichkeiten auf Berufsfelder ausweiten w\u00fcrden, in denen M\u00e4nner eher unterrepr\u00e4sentiert seien. Mit Blick auf die nach wie vor ungleiche Verteilung bei der Besetzung von F\u00fchrungspositionen stellte der Vize-Landrat fest: \u201eWir brauchen beides \u2013 starke Frauen und starke M\u00e4nner.\u201c<\/p>\n<p>An die Begr\u00fc\u00dfung durch den Ersten Kreisbeigeordneten schloss sich eine Vorstellung des Landratsamtes und der Ausbildungsberufe bei der Kreisverwaltung an. Anschlie\u00dfend gingen die M\u00e4dchen und Jungen in verschiedene, vorrangig technisch und naturwissenschaftlich ausgerichtete Fachdienste, um den dortigen Mitarbeiterinnen und Mitarbeitern bei ihrer T\u00e4tigkeit \u00fcber die Schulter zu schauen. Der von Ausbildungsleiterin Maria Post, der Frauenbeauftragten Edeltraud Weider und ihrer Vorg\u00e4ngerin Anja Breunung vorbereitete Girls Day endete mit einer Auswertungsrunde und einem Imbiss.<\/p>\n","protected":false},"excerpt":{"rendered":"<div class=\"tmnf_excerpt\"><p>Fulda. Am vorgestrigen Girls Day bei der Kreisverwaltung nahmen 27 Sch\u00fclerinnen und zw\u00f6lf Sch\u00fcler ab der 5. Klasse teil, um sich \u00fcber die vielf\u00e4ltigen Aufgaben des Landkreises Fulda zu informieren. Die gegen\u00fcber den vergangenen Jahren deutlich angestiegene Zahl von Jungs veranlasste Ersten Kreisbeigeordneten Dr. Heiko Wingenfeld zu der Feststellung, dass die Bezeichnung \u201eGirls Day\u201c nicht &hellip;<\/p>\n<\/div>","protected":false},"author":1,"featured_media":0,"comment_status":"closed","ping_status":"closed","sticky":false,"template":"","format":"standard","meta":{"footnotes":""},"categories":[1,72,78],"tags":[],"class_list":["post-58101","post","type-post","status-publish","format-standard","hentry","category-startseite","category-jugend","category-topthema"],"_links":{"self":[{"href":"https:\/\/www.fuldaernachrichten.de\/index.php?rest_route=\/wp\/v2\/posts\/58101","targetHints":{"allow":["GET"]}}],"collection":[{"href":"https:\/\/www.fuldaernachrichten.de\/index.php?rest_route=\/wp\/v2\/posts"}],"about":[{"href":"https:\/\/www.fuldaernachrichten.de\/index.php?rest_route=\/wp\/v2\/types\/post"}],"author":[{"embeddable":true,"href":"https:\/\/www.fuldaernachrichten.de\/index.php?rest_route=\/wp\/v2\/users\/1"}],"replies":[{"embeddable":true,"href":"https:\/\/www.fuldaernachrichten.de\/index.php?rest_route=%2Fwp%2Fv2%2Fcomments&post=58101"}],"version-history":[{"count":5,"href":"https:\/\/www.fuldaernachrichten.de\/index.php?rest_route=\/wp\/v2\/posts\/58101\/revisions"}],"predecessor-version":[{"id":58150,"href":"https:\/\/www.fuldaernachrichten.de\/index.php?rest_route=\/wp\/v2\/posts\/58101\/revisions\/58150"}],"wp:attachment":[{"href":"https:\/\/www.fuldaernachrichten.de\/index.php?rest_route=%2Fwp%2Fv2%2Fmedia&parent=58101"}],"wp:term":[{"taxonomy":"category","embeddable":true,"href":"https:\/\/www.fuldaernachrichten.de\/index.php?rest_route=%2Fwp%2Fv2%2Fcategories&post=58101"},{"taxonomy":"post_tag","embeddable":true,"href":"https:\/\/www.fuldaernachrichten.de\/index.php?rest_route=%2Fwp%2Fv2%2Ftags&post=58101"}],"curies":[{"name":"wp","href":"https:\/\/api.w.org\/{rel}","templated":true}]}}