{"id":5800,"date":"2007-10-10T01:00:12","date_gmt":"2007-10-09T23:00:12","guid":{"rendered":"http:\/\/www.schoene-nachrichten.de\/?p=5800"},"modified":"2007-10-10T01:00:43","modified_gmt":"2007-10-09T23:00:43","slug":"drei-seminare-der-ihk-fulda-fuer-azubis","status":"publish","type":"post","link":"https:\/\/www.fuldaernachrichten.de\/?p=5800","title":{"rendered":"Drei Seminare der IHK Fulda f\u00fcr Azubis"},"content":{"rendered":"<p><strong>Termine.<\/strong> Qualifizierte Mitarbeiterinnen und Mitarbeiter sind die tragende S\u00e4ule und das Aush\u00e4ngeschild eines Unternehmens. Damit beim Firmennachwuchs der \u00dcbergang vom \u201eSchonraum Schule\u201c in die h\u00e4ufig sehr viel rauere Arbeitswelt gut gelingt, hat die IHK Fulda in Zusammenarbeit mit dem Bonifatiushaus drei Seminare f\u00fcr Auszubildende entwickelt, die die Integration in den Unternehmensalltag erleichtern. <!--more--><\/p>\n<p><strong>\u201eZwischen allen St\u00fchlen sitzen? Mein Platz im Unternehmen\u201c<\/strong> ist das Thema am <strong>26. November<\/strong>. Der Azubi steht in einer Hierarchie von Mit-Azubis, Mitarbeitern, Ausbildern und Vorgesetzten. Das Seminar vermittelt die Bedeutung jeder Stufe im Arbeitsleben und das korrekte Verhalten gegen\u00fcber Vorgesetzten und Kollegen.<\/p>\n<p>Um <strong>Werte und Regeln und Werte des Unternehmens<\/strong> geht es am <strong>27. November<\/strong>. Der Workshop vermittelt den Sinn von Regeln und bietet Methoden an, wie Werte und Verhaltensanweisungen richtig angewendet werden k\u00f6nnen. Ziel ist es, das sich Azubis sicherer und selbstbewusster in der Arbeitswelt bewegen.<\/p>\n<p>Viele neue Gesichter, starker Zeitdruck und ein rauer Umgangston: Der Einstieg in das Arbeitsleben ist nicht selten wie ein \u201eSprung ins kalte Wasser\u201c. Der <strong>\u00dcbergang von der Schule ins Arbeitsleben<\/strong> steht am <strong>28. November<\/strong> im Mittelpunkt. Das Seminar bietet Gelegenheit, sich \u00fcber die eigene Situation auszutauschen, voneinander zu lernen und konkrete L\u00f6sungen und Handlungsalternativen f\u00fcr schwierige Situationen zu erarbeiten.<\/p>\n<p>Veranstaltungsort ist das Bonifatiushaus Di\u00f6zesanbildungsst\u00e4tte, Neuenberger Stra\u00dfe 3 \u2013 5. Die Seminare starten jeweils um 9 und enden um 15:30 Uhr. Anmeldungen in der IHK bei Viola Br\u00e4hler unter der Telefonnummer 0661 284-31 oder per E-Mail\u00c2\u00a0an <a href=\"mailto:braehler@fulda.ihk.de\">braehler@fulda.ihk.de<\/a>.<\/p>\n","protected":false},"excerpt":{"rendered":"<div class=\"tmnf_excerpt\"><p>Termine. Qualifizierte Mitarbeiterinnen und Mitarbeiter sind die tragende S\u00e4ule und das Aush\u00e4ngeschild eines Unternehmens. Damit beim Firmennachwuchs der \u00dcbergang vom \u201eSchonraum Schule\u201c in die h\u00e4ufig sehr viel rauere Arbeitswelt gut gelingt, hat die IHK Fulda in Zusammenarbeit mit dem Bonifatiushaus drei Seminare f\u00fcr Auszubildende entwickelt, die die Integration in den Unternehmensalltag erleichtern.<\/p>\n<\/div>","protected":false},"author":1,"featured_media":0,"comment_status":"closed","ping_status":"closed","sticky":false,"template":"","format":"standard","meta":{"footnotes":""},"categories":[1,53,72],"tags":[],"class_list":["post-5800","post","type-post","status-publish","format-standard","hentry","category-startseite","category-bildung","category-jugend"],"_links":{"self":[{"href":"https:\/\/www.fuldaernachrichten.de\/index.php?rest_route=\/wp\/v2\/posts\/5800","targetHints":{"allow":["GET"]}}],"collection":[{"href":"https:\/\/www.fuldaernachrichten.de\/index.php?rest_route=\/wp\/v2\/posts"}],"about":[{"href":"https:\/\/www.fuldaernachrichten.de\/index.php?rest_route=\/wp\/v2\/types\/post"}],"author":[{"embeddable":true,"href":"https:\/\/www.fuldaernachrichten.de\/index.php?rest_route=\/wp\/v2\/users\/1"}],"replies":[{"embeddable":true,"href":"https:\/\/www.fuldaernachrichten.de\/index.php?rest_route=%2Fwp%2Fv2%2Fcomments&post=5800"}],"version-history":[{"count":0,"href":"https:\/\/www.fuldaernachrichten.de\/index.php?rest_route=\/wp\/v2\/posts\/5800\/revisions"}],"wp:attachment":[{"href":"https:\/\/www.fuldaernachrichten.de\/index.php?rest_route=%2Fwp%2Fv2%2Fmedia&parent=5800"}],"wp:term":[{"taxonomy":"category","embeddable":true,"href":"https:\/\/www.fuldaernachrichten.de\/index.php?rest_route=%2Fwp%2Fv2%2Fcategories&post=5800"},{"taxonomy":"post_tag","embeddable":true,"href":"https:\/\/www.fuldaernachrichten.de\/index.php?rest_route=%2Fwp%2Fv2%2Ftags&post=5800"}],"curies":[{"name":"wp","href":"https:\/\/api.w.org\/{rel}","templated":true}]}}