{"id":5785,"date":"2007-10-09T02:55:38","date_gmt":"2007-10-09T00:55:38","guid":{"rendered":"http:\/\/www.schoene-nachrichten.de\/?p=5785"},"modified":"2007-10-09T02:55:38","modified_gmt":"2007-10-09T00:55:38","slug":"pd-dr-carolin-tonus-ist-neue-landesvorsitzende-des-bdc","status":"publish","type":"post","link":"https:\/\/www.fuldaernachrichten.de\/?p=5785","title":{"rendered":"PD Dr. Carolin Tonus ist neue Landesvorsitzende des BDC"},"content":{"rendered":"<p><strong><a rel=\"lightbox[roadtrip]\" href=\"http:\/\/www.schoene-nachrichten.de\/wp-content\/uploads\/2007\/10\/071008_tonus.jpg\" title=\"071008_tonus.jpg\"><img decoding=\"async\" align=\"left\" src=\"http:\/\/www.schoene-nachrichten.de\/wp-content\/uploads\/2007\/10\/071008_tonus.thumbnail.jpg\" hspace=\"5\" alt=\"071008_tonus.jpg\" \/><\/a>Leute.<\/strong> Der Berufsverband der Deutschen Chirurgen (BDC) hat in Eschborn einen neuen Vorstand gew\u00e4hlt. Privatdozentin Dr. Carolin Tonus, Chef\u00e4rztin der Abteilung f\u00fcr Allgemein- und Viszeralchirurgie am Herz-Jesu-Krankenhaus, erhielt einstimmig das Mandat f\u00fcr den hessischen Landesvorsitz. Tonus vertritt in ihrer Position f\u00fcr die n\u00e4chsten vier Jahre alle niedergelassenen und in Krankenh\u00e4usern angestellten chirurgischen Kolleginnen und Kollegen in Hessen.<!--more--><\/p>\n<p>Der BDC stellt die gr\u00f6\u00dfte europ\u00e4ische Chirurgenvereinigung dar. Die Institution hat sich schwerpunktm\u00e4\u00dfig der Erhaltung und weiteren Entwicklung einer leistungsf\u00e4higen Chirurgie in Deutschland verschrieben. Daher stehen die beruflichen Belange der Operateure und der in chirurgischer Weiterbildung stehenden \u00c4rzte im Mittelpunkt des Interesses. Dar\u00fcber hinaus pflegt der BDC engste Beziehungen zur Deutschen Gesellschaft f\u00fcr Chirurgie und anderen wissenschaftlichen Fachgesellschaften. \u201eMedizinische Qualit\u00e4t bedarf fundierter berufspolitischer Rahmenbedingungen\u201c, resummiert die neu gew\u00e4hlte Landesvorsitzende.<\/p>\n<p>Alexander Schmidtke, Gesch\u00e4ftsf\u00fchrer des Herz-Jesu-Krankenhauses, freut sich \u00fcber die Berufung der engagierten Chef\u00e4rztin, die seit ihrer T\u00e4tigkeit im Krankenhaus am Gerloser Weg die ohnehin hohe Patientenfallzahl der Chirurgischen Abteilung innerhalb k\u00fcrzester Zeit um 50\u00c2\u00a0Prozent steigern konnte.\u00c2\u00a0 Dieses enorme Patientenaufkommen sei neben der hohen fachlichen Expertise auf wissenschaftlich h\u00f6chstem Niveau, auch der sehr angenehmen menschlichen und sozialen Kompetenz der Chef\u00e4rztin zuzuschreiben.<\/p>\n<p>Die F\u00fclle der zufriedenen Patientenr\u00fcckmeldungen w\u00fcrden dies deutlich unterstreichen.\u00c2\u00a0 Das Therapiespektrum von Privatdozentin Dr. med. Carolin Tonus ist laut Gesch\u00e4ftsf\u00fchrer Schmidtke umfangreich, so umfasst dies das gesamte Spektrum der Allgemein- und Viszeralchirurgie, wie operative Eingriffe an der Speiser\u00f6hre, der Lunge, des Magen-Darm-Traktes (Magen, D\u00fcnndarm, Blinddarm, Dickdarm, Enddarm, After), der Leber, der Gallenblase und der Galleng\u00e4nge, der Bauchspeicheldr\u00fcse, der Milz, der Schilddr\u00fcse und Nebenschilddr\u00fcse, der K\u00f6rperoberfl\u00e4che und Bauchdecke sowie an K\u00f6rperweichteilen. Auch die von ihr initiierte Angeh\u00f6rigenvisite und psychoonkologische Beratung kommen bei Patienten und Angeh\u00f6rigen sehr gut an.<\/p>\n<p>Berufspolitisch und wissenschaftlich ist die Fuldaer Chirurgin in vielen Gesellschaften engagiert. So in der Deutsche Gesellschaft f\u00fcr Chirurgie, der Deutsche Gesellschaft f\u00fcr Viszeralchirurgie, der Vereinigung der Bayerischen Chirurgen, der Chirurgische Arbeitsgemeinschaft Onkologie (CAO), der Chirurgische Arbeitsgemeinschaft Akutschmerz (CAAS), der International Society Of Intraoperative Radiation Therapy, dem Konvent der leitenden Krankenhaus\u00e4rzte (KLK) sowie in der Mitteldeutschen Gesellschaft f\u00fcr Gastroenterologie e.V.<\/p>\n<p>Die Gesch\u00e4ftsf\u00fchrung und Krankenhausleitung gratulierten der Chirurgin zur Berufung in das Amt der Vorsitzenden des Landesverbandes und w\u00fcnschten ihr f\u00fcr diese zus\u00e4tzliche T\u00e4tigkeit viel Erfolg.<\/p>\n","protected":false},"excerpt":{"rendered":"<div class=\"tmnf_excerpt\"><p>Leute. Der Berufsverband der Deutschen Chirurgen (BDC) hat in Eschborn einen neuen Vorstand gew\u00e4hlt. Privatdozentin Dr. Carolin Tonus, Chef\u00e4rztin der Abteilung f\u00fcr Allgemein- und Viszeralchirurgie am Herz-Jesu-Krankenhaus, erhielt einstimmig das Mandat f\u00fcr den hessischen Landesvorsitz. Tonus vertritt in ihrer Position f\u00fcr die n\u00e4chsten vier Jahre alle niedergelassenen und in Krankenh\u00e4usern angestellten chirurgischen Kolleginnen und Kollegen &hellip;<\/p>\n<\/div>","protected":false},"author":1,"featured_media":0,"comment_status":"closed","ping_status":"closed","sticky":false,"template":"","format":"standard","meta":{"footnotes":""},"categories":[1,51,48],"tags":[],"class_list":["post-5785","post","type-post","status-publish","format-standard","hentry","category-startseite","category-medizin","category-forschung"],"_links":{"self":[{"href":"https:\/\/www.fuldaernachrichten.de\/index.php?rest_route=\/wp\/v2\/posts\/5785","targetHints":{"allow":["GET"]}}],"collection":[{"href":"https:\/\/www.fuldaernachrichten.de\/index.php?rest_route=\/wp\/v2\/posts"}],"about":[{"href":"https:\/\/www.fuldaernachrichten.de\/index.php?rest_route=\/wp\/v2\/types\/post"}],"author":[{"embeddable":true,"href":"https:\/\/www.fuldaernachrichten.de\/index.php?rest_route=\/wp\/v2\/users\/1"}],"replies":[{"embeddable":true,"href":"https:\/\/www.fuldaernachrichten.de\/index.php?rest_route=%2Fwp%2Fv2%2Fcomments&post=5785"}],"version-history":[{"count":0,"href":"https:\/\/www.fuldaernachrichten.de\/index.php?rest_route=\/wp\/v2\/posts\/5785\/revisions"}],"wp:attachment":[{"href":"https:\/\/www.fuldaernachrichten.de\/index.php?rest_route=%2Fwp%2Fv2%2Fmedia&parent=5785"}],"wp:term":[{"taxonomy":"category","embeddable":true,"href":"https:\/\/www.fuldaernachrichten.de\/index.php?rest_route=%2Fwp%2Fv2%2Fcategories&post=5785"},{"taxonomy":"post_tag","embeddable":true,"href":"https:\/\/www.fuldaernachrichten.de\/index.php?rest_route=%2Fwp%2Fv2%2Ftags&post=5785"}],"curies":[{"name":"wp","href":"https:\/\/api.w.org\/{rel}","templated":true}]}}