{"id":57815,"date":"2010-04-22T03:54:11","date_gmt":"2010-04-22T01:54:11","guid":{"rendered":"http:\/\/www.schoene-nachrichten.de\/?p=57815"},"modified":"2010-04-22T10:54:18","modified_gmt":"2010-04-22T08:54:18","slug":"theaterwerkstatt-der-richard-mueller-schule-gewinnt-foerderpreis-des-landes-hessen-2","status":"publish","type":"post","link":"https:\/\/www.fuldaernachrichten.de\/?p=57815","title":{"rendered":"Theaterwerkstatt der Richard-M\u00fcller-Schule gewinnt F\u00f6rderpreis des Landes Hessen"},"content":{"rendered":"<p><strong><a href=\"http:\/\/www.schoene-nachrichten.de\/wp-content\/uploads\/2010\/04\/100421_Medea.jpg\"><img decoding=\"async\" class=\"alignleft size-thumbnail wp-image-57816\" title src=\"http:\/\/www.schoene-nachrichten.de\/wp-content\/uploads\/2010\/04\/100421_Medea.jpg\" alt=\"100421_Medea\" width=\"560\" srcset=\"https:\/\/www.fuldaernachrichten.de\/wp-content\/uploads\/2010\/04\/100421_Medea.jpg 592w, https:\/\/www.fuldaernachrichten.de\/wp-content\/uploads\/2010\/04\/100421_Medea-265x176.jpg 265w\" sizes=\"(max-width: 592px) 100vw, 592px\" \/><\/a><\/strong><\/p>\n<p><strong>Fulda. <\/strong>Die aktuelle Produktion \u201eMedea\u201c der Theaterwerkstatt der Richard-M\u00fcller-Schule Fulda wurde mit dem F\u00f6rderpreis des Landes Hessen ausgezeichnet und geh\u00f6rt zu den Preistr\u00e4gern des diesj\u00e4hrigen 27. Hessischen Schultheatertreffens 2010, das vom 12. \u2013 16. Mai 2010 unter der Schirmherrschaft des Hessischen Kultusministeriums und der Sparkassenstiftung Hessen in Frankfurt \/ Main stattfindet. In diesem Jahr wagt sich die Theaterwerkstatt der Richard-M\u00fcller-Schule Fulda zum ersten Mal an die moderne Umsetzung eines antiken Stoffes. <!--more--><\/p>\n<p>Das Theaterst\u00fcck &#8220;Medea&#8221; ist eine beklemmende Reise in die Abgr\u00fcnde der menschlichen Seele, es zweifelt den Wahrheitsgehalt des antiken Mythos an: Was wenn Medea nicht T\u00e4terin, sondern Opfer gewesen ist? Sollte vielleicht ein weit gr\u00f6\u00dferes Verbrechen hier verschwiegen werden? Und pl\u00f6tzlich verwandelt sich dieses einfache Gedankenexperiment in einen spannenden politischen Triller um Liebe, Macht, Eifersucht und Verrat. Und hinter der Maske der L\u00fcge kommt die Fratze der Wahrheit zum Vorschein \u00e2\u20ac\u00a6 eine unmenschlich menschliche Wahrheit.<\/p>\n<p>Pr\u00e4gende Elemente der Inszenierung sind selbst geschriebene Raps und Songs, Bewegungsimprovisationen und Choreografien zu Musik sowie der Einsatz von Multimedia-Installationen. Die Theaterauff\u00fchrungen finden am 27., 28., 29. und 30. April 2010 jeweils 10.00 und 19.30 Uhr im Propsteihaus Petersberg statt. Karten sind ab sofort \u00fcber das Sekretariat der Richard-M\u00fcller-Schule (Tel.: 0661 \/ 96870, 8 \u2013 16 Uhr), unter 0661 \/ 9015612 (Anrufbeantworter) und unter E-Mail RiMS-Theaterwerkstatt@web.de. erh\u00e4ltlich. Weitere Informationen unter <a href=\"http:\/\/www.rims.schulen-fulda.de\" target=\"_blank\">www.rims.schulen-fulda.de<\/a>\/theaterwerkstatt.<\/p>\n","protected":false},"excerpt":{"rendered":"<div class=\"tmnf_excerpt\"><p>Fulda. Die aktuelle Produktion \u201eMedea\u201c der Theaterwerkstatt der Richard-M\u00fcller-Schule Fulda wurde mit dem F\u00f6rderpreis des Landes Hessen ausgezeichnet und geh\u00f6rt zu den Preistr\u00e4gern des diesj\u00e4hrigen 27. Hessischen Schultheatertreffens 2010, das vom 12. \u2013 16. Mai 2010 unter der Schirmherrschaft des Hessischen Kultusministeriums und der Sparkassenstiftung Hessen in Frankfurt \/ Main stattfindet. In diesem Jahr wagt &hellip;<\/p>\n<\/div>","protected":false},"author":1,"featured_media":0,"comment_status":"closed","ping_status":"closed","sticky":false,"template":"","format":"standard","meta":{"footnotes":""},"categories":[1,44,78],"tags":[],"class_list":["post-57815","post","type-post","status-publish","format-standard","hentry","category-startseite","category-kultur","category-topthema"],"_links":{"self":[{"href":"https:\/\/www.fuldaernachrichten.de\/index.php?rest_route=\/wp\/v2\/posts\/57815","targetHints":{"allow":["GET"]}}],"collection":[{"href":"https:\/\/www.fuldaernachrichten.de\/index.php?rest_route=\/wp\/v2\/posts"}],"about":[{"href":"https:\/\/www.fuldaernachrichten.de\/index.php?rest_route=\/wp\/v2\/types\/post"}],"author":[{"embeddable":true,"href":"https:\/\/www.fuldaernachrichten.de\/index.php?rest_route=\/wp\/v2\/users\/1"}],"replies":[{"embeddable":true,"href":"https:\/\/www.fuldaernachrichten.de\/index.php?rest_route=%2Fwp%2Fv2%2Fcomments&post=57815"}],"version-history":[{"count":3,"href":"https:\/\/www.fuldaernachrichten.de\/index.php?rest_route=\/wp\/v2\/posts\/57815\/revisions"}],"predecessor-version":[{"id":57897,"href":"https:\/\/www.fuldaernachrichten.de\/index.php?rest_route=\/wp\/v2\/posts\/57815\/revisions\/57897"}],"wp:attachment":[{"href":"https:\/\/www.fuldaernachrichten.de\/index.php?rest_route=%2Fwp%2Fv2%2Fmedia&parent=57815"}],"wp:term":[{"taxonomy":"category","embeddable":true,"href":"https:\/\/www.fuldaernachrichten.de\/index.php?rest_route=%2Fwp%2Fv2%2Fcategories&post=57815"},{"taxonomy":"post_tag","embeddable":true,"href":"https:\/\/www.fuldaernachrichten.de\/index.php?rest_route=%2Fwp%2Fv2%2Ftags&post=57815"}],"curies":[{"name":"wp","href":"https:\/\/api.w.org\/{rel}","templated":true}]}}