{"id":5776,"date":"2007-10-09T02:42:36","date_gmt":"2007-10-09T00:42:36","guid":{"rendered":"http:\/\/www.schoene-nachrichten.de\/?p=5776"},"modified":"2007-10-09T02:42:36","modified_gmt":"2007-10-09T00:42:36","slug":"stipendien-fuer-aufenthalte-in-italien-im-bereich-kunst","status":"publish","type":"post","link":"https:\/\/www.fuldaernachrichten.de\/?p=5776","title":{"rendered":"Stipendien f\u00fcr Aufenthalte in Italien im Bereich &#8220;Kunst&#8221;"},"content":{"rendered":"<p><strong>Bildung.<\/strong>\u00c2\u00a0F\u00fcr das Jahr 2009 schreibt das Hessische Ministerium f\u00fcr Wissenschaft und Kunst Stipendien f\u00fcr K\u00fcnstlerinnen und K\u00fcnstler aus Hessen f\u00fcr einj\u00e4hrige Aufenthalte in der Villa Massimo in Rom oder dreimonatige Aufenthalte in der Casa Baldi in Olevano Romano aus. <!--more--><\/p>\n<p>Kunstminister Udo Corts weist darauf hin, dass Interessenten in ihrer Kunstsparte bereits \u00f6ffentliche Anerkennung gefunden haben, deutsche Staatsangeh\u00f6rige sein m\u00fcssen oder zum Zeitpunkt der Bewerbung seit mindestens f\u00fcnf Jahren den ersten Wohnsitz und ihren Schaffensmittelpunkt in Hessen haben. Bewerbungen von Studierenden sind ausgeschlossen.<\/p>\n<p>Angesprochen f\u00fchlen sollten sich j\u00fcngere, au\u00dfergew\u00f6hnlich qualifizierte und begabte, in ihrer k\u00fcnstlerischen Entwicklung aber noch offene K\u00fcnstlerinnen und K\u00fcnstler der Sparten Bildende Kunst, Architektur, Literatur und Musik (Komposition). Die Auswahl trifft die Kulturstiftung der L\u00e4nder in Berlin.<\/p>\n<p>Ausgew\u00e4hlte Bewerber erhalten von der Beauftragten der Bundesregierung f\u00fcr Kultur und Medien ein Barstipendium in Form einer monatlichen Pauschale in H\u00f6he von 2.500 Euro. Grundkenntnisse der italienischen Sprache werden bei Antritt des Stipendiums vorausgesetzt. Die Deutsche Akademie Rom Villa Massimo ist eine bundeseigene Einrichtung zur F\u00f6rderung hochbegabter K\u00fcnstlerinnen und K\u00fcnstler durch Studienaufenthalte im Ausland.<\/p>\n<p>Informationen und Antragsformulare sind im Internet unter <a target=\"_blank\" href=\"http:\/\/www.hmwk.hessen.de\/\">http:\/\/www.hmwk.hessen.de\/<\/a>oder unter <a target=\"_blank\" href=\"http:\/\/www.bundesregierung.de\">www.bundesregierung.de<\/a> abzurufen. Informationen k\u00f6nnen auch beim Hessischen Ministerium f\u00fcr Wissenschaft und Kunst, Referat IV 3 B, Rheinstra\u00dfe 23-25, 65185 Wiesbaden, angefordert werden. Die Bewerbungsfrist endet am 15. Januar 2008 (Eingang Poststempel).<\/p>\n","protected":false},"excerpt":{"rendered":"<div class=\"tmnf_excerpt\"><p>Bildung.\u00c2\u00a0F\u00fcr das Jahr 2009 schreibt das Hessische Ministerium f\u00fcr Wissenschaft und Kunst Stipendien f\u00fcr K\u00fcnstlerinnen und K\u00fcnstler aus Hessen f\u00fcr einj\u00e4hrige Aufenthalte in der Villa Massimo in Rom oder dreimonatige Aufenthalte in der Casa Baldi in Olevano Romano aus.<\/p>\n<\/div>","protected":false},"author":1,"featured_media":0,"comment_status":"closed","ping_status":"closed","sticky":false,"template":"","format":"standard","meta":{"footnotes":""},"categories":[1,53,72,29,48],"tags":[],"class_list":["post-5776","post","type-post","status-publish","format-standard","hentry","category-startseite","category-bildung","category-jugend","category-politik","category-forschung"],"_links":{"self":[{"href":"https:\/\/www.fuldaernachrichten.de\/index.php?rest_route=\/wp\/v2\/posts\/5776","targetHints":{"allow":["GET"]}}],"collection":[{"href":"https:\/\/www.fuldaernachrichten.de\/index.php?rest_route=\/wp\/v2\/posts"}],"about":[{"href":"https:\/\/www.fuldaernachrichten.de\/index.php?rest_route=\/wp\/v2\/types\/post"}],"author":[{"embeddable":true,"href":"https:\/\/www.fuldaernachrichten.de\/index.php?rest_route=\/wp\/v2\/users\/1"}],"replies":[{"embeddable":true,"href":"https:\/\/www.fuldaernachrichten.de\/index.php?rest_route=%2Fwp%2Fv2%2Fcomments&post=5776"}],"version-history":[{"count":0,"href":"https:\/\/www.fuldaernachrichten.de\/index.php?rest_route=\/wp\/v2\/posts\/5776\/revisions"}],"wp:attachment":[{"href":"https:\/\/www.fuldaernachrichten.de\/index.php?rest_route=%2Fwp%2Fv2%2Fmedia&parent=5776"}],"wp:term":[{"taxonomy":"category","embeddable":true,"href":"https:\/\/www.fuldaernachrichten.de\/index.php?rest_route=%2Fwp%2Fv2%2Fcategories&post=5776"},{"taxonomy":"post_tag","embeddable":true,"href":"https:\/\/www.fuldaernachrichten.de\/index.php?rest_route=%2Fwp%2Fv2%2Ftags&post=5776"}],"curies":[{"name":"wp","href":"https:\/\/api.w.org\/{rel}","templated":true}]}}