{"id":5775,"date":"2007-10-09T02:36:01","date_gmt":"2007-10-09T00:36:01","guid":{"rendered":"http:\/\/www.schoene-nachrichten.de\/?p=5775"},"modified":"2007-10-09T02:36:01","modified_gmt":"2007-10-09T00:36:01","slug":"dj-fuehrerschein-gegen-freizeitschall","status":"publish","type":"post","link":"https:\/\/www.fuldaernachrichten.de\/?p=5775","title":{"rendered":"&#8220;DJ-F\u00fchrerschein&#8221; gegen Freizeitschall"},"content":{"rendered":"<p><strong>Jugend.<\/strong> \u201eW\u00e4hrend im Arbeitsalltag Grenzwerte f\u00fcr die Belastung durch L\u00e4rm eingef\u00fchrt sind, fehlen in Deutschland verbindliche Regelungen zum Schutz der Besucher vor gef\u00e4hrdender Schalleinwirkung bei Konzerten oder in Diskotheken. Die Zunahme von H\u00f6rsch\u00e4den insbesondere bei Kindern und Jugendlichen zeigt jedoch, dass neben den Aufkl\u00e4rungskampagnen noch weitergehende Ma\u00dfnahmen erforderlich sind\u201c, erkl\u00e4rte\u00c2\u00a0der Hessische Umweltschutzminister Wilhelm Dietzel anl\u00e4sslich des Startschusses zum Erwerb des \u201eDJ-F\u00fchrerscheins\u201c. <!--more--><\/p>\n<p>Rund 120 Diskjockeys haben\u00c2\u00a0gestern in der Kasseler Diskothek A7 die Gelegenheit genutzt, den sogenannten \u201eDJ-F\u00fchrerschein\u201c zu erwerben. Ziel dieses Sachkundenachweises ist es, dass ein Schallpegel von unter 100 Dezibel in Diskotheken eingehalten wird.<\/p>\n<p>Heute wird in Diskotheken oft ein Wert von \u00fcber 110 Dezibel und mehr erreicht. Schwerpunkte der Fortbildungsveranstaltung liegen in der Vermittlung der notwendigen Kenntnisse \u00fcber die gesundheitlichen Folgen lauter Musik, die technischen M\u00f6glichkeiten zur Sensibilisierung der G\u00e4ste f\u00fcr leisere Musik und die haftungsrechtlichen Aspekte.<\/p>\n<p>Anlass f\u00fcr die Einf\u00fchrung des \u201eDJ-F\u00fchrerscheins\u201c sind unter anderem\u00c2\u00a0erschreckende Zahlen aus dem Umweltbundesamt. Laut diesem weisen 25 Prozent der Jugendlichen H\u00f6rsch\u00e4digungen auf, obwohl sie beruflich noch nie mit \u00fcberm\u00e4\u00dfigem L\u00e4rm konfrontiert waren. \u201eDiskjockeys tragen eine hohe Verantwortung und es ist wichtig, dass sich DJs und Diskothekenbetreiber \u00fcber die Risiken von hohen Lautst\u00e4rken bewusst werden&#8221;, berichtete der Sprecher der Techniker Krankenkasse (TK) in Hessen Robert Deg.<\/p>\n<p>Zudem hat die TK unter ihren Versicherten eine Untersuchung durchgef\u00fchrt. \u201eErgebnis dieser Untersuchung ist, dass die Ausgaben f\u00fcr H\u00f6rhilfen f\u00fcr mitversicherte Familienangeh\u00f6rige, zu denen insbesondere Kinder und Jugendliche geh\u00f6ren, seit dem Jahr 2000 um rund 25 Prozent gestiegen sind&#8221;, f\u00fchrte Deg weiter aus.<\/p>\n<p>\u201eIch freue mich besonders \u00fcber das gro\u00dfe Interesse an dem DJ-F\u00fchrerschein und sehe dies als ein positives Zeichen f\u00fcr ein Umdenken im Umgang mit dem sogenannten Freizeitschall\u201c, so der Minister abschlie\u00dfend.<\/p>\n<p><strong>Hintergrund:<\/strong><br \/>\nDer DJ-F\u00fchrerschein ist eine gemeinsame Initiative von dem Hessischen Ministerium f\u00fcr Umwelt, l\u00e4ndlichen Raum und Verbraucherschutz, der Techniker Krankenkasse und dem Bundesverband Deutscher Diskotheken und Tanzbetriebe.<\/p>\n<p>Typische Schallpegel in Dezibel:<\/p>\n<p><strong>Schallquelle, Dezibel:<\/strong><br \/>\nextreme Ruhe (Stille),\u00c2\u00a0bis 20<br \/>\nFl\u00fcstern,\u00c2\u00a030 &#8211; 40<br \/>\nK\u00fchlschr\u00e4nke,\u00c2\u00a040 &#8211; 50<br \/>\nnormale Unterhaltung, 40 &#8211; 55<br \/>\nHotel am Meer vor dem Fenster,\u00c2\u00a050 &#8211; 65<br \/>\nZimmerlautst\u00e4rke,\u00c2\u00a052 &#8211; 62<br \/>\nAblufttrockner,\u00c2\u00a060 &#8211; 70<br \/>\nPKW-Verkehr,\u00c2\u00a065 &#8211; 85<br \/>\nBodenstaubsauger,\u00c2\u00a068 &#8211; 80<br \/>\nLKW-Verkehr,\u00c2\u00a078 &#8211; 90<br \/>\nSpielzeuge,\u00c2\u00a079 &#8211; 135<br \/>\nRockkonzerte,\u00c2\u00a0ab 110<br \/>\nFlugzeug im Nahbereich,\u00c2\u00a095 &#8211; 120<br \/>\nKnallk\u00f6rper,\u00c2\u00a0145 -160<br \/>\nSchmerzgrenze,\u00c2\u00a0110- 120<\/p>\n","protected":false},"excerpt":{"rendered":"<div class=\"tmnf_excerpt\"><p>Jugend. \u201eW\u00e4hrend im Arbeitsalltag Grenzwerte f\u00fcr die Belastung durch L\u00e4rm eingef\u00fchrt sind, fehlen in Deutschland verbindliche Regelungen zum Schutz der Besucher vor gef\u00e4hrdender Schalleinwirkung bei Konzerten oder in Diskotheken. Die Zunahme von H\u00f6rsch\u00e4den insbesondere bei Kindern und Jugendlichen zeigt jedoch, dass neben den Aufkl\u00e4rungskampagnen noch weitergehende Ma\u00dfnahmen erforderlich sind\u201c, erkl\u00e4rte\u00c2\u00a0der Hessische Umweltschutzminister Wilhelm Dietzel anl\u00e4sslich &hellip;<\/p>\n<\/div>","protected":false},"author":1,"featured_media":0,"comment_status":"closed","ping_status":"closed","sticky":false,"template":"","format":"standard","meta":{"footnotes":""},"categories":[1,72,29,52],"tags":[],"class_list":["post-5775","post","type-post","status-publish","format-standard","hentry","category-startseite","category-jugend","category-politik","category-umwelt"],"_links":{"self":[{"href":"https:\/\/www.fuldaernachrichten.de\/index.php?rest_route=\/wp\/v2\/posts\/5775","targetHints":{"allow":["GET"]}}],"collection":[{"href":"https:\/\/www.fuldaernachrichten.de\/index.php?rest_route=\/wp\/v2\/posts"}],"about":[{"href":"https:\/\/www.fuldaernachrichten.de\/index.php?rest_route=\/wp\/v2\/types\/post"}],"author":[{"embeddable":true,"href":"https:\/\/www.fuldaernachrichten.de\/index.php?rest_route=\/wp\/v2\/users\/1"}],"replies":[{"embeddable":true,"href":"https:\/\/www.fuldaernachrichten.de\/index.php?rest_route=%2Fwp%2Fv2%2Fcomments&post=5775"}],"version-history":[{"count":0,"href":"https:\/\/www.fuldaernachrichten.de\/index.php?rest_route=\/wp\/v2\/posts\/5775\/revisions"}],"wp:attachment":[{"href":"https:\/\/www.fuldaernachrichten.de\/index.php?rest_route=%2Fwp%2Fv2%2Fmedia&parent=5775"}],"wp:term":[{"taxonomy":"category","embeddable":true,"href":"https:\/\/www.fuldaernachrichten.de\/index.php?rest_route=%2Fwp%2Fv2%2Fcategories&post=5775"},{"taxonomy":"post_tag","embeddable":true,"href":"https:\/\/www.fuldaernachrichten.de\/index.php?rest_route=%2Fwp%2Fv2%2Ftags&post=5775"}],"curies":[{"name":"wp","href":"https:\/\/api.w.org\/{rel}","templated":true}]}}