{"id":5759,"date":"2007-10-08T01:00:35","date_gmt":"2007-10-07T23:00:35","guid":{"rendered":"http:\/\/www.schoene-nachrichten.de\/?p=5759"},"modified":"2008-12-15T13:15:19","modified_gmt":"2008-12-15T12:15:19","slug":"rechenkuenstler-gert-mittring-zu-gast-in-der-kinder-akademie","status":"publish","type":"post","link":"https:\/\/www.fuldaernachrichten.de\/?p=5759","title":{"rendered":"Rechenk\u00fcnstler Gert Mittring zu Gast in der KAF"},"content":{"rendered":"<p><strong>Sch\u00f6nes aus Fulda.<\/strong> Das kleine Einmaleins fand Gert Mittring\u00c2\u00a0schon im Kindergartenalter langweilig. Heute sind &#8220;einfache&#8221; Potenz- und Wurzelrechnungen\u00c2\u00a0wohl sowas wie\u00c2\u00a0&#8220;Aufw\u00e4rm\u00fcbungen&#8221; f\u00fcr ihn, denn der 41-J\u00e4hrige hat es zum Gro\u00dfmeister, mehrfachen Weltrekordler und dreifachen Olympia-Goldmedaillen Gewinner im Kopfrechnen gebracht.\u00c2\u00a0Am vergangenen Samstag war der Diplom-Informatiker, Doktor der Erziehungswissenschaften und\u00c2\u00a0Doktor der Psychologie mit der Karg-Stiftung zu Gast in der Kinder-Akademie, um Vorschul-P\u00e4dagoginnen\u00c2\u00a0zu zeigen, wie man\u00c2\u00a0hochbegabte Kinder erkennt und entsprechend f\u00f6rdert.<\/p>\n<p><strong>Fotos (38) und Video:<\/strong> Max Colin Heydenreich<\/p>\n<p><strong>Video ansehen mit:<\/strong> <a target=\"_blank\" href=\"http:\/\/www.schoene-nachrichten.de\/wp-content\/uploads\/2007\/10\/071008_Karg.wmv\">Windows Media Player<\/a> oder <a target=\"_blank\" href=\"http:\/\/www.schoene-nachrichten.de\/Video\/071008_Karg.rmvb\">Real Media Player<\/a><\/p>\n<p><a rel=\"lightbox[roadtrip]\" target=\"_blank\" href=\"http:\/\/www.schoene-nachrichten.de\/wp-content\/uploads\/2007\/10\/071006_Karg_09.jpg\" title=\"Foto: Max Colin Heydenreich\"><img decoding=\"async\" width=\"128\" src=\"http:\/\/www.schoene-nachrichten.de\/wp-content\/uploads\/2007\/10\/071006_Karg_09.thumbnail.jpg\" alt=\"071006_Karg_09.jpg\" \/><\/a>\u00c2\u00a0<a rel=\"lightbox[roadtrip]\" target=\"_blank\" href=\"http:\/\/www.schoene-nachrichten.de\/wp-content\/uploads\/2007\/10\/071006_Karg_07.jpg\" title=\"Foto: Max Colin Heydenreich\"><img decoding=\"async\" width=\"128\" src=\"http:\/\/www.schoene-nachrichten.de\/wp-content\/uploads\/2007\/10\/071006_Karg_07.thumbnail.jpg\" alt=\"071006_Karg_07.jpg\" \/><\/a> <a rel=\"lightbox[roadtrip]\" target=\"_blank\" href=\"http:\/\/www.schoene-nachrichten.de\/wp-content\/uploads\/2007\/10\/071006_Karg_02.jpg\" title=\"Foto: Max Colin Heydenreich\"><img decoding=\"async\" width=\"128\" src=\"http:\/\/www.schoene-nachrichten.de\/wp-content\/uploads\/2007\/10\/071006_Karg_02.thumbnail.jpg\" alt=\"071006_Karg_02.jpg\" \/><\/a><\/p>\n<p><a rel=\"lightbox[roadtrip]\" target=\"_blank\" href=\"http:\/\/www.schoene-nachrichten.de\/wp-content\/uploads\/2007\/10\/071006_Karg_23.jpg\" title=\"Foto: Max Colin Heydenreich\"><img decoding=\"async\" width=\"128\" src=\"http:\/\/www.schoene-nachrichten.de\/wp-content\/uploads\/2007\/10\/071006_Karg_23.thumbnail.jpg\" alt=\"071006_Karg_23.jpg\" \/><\/a> <a rel=\"lightbox[roadtrip]\" target=\"_blank\" href=\"http:\/\/www.schoene-nachrichten.de\/wp-content\/uploads\/2007\/10\/071006_Karg_24.jpg\" title=\"Foto: Max Colin Heydenreich\"><img decoding=\"async\" width=\"128\" src=\"http:\/\/www.schoene-nachrichten.de\/wp-content\/uploads\/2007\/10\/071006_Karg_24.thumbnail.jpg\" alt=\"071006_Karg_24.jpg\" \/><\/a> <a rel=\"lightbox[roadtrip]\" target=\"_blank\" href=\"http:\/\/www.schoene-nachrichten.de\/wp-content\/uploads\/2007\/10\/071006_Karg_15.jpg\" title=\"Foto: Max Colin Heydenreich\"><img decoding=\"async\" width=\"128\" src=\"http:\/\/www.schoene-nachrichten.de\/wp-content\/uploads\/2007\/10\/071006_Karg_15.thumbnail.jpg\" alt=\"071006_Karg_15.jpg\" \/><\/a>\u00c2\u00a0<\/p>\n<p><!--more-->Gert Mittring\u00c2\u00a0fiel schon im Kindesalter als mathematisches Wunderkind auf. Mit\u00c2\u00a0vier Jahren beherrschte er alle vier Grundrechenarten im Kopf und konnte damit im Tausenderraum rechnen. Mit\u00c2\u00a0sechs Jahren konnte er mit Br\u00fcchen rechnen, mit\u00c2\u00a0acht\u00c2\u00a0Jahren Wurzeln ziehen. Mit\u00c2\u00a0zw\u00f6lf Jahren entwickelte er eine Formel zur Berechnung des Wochentages zu einem beliebigen Datum.\u00c2\u00a0Sein Abitur schaffte er gerade mal mit der Note 3,7.\u00c2\u00a0Heute ist er Diplom-Informatiker, Doktor der Erziehungswissenschaften, sowie Doktor der Psychologie.<\/p>\n<p><a rel=\"lightbox[roadtrip]\" target=\"_blank\" href=\"http:\/\/www.schoene-nachrichten.de\/wp-content\/uploads\/2007\/10\/071006_Karg_01.jpg\" title=\"Foto: Max Colin Heydenreich\"><img decoding=\"async\" width=\"128\" src=\"http:\/\/www.schoene-nachrichten.de\/wp-content\/uploads\/2007\/10\/071006_Karg_01.thumbnail.jpg\" alt=\"071006_Karg_01.jpg\" \/><\/a>\u00c2\u00a0<a rel=\"lightbox[roadtrip]\" target=\"_blank\" href=\"http:\/\/www.schoene-nachrichten.de\/wp-content\/uploads\/2007\/10\/071006_Karg_03.jpg\" title=\"Foto: Max Colin Heydenreich\"><img decoding=\"async\" width=\"128\" src=\"http:\/\/www.schoene-nachrichten.de\/wp-content\/uploads\/2007\/10\/071006_Karg_03.thumbnail.jpg\" alt=\"071006_Karg_03.jpg\" \/><\/a> <a rel=\"lightbox[roadtrip]\" target=\"_blank\" href=\"http:\/\/www.schoene-nachrichten.de\/wp-content\/uploads\/2007\/10\/071006_Karg_08.jpg\" title=\"Foto: Max Colin Heydenreich\"><img decoding=\"async\" width=\"128\" src=\"http:\/\/www.schoene-nachrichten.de\/wp-content\/uploads\/2007\/10\/071006_Karg_08.thumbnail.jpg\" alt=\"071006_Karg_08.jpg\" \/><\/a><\/p>\n<p><a rel=\"lightbox[roadtrip]\" target=\"_blank\" href=\"http:\/\/www.schoene-nachrichten.de\/wp-content\/uploads\/2007\/10\/071006_Karg_04.jpg\" title=\"Foto: Max Colin Heydenreich\"><img decoding=\"async\" width=\"128\" src=\"http:\/\/www.schoene-nachrichten.de\/wp-content\/uploads\/2007\/10\/071006_Karg_04.thumbnail.jpg\" alt=\"071006_Karg_04.jpg\" \/><\/a> <a rel=\"lightbox[roadtrip]\" target=\"_blank\" href=\"http:\/\/www.schoene-nachrichten.de\/wp-content\/uploads\/2007\/10\/071006_Karg_05.jpg\" title=\"Foto: Max Colin Heydenreich\"><img decoding=\"async\" width=\"128\" src=\"http:\/\/www.schoene-nachrichten.de\/wp-content\/uploads\/2007\/10\/071006_Karg_05.thumbnail.jpg\" alt=\"071006_Karg_05.jpg\" \/><\/a> <a rel=\"lightbox[roadtrip]\" target=\"_blank\" href=\"http:\/\/www.schoene-nachrichten.de\/wp-content\/uploads\/2007\/10\/071006_Karg_06.jpg\" title=\"Foto: Max Colin Heydenreich\"><img decoding=\"async\" width=\"128\" src=\"http:\/\/www.schoene-nachrichten.de\/wp-content\/uploads\/2007\/10\/071006_Karg_06.thumbnail.jpg\" alt=\"071006_Karg_06.jpg\" \/><\/a><\/p>\n<p>Sein erster Weltrekord, die 137. Wurzel aus einer tausendstelligen Zahl in 13,3 Sekunden im Kopf und ohne Hilfsmittel zu ziehen, wurde am Psychologischen Institut der Universit\u00e4t Bonn von J\u00fcrgen Bredenkamp und seinem Team im Rahmen eines Forschungsprojekts untersucht und dokumentiert.<\/p>\n<p><a rel=\"lightbox[roadtrip]\" target=\"_blank\" href=\"http:\/\/www.schoene-nachrichten.de\/wp-content\/uploads\/2007\/10\/071006_Karg_10.jpg\" title=\"Foto: Max Colin Heydenreich\"><img decoding=\"async\" width=\"128\" src=\"http:\/\/www.schoene-nachrichten.de\/wp-content\/uploads\/2007\/10\/071006_Karg_10.thumbnail.jpg\" alt=\"071006_Karg_10.jpg\" \/><\/a> <a rel=\"lightbox[roadtrip]\" target=\"_blank\" href=\"http:\/\/www.schoene-nachrichten.de\/wp-content\/uploads\/2007\/10\/071006_Karg_11.jpg\" title=\"Foto: Max Colin Heydenreich\"><img decoding=\"async\" width=\"128\" src=\"http:\/\/www.schoene-nachrichten.de\/wp-content\/uploads\/2007\/10\/071006_Karg_11.thumbnail.jpg\" alt=\"071006_Karg_11.jpg\" \/><\/a> <a rel=\"lightbox[roadtrip]\" target=\"_blank\" href=\"http:\/\/www.schoene-nachrichten.de\/wp-content\/uploads\/2007\/10\/071006_Karg_12.jpg\" title=\"Foto: Max Colin Heydenreich\"><img decoding=\"async\" width=\"128\" src=\"http:\/\/www.schoene-nachrichten.de\/wp-content\/uploads\/2007\/10\/071006_Karg_12.thumbnail.jpg\" alt=\"071006_Karg_12.jpg\" \/><\/a><\/p>\n<p><a rel=\"lightbox[roadtrip]\" target=\"_blank\" href=\"http:\/\/www.schoene-nachrichten.de\/wp-content\/uploads\/2007\/10\/071006_Karg_13.jpg\" title=\"Foto: Max Colin Heydenreich\"><img decoding=\"async\" width=\"128\" src=\"http:\/\/www.schoene-nachrichten.de\/wp-content\/uploads\/2007\/10\/071006_Karg_13.thumbnail.jpg\" alt=\"071006_Karg_13.jpg\" \/><\/a> <a rel=\"lightbox[roadtrip]\" target=\"_blank\" href=\"http:\/\/www.schoene-nachrichten.de\/wp-content\/uploads\/2007\/10\/071006_Karg_14.jpg\" title=\"Foto: Max Colin Heydenreich\"><img decoding=\"async\" width=\"128\" src=\"http:\/\/www.schoene-nachrichten.de\/wp-content\/uploads\/2007\/10\/071006_Karg_14.thumbnail.jpg\" alt=\"071006_Karg_14.jpg\" \/><\/a> <a rel=\"lightbox[roadtrip]\" target=\"_blank\" href=\"http:\/\/www.schoene-nachrichten.de\/wp-content\/uploads\/2007\/10\/071006_Karg_16.jpg\" title=\"Foto: Max Colin Heydenreich\"><img decoding=\"async\" width=\"128\" src=\"http:\/\/www.schoene-nachrichten.de\/wp-content\/uploads\/2007\/10\/071006_Karg_16.thumbnail.jpg\" alt=\"071006_Karg_16.jpg\" \/><\/a><\/p>\n<p>Mittring gewann viermal hintereinander (2004-2007) bei der Mind Sports Olympiade die Goldmedaille im Kopfrechnen und darf den Titel eines Gro\u00dfmeisters im Kopfrechnen f\u00fchren. Au\u00dferdem gewann er 2005 die Silbermedaille in der Sparte Poker. Bei der 2. Kopfrechen-WM 2006 in Gie\u00dfen belegte er als bester Teilnehmer aus Deutschland Platz 3 hinter England und Holland.<\/p>\n<p><a rel=\"lightbox[roadtrip]\" target=\"_blank\" href=\"http:\/\/www.schoene-nachrichten.de\/wp-content\/uploads\/2007\/10\/071006_Karg_17.jpg\" title=\"Foto: Max Colin Heydenreich\"><img decoding=\"async\" width=\"128\" src=\"http:\/\/www.schoene-nachrichten.de\/wp-content\/uploads\/2007\/10\/071006_Karg_17.thumbnail.jpg\" alt=\"071006_Karg_17.jpg\" \/><\/a> <a rel=\"lightbox[roadtrip]\" target=\"_blank\" href=\"http:\/\/www.schoene-nachrichten.de\/wp-content\/uploads\/2007\/10\/071006_Karg_18.jpg\" title=\"Foto: Max Colin Heydenreich\"><img decoding=\"async\" width=\"128\" src=\"http:\/\/www.schoene-nachrichten.de\/wp-content\/uploads\/2007\/10\/071006_Karg_18.thumbnail.jpg\" alt=\"071006_Karg_18.jpg\" \/><\/a> <a rel=\"lightbox[roadtrip]\" target=\"_blank\" href=\"http:\/\/www.schoene-nachrichten.de\/wp-content\/uploads\/2007\/10\/071006_Karg_19.jpg\" title=\"Foto: Max Colin Heydenreich\"><img decoding=\"async\" width=\"128\" src=\"http:\/\/www.schoene-nachrichten.de\/wp-content\/uploads\/2007\/10\/071006_Karg_19.thumbnail.jpg\" alt=\"071006_Karg_19.jpg\" \/><\/a><\/p>\n<p><a rel=\"lightbox[roadtrip]\" target=\"_blank\" href=\"http:\/\/www.schoene-nachrichten.de\/wp-content\/uploads\/2007\/10\/071006_Karg_20.jpg\" title=\"Foto: Max Colin Heydenreich\"><img decoding=\"async\" width=\"128\" src=\"http:\/\/www.schoene-nachrichten.de\/wp-content\/uploads\/2007\/10\/071006_Karg_20.thumbnail.jpg\" alt=\"071006_Karg_20.jpg\" \/><\/a> <a rel=\"lightbox[roadtrip]\" target=\"_blank\" href=\"http:\/\/www.schoene-nachrichten.de\/wp-content\/uploads\/2007\/10\/071006_Karg_21.jpg\" title=\"Foto: Max Colin Heydenreich\"><img decoding=\"async\" width=\"128\" src=\"http:\/\/www.schoene-nachrichten.de\/wp-content\/uploads\/2007\/10\/071006_Karg_21.thumbnail.jpg\" alt=\"071006_Karg_21.jpg\" \/><\/a> <a rel=\"lightbox[roadtrip]\" target=\"_blank\" href=\"http:\/\/www.schoene-nachrichten.de\/wp-content\/uploads\/2007\/10\/071006_Karg_22.jpg\" title=\"Foto: Max Colin Heydenreich\"><img decoding=\"async\" width=\"128\" src=\"http:\/\/www.schoene-nachrichten.de\/wp-content\/uploads\/2007\/10\/071006_Karg_22.thumbnail.jpg\" alt=\"071006_Karg_22.jpg\" \/><\/a>\u00c2\u00a0<\/p>\n<p>Er arbeitet als freier Wissenschaftler haupts\u00e4chlich in der Hochbegabtendiagnostik gemeinsam mit Dr. Ida Flei\u00df sowie in der psychologischen Testtheorie und Testentwicklung. Als Algorithmenentwickler, Begabungsforscher und an der Gehirnforschung Interessierter hatte er zahlreiche Auftritte im deutschen Fernsehen, u.a. ist er regelm\u00e4\u00dfiger Gast in Sendungen\u00c2\u00a0mit G\u00fcnther Jauch, dessen Produktionsfirma I&amp;U er in mathematischen Fragen und Fragen der Hochbegabung ber\u00e4t.<\/p>\n<p><a rel=\"lightbox[roadtrip]\" target=\"_blank\" href=\"http:\/\/www.schoene-nachrichten.de\/wp-content\/uploads\/2007\/10\/071006_Karg_25.jpg\" title=\"Foto: Max Colin Heydenreich\"><img decoding=\"async\" width=\"128\" src=\"http:\/\/www.schoene-nachrichten.de\/wp-content\/uploads\/2007\/10\/071006_Karg_25.thumbnail.jpg\" alt=\"071006_Karg_25.jpg\" \/><\/a> <a rel=\"lightbox[roadtrip]\" target=\"_blank\" href=\"http:\/\/www.schoene-nachrichten.de\/wp-content\/uploads\/2007\/10\/071006_Karg_26.jpg\" title=\"Foto: Max Colin Heydenreich\"><img decoding=\"async\" width=\"128\" src=\"http:\/\/www.schoene-nachrichten.de\/wp-content\/uploads\/2007\/10\/071006_Karg_26.thumbnail.jpg\" alt=\"071006_Karg_26.jpg\" \/><\/a> <a rel=\"lightbox[roadtrip]\" target=\"_blank\" href=\"http:\/\/www.schoene-nachrichten.de\/wp-content\/uploads\/2007\/10\/071006_Karg_27.jpg\" title=\"Foto: Max Colin Heydenreich\"><img decoding=\"async\" width=\"128\" src=\"http:\/\/www.schoene-nachrichten.de\/wp-content\/uploads\/2007\/10\/071006_Karg_27.thumbnail.jpg\" alt=\"071006_Karg_27.jpg\" \/><\/a><\/p>\n<p><a rel=\"lightbox[roadtrip]\" target=\"_blank\" href=\"http:\/\/www.schoene-nachrichten.de\/wp-content\/uploads\/2007\/10\/071006_Karg_28.jpg\" title=\"Foto: Max Colin Heydenreich\"><img decoding=\"async\" width=\"128\" src=\"http:\/\/www.schoene-nachrichten.de\/wp-content\/uploads\/2007\/10\/071006_Karg_28.thumbnail.jpg\" alt=\"071006_Karg_28.jpg\" \/><\/a> <a rel=\"lightbox[roadtrip]\" target=\"_blank\" href=\"http:\/\/www.schoene-nachrichten.de\/wp-content\/uploads\/2007\/10\/071006_Karg_29.jpg\" title=\"Foto: Max Colin Heydenreich\"><img decoding=\"async\" width=\"128\" src=\"http:\/\/www.schoene-nachrichten.de\/wp-content\/uploads\/2007\/10\/071006_Karg_29.thumbnail.jpg\" alt=\"071006_Karg_29.jpg\" \/><\/a> <a rel=\"lightbox[roadtrip]\" target=\"_blank\" href=\"http:\/\/www.schoene-nachrichten.de\/wp-content\/uploads\/2007\/10\/071006_Karg_30.jpg\" title=\"Foto: Max Colin Heydenreich\"><img decoding=\"async\" width=\"128\" src=\"http:\/\/www.schoene-nachrichten.de\/wp-content\/uploads\/2007\/10\/071006_Karg_30.thumbnail.jpg\" alt=\"071006_Karg_30.jpg\" \/><\/a><\/p>\n<p>Mittring ist Mitglied im European Council for High Ability (ECHA) und im World Council for Gifted and Talented Children (WCGTC) sowie zahlreicher weiterer Arbeitskreise, die sich mit Begabtenforschung und Begabtenf\u00f6rderung besch\u00e4ftigen. Er ist ferner Bundestrainer des \u201eKIT-Clubs e. V.\u201c f\u00fcr Mathematik\/Rechnen\/Kopfrechnen und im Vorstand von Mensa \u00d6sterreich und war im Vorstand von Intertel.<\/p>\n<p><a rel=\"lightbox[roadtrip]\" target=\"_blank\" href=\"http:\/\/www.schoene-nachrichten.de\/wp-content\/uploads\/2007\/10\/071006_Karg_31.jpg\" title=\"Foto: Max Colin Heydenreich\"><img decoding=\"async\" width=\"128\" src=\"http:\/\/www.schoene-nachrichten.de\/wp-content\/uploads\/2007\/10\/071006_Karg_31.thumbnail.jpg\" alt=\"071006_Karg_31.jpg\" \/><\/a> <a rel=\"lightbox[roadtrip]\" target=\"_blank\" href=\"http:\/\/www.schoene-nachrichten.de\/wp-content\/uploads\/2007\/10\/071006_Karg_32.jpg\" title=\"Foto: Max Colin Heydenreich\"><img decoding=\"async\" width=\"128\" src=\"http:\/\/www.schoene-nachrichten.de\/wp-content\/uploads\/2007\/10\/071006_Karg_32.thumbnail.jpg\" alt=\"071006_Karg_32.jpg\" \/><\/a> <a rel=\"lightbox[roadtrip]\" target=\"_blank\" href=\"http:\/\/www.schoene-nachrichten.de\/wp-content\/uploads\/2007\/10\/071006_Karg_33.jpg\" title=\"Foto: Max Colin Heydenreich\"><img decoding=\"async\" width=\"128\" src=\"http:\/\/www.schoene-nachrichten.de\/wp-content\/uploads\/2007\/10\/071006_Karg_33.thumbnail.jpg\" alt=\"071006_Karg_33.jpg\" \/><\/a><\/p>\n<p><a rel=\"lightbox[roadtrip]\" target=\"_blank\" href=\"http:\/\/www.schoene-nachrichten.de\/wp-content\/uploads\/2007\/10\/071006_Karg_34.jpg\" title=\"Foto: Max Colin Heydenreich\"><img decoding=\"async\" width=\"128\" src=\"http:\/\/www.schoene-nachrichten.de\/wp-content\/uploads\/2007\/10\/071006_Karg_34.thumbnail.jpg\" alt=\"071006_Karg_34.jpg\" \/><\/a> <a rel=\"lightbox[roadtrip]\" target=\"_blank\" href=\"http:\/\/www.schoene-nachrichten.de\/wp-content\/uploads\/2007\/10\/071006_Karg_35.jpg\" title=\"Foto: Max Colin Heydenreich\"><img decoding=\"async\" width=\"128\" src=\"http:\/\/www.schoene-nachrichten.de\/wp-content\/uploads\/2007\/10\/071006_Karg_35.thumbnail.jpg\" alt=\"071006_Karg_35.jpg\" \/><\/a> <a rel=\"lightbox[roadtrip]\" target=\"_blank\" href=\"http:\/\/www.schoene-nachrichten.de\/wp-content\/uploads\/2007\/10\/071006_Karg_36.jpg\" title=\"Foto: Max Colin Heydenreich\"><img decoding=\"async\" width=\"128\" src=\"http:\/\/www.schoene-nachrichten.de\/wp-content\/uploads\/2007\/10\/071006_Karg_36.thumbnail.jpg\" alt=\"071006_Karg_36.jpg\" \/><\/a><\/p>\n<p><a rel=\"lightbox[roadtrip]\" target=\"_blank\" href=\"http:\/\/www.schoene-nachrichten.de\/wp-content\/uploads\/2007\/10\/071006_Karg_37.jpg\" title=\"Foto: Max Colin Heydenreich\"><img decoding=\"async\" width=\"128\" src=\"http:\/\/www.schoene-nachrichten.de\/wp-content\/uploads\/2007\/10\/071006_Karg_37.thumbnail.jpg\" alt=\"071006_Karg_37.jpg\" \/><\/a> <a rel=\"lightbox[roadtrip]\" target=\"_blank\" href=\"http:\/\/www.schoene-nachrichten.de\/wp-content\/uploads\/2007\/10\/071006_Karg_38.jpg\" title=\"Foto: Max Colin Heydenreich\"><img decoding=\"async\" width=\"128\" src=\"http:\/\/www.schoene-nachrichten.de\/wp-content\/uploads\/2007\/10\/071006_Karg_38.thumbnail.jpg\" alt=\"071006_Karg_38.jpg\" \/><\/a><\/p>\n<p><img decoding=\"async\" src=\"http:\/\/www.schoene-nachrichten.de\/wp-content\/uploads\/2007\/02\/x_sponsor.gif\" alt=\"x_sponsor.gif\" \/>[local \/wp-content\/uploads\/2007\/10\/071008_Karg.wmv]<\/p>\n","protected":false},"excerpt":{"rendered":"<div class=\"tmnf_excerpt\"><p>Sch\u00f6nes aus Fulda. Das kleine Einmaleins fand Gert Mittring\u00c2\u00a0schon im Kindergartenalter langweilig. Heute sind &#8220;einfache&#8221; Potenz- und Wurzelrechnungen\u00c2\u00a0wohl sowas wie\u00c2\u00a0&#8220;Aufw\u00e4rm\u00fcbungen&#8221; f\u00fcr ihn, denn der 41-J\u00e4hrige hat es zum Gro\u00dfmeister, mehrfachen Weltrekordler und dreifachen Olympia-Goldmedaillen Gewinner im Kopfrechnen gebracht.\u00c2\u00a0Am vergangenen Samstag war der Diplom-Informatiker, Doktor der Erziehungswissenschaften und\u00c2\u00a0Doktor der Psychologie mit der Karg-Stiftung zu Gast in &hellip;<\/p>\n<\/div>","protected":false},"author":1,"featured_media":0,"comment_status":"closed","ping_status":"closed","sticky":false,"template":"","format":"standard","meta":{"footnotes":""},"categories":[1,54,53,72,79,48],"tags":[],"class_list":["post-5759","post","type-post","status-publish","format-standard","hentry","category-startseite","category-bildergalerien","category-bildung","category-jugend","category-kino","category-forschung"],"_links":{"self":[{"href":"https:\/\/www.fuldaernachrichten.de\/index.php?rest_route=\/wp\/v2\/posts\/5759","targetHints":{"allow":["GET"]}}],"collection":[{"href":"https:\/\/www.fuldaernachrichten.de\/index.php?rest_route=\/wp\/v2\/posts"}],"about":[{"href":"https:\/\/www.fuldaernachrichten.de\/index.php?rest_route=\/wp\/v2\/types\/post"}],"author":[{"embeddable":true,"href":"https:\/\/www.fuldaernachrichten.de\/index.php?rest_route=\/wp\/v2\/users\/1"}],"replies":[{"embeddable":true,"href":"https:\/\/www.fuldaernachrichten.de\/index.php?rest_route=%2Fwp%2Fv2%2Fcomments&post=5759"}],"version-history":[{"count":1,"href":"https:\/\/www.fuldaernachrichten.de\/index.php?rest_route=\/wp\/v2\/posts\/5759\/revisions"}],"predecessor-version":[{"id":17472,"href":"https:\/\/www.fuldaernachrichten.de\/index.php?rest_route=\/wp\/v2\/posts\/5759\/revisions\/17472"}],"wp:attachment":[{"href":"https:\/\/www.fuldaernachrichten.de\/index.php?rest_route=%2Fwp%2Fv2%2Fmedia&parent=5759"}],"wp:term":[{"taxonomy":"category","embeddable":true,"href":"https:\/\/www.fuldaernachrichten.de\/index.php?rest_route=%2Fwp%2Fv2%2Fcategories&post=5759"},{"taxonomy":"post_tag","embeddable":true,"href":"https:\/\/www.fuldaernachrichten.de\/index.php?rest_route=%2Fwp%2Fv2%2Ftags&post=5759"}],"curies":[{"name":"wp","href":"https:\/\/api.w.org\/{rel}","templated":true}]}}