{"id":57460,"date":"2010-09-22T04:09:16","date_gmt":"2010-09-22T02:09:16","guid":{"rendered":"http:\/\/www.schoene-nachrichten.de\/?p=57460"},"modified":"2010-09-22T11:12:31","modified_gmt":"2010-09-22T09:12:31","slug":"neu-im-kino-the-town-kinostart-am-23-09-2010","status":"publish","type":"post","link":"https:\/\/www.fuldaernachrichten.de\/?p=57460","title":{"rendered":"Neu im Kino: The Town &#8211;  Kinostart am 23.09.2010"},"content":{"rendered":"<p><strong><a href=\"http:\/\/www.fuldaer-nachrichten.de\/wp-content\/uploads\/2010\/08\/100812_Town.jpg\"><img fetchpriority=\"high\" decoding=\"async\" class=\"alignleft size-thumbnail wp-image-66739\" title=\"100812_Town\" src=\"http:\/\/www.fuldaer-nachrichten.de\/wp-content\/uploads\/2010\/08\/100812_Town-265x353.jpg\" alt=\"\" width=\"265\" height=\"353\" srcset=\"https:\/\/www.fuldaernachrichten.de\/wp-content\/uploads\/2010\/08\/100812_Town-265x353.jpg 265w, https:\/\/www.fuldaernachrichten.de\/wp-content\/uploads\/2010\/08\/100812_Town.jpg 399w\" sizes=\"(max-width: 265px) 100vw, 265px\" \/><\/a>Kino. <\/strong>Affleck spielt Doug MacRay, der mit drei Freunden (darunter Jeremy  Renner) eine Bank \u00fcberf\u00e4llt. Dabei nehmen sie die Direktorin Claire  Keesey (Rebecca Hall) als Geisel &#8211; in die MacRay sich schlie\u00dflich  verliebt. Doch auch ein FBI-Agent (Jon Hamm), der ihn jagt, verf\u00e4llt der  sch\u00f6nen Bankerin. MacRay beschlie\u00dft, einen allerletzten Coup zu landen  und danach ein neues Leben anzufangen&#8230;<\/p>\n<p><strong>Kinostart: 23.09.2010<br \/>\n<\/strong><\/p>\n","protected":false},"excerpt":{"rendered":"<div class=\"tmnf_excerpt\"><p>Kino. Affleck spielt Doug MacRay, der mit drei Freunden (darunter Jeremy Renner) eine Bank \u00fcberf\u00e4llt. Dabei nehmen sie die Direktorin Claire Keesey (Rebecca Hall) als Geisel &#8211; in die MacRay sich schlie\u00dflich verliebt. Doch auch ein FBI-Agent (Jon Hamm), der ihn jagt, verf\u00e4llt der sch\u00f6nen Bankerin. MacRay beschlie\u00dft, einen allerletzten Coup zu landen und danach &hellip;<\/p>\n<\/div>","protected":false},"author":1,"featured_media":0,"comment_status":"closed","ping_status":"closed","sticky":false,"template":"","format":"standard","meta":{"footnotes":""},"categories":[1,79],"tags":[],"class_list":["post-57460","post","type-post","status-publish","format-standard","hentry","category-startseite","category-kino"],"_links":{"self":[{"href":"https:\/\/www.fuldaernachrichten.de\/index.php?rest_route=\/wp\/v2\/posts\/57460","targetHints":{"allow":["GET"]}}],"collection":[{"href":"https:\/\/www.fuldaernachrichten.de\/index.php?rest_route=\/wp\/v2\/posts"}],"about":[{"href":"https:\/\/www.fuldaernachrichten.de\/index.php?rest_route=\/wp\/v2\/types\/post"}],"author":[{"embeddable":true,"href":"https:\/\/www.fuldaernachrichten.de\/index.php?rest_route=\/wp\/v2\/users\/1"}],"replies":[{"embeddable":true,"href":"https:\/\/www.fuldaernachrichten.de\/index.php?rest_route=%2Fwp%2Fv2%2Fcomments&post=57460"}],"version-history":[{"count":9,"href":"https:\/\/www.fuldaernachrichten.de\/index.php?rest_route=\/wp\/v2\/posts\/57460\/revisions"}],"predecessor-version":[{"id":70893,"href":"https:\/\/www.fuldaernachrichten.de\/index.php?rest_route=\/wp\/v2\/posts\/57460\/revisions\/70893"}],"wp:attachment":[{"href":"https:\/\/www.fuldaernachrichten.de\/index.php?rest_route=%2Fwp%2Fv2%2Fmedia&parent=57460"}],"wp:term":[{"taxonomy":"category","embeddable":true,"href":"https:\/\/www.fuldaernachrichten.de\/index.php?rest_route=%2Fwp%2Fv2%2Fcategories&post=57460"},{"taxonomy":"post_tag","embeddable":true,"href":"https:\/\/www.fuldaernachrichten.de\/index.php?rest_route=%2Fwp%2Fv2%2Ftags&post=57460"}],"curies":[{"name":"wp","href":"https:\/\/api.w.org\/{rel}","templated":true}]}}