{"id":57368,"date":"2010-08-26T02:14:06","date_gmt":"2010-08-26T00:14:06","guid":{"rendered":"http:\/\/www.schoene-nachrichten.de\/?p=57368"},"modified":"2010-08-26T13:14:44","modified_gmt":"2010-08-26T11:14:44","slug":"neu-im-kino-dinner-fuer-spinner-kinostart-02-09-2010","status":"publish","type":"post","link":"https:\/\/www.fuldaernachrichten.de\/?p=57368","title":{"rendered":"Neu im Kino: Dinner f\u00fcr Spinner &#8211; Kinostart 02.09.2010"},"content":{"rendered":"<p><strong><a href=\"http:\/\/www.schoene-nachrichten.de\/wp-content\/uploads\/2010\/04\/100415_Dinner.jpg\"><img fetchpriority=\"high\" decoding=\"async\" class=\"alignleft size-thumbnail wp-image-57369\" title=\"100415_Dinner\" src=\"http:\/\/www.schoene-nachrichten.de\/wp-content\/uploads\/2010\/04\/100415_Dinner-265x378.jpg\" alt=\"100415_Dinner\" width=\"265\" height=\"378\" srcset=\"https:\/\/www.fuldaernachrichten.de\/wp-content\/uploads\/2010\/04\/100415_Dinner-265x378.jpg 265w, https:\/\/www.fuldaernachrichten.de\/wp-content\/uploads\/2010\/04\/100415_Dinner.jpg 399w\" sizes=\"(max-width: 265px) 100vw, 265px\" \/><\/a>Kino. <\/strong>Die neue Kom\u00f6die von \u201eMeine Braut, ihr Vater und ich&#8221;-Macher Jay Roach  erz\u00e4hlt die Geschichte des aufstrebenden Managers Tim (Paul Rudd), der  gerade seine erste Einladung zum sogenannten \u201eDinner f\u00fcr Spinner&#8221;  erhalten hat &#8211; ein monatlicher Event seines Chefs, bei dem man sich  Pluspunkte und andere Vorteile verschaffen kann, indem man mit dem  gr\u00f6\u00dften Idioten auftaucht. Tims Verlobte Julie ist entsetzt und findet  die Idee absolut geschmacklos, also ist Tim entschlossen, das Abendessen  abzusagen. Doch dann lernt er Barry (Steve Carell) kennen, einen  Angestellten der Steuerbeh\u00f6rde, der in seiner Freizeit ausgekl\u00fcgelte  Schauk\u00e4sten mit ausgestopften M\u00e4usen bastelt. <!--more--><\/p>\n<p>Sofort ist ihm bewusst,  dass er einen Volltreffer gelandet hat: So ein Spinner ist ihm noch nie  \u00fcber den Weg gelaufen! Tim l\u00e4dt Barry als Ehrengast zum \u201eDinner f\u00fcr  Spinner&#8221; ein. Und l\u00f6st damit eine Kette unvorhergesehener Ereignisse  aus, die sein Leben auf den Kopf stellen, einen sicher geglaubten Deal  seiner Firma gef\u00e4hrden, Tims durch geknallte Ex-Freundin Carla auf den  Plan rufen und Julie &#8211; wie er glaubt &#8211; einem anderen Mann in die Arme  treiben &#8230;<\/p>\n<p><strong> Kinostart: 02.09.2010<\/strong><\/p>\n","protected":false},"excerpt":{"rendered":"<div class=\"tmnf_excerpt\"><p>Kino. Die neue Kom\u00f6die von \u201eMeine Braut, ihr Vater und ich&#8221;-Macher Jay Roach erz\u00e4hlt die Geschichte des aufstrebenden Managers Tim (Paul Rudd), der gerade seine erste Einladung zum sogenannten \u201eDinner f\u00fcr Spinner&#8221; erhalten hat &#8211; ein monatlicher Event seines Chefs, bei dem man sich Pluspunkte und andere Vorteile verschaffen kann, indem man mit dem gr\u00f6\u00dften &hellip;<\/p>\n<\/div>","protected":false},"author":1,"featured_media":0,"comment_status":"closed","ping_status":"closed","sticky":false,"template":"","format":"standard","meta":{"footnotes":""},"categories":[1,79],"tags":[],"class_list":["post-57368","post","type-post","status-publish","format-standard","hentry","category-startseite","category-kino"],"_links":{"self":[{"href":"https:\/\/www.fuldaernachrichten.de\/index.php?rest_route=\/wp\/v2\/posts\/57368","targetHints":{"allow":["GET"]}}],"collection":[{"href":"https:\/\/www.fuldaernachrichten.de\/index.php?rest_route=\/wp\/v2\/posts"}],"about":[{"href":"https:\/\/www.fuldaernachrichten.de\/index.php?rest_route=\/wp\/v2\/types\/post"}],"author":[{"embeddable":true,"href":"https:\/\/www.fuldaernachrichten.de\/index.php?rest_route=\/wp\/v2\/users\/1"}],"replies":[{"embeddable":true,"href":"https:\/\/www.fuldaernachrichten.de\/index.php?rest_route=%2Fwp%2Fv2%2Fcomments&post=57368"}],"version-history":[{"count":6,"href":"https:\/\/www.fuldaernachrichten.de\/index.php?rest_route=\/wp\/v2\/posts\/57368\/revisions"}],"predecessor-version":[{"id":68020,"href":"https:\/\/www.fuldaernachrichten.de\/index.php?rest_route=\/wp\/v2\/posts\/57368\/revisions\/68020"}],"wp:attachment":[{"href":"https:\/\/www.fuldaernachrichten.de\/index.php?rest_route=%2Fwp%2Fv2%2Fmedia&parent=57368"}],"wp:term":[{"taxonomy":"category","embeddable":true,"href":"https:\/\/www.fuldaernachrichten.de\/index.php?rest_route=%2Fwp%2Fv2%2Fcategories&post=57368"},{"taxonomy":"post_tag","embeddable":true,"href":"https:\/\/www.fuldaernachrichten.de\/index.php?rest_route=%2Fwp%2Fv2%2Ftags&post=57368"}],"curies":[{"name":"wp","href":"https:\/\/api.w.org\/{rel}","templated":true}]}}