{"id":5704,"date":"2007-10-04T01:33:49","date_gmt":"2007-10-03T23:33:49","guid":{"rendered":"http:\/\/www.schoene-nachrichten.de\/?p=5704"},"modified":"2007-10-05T02:34:58","modified_gmt":"2007-10-05T00:34:58","slug":"dr-wingenfeld-und-dr-dippel-besuchten-winfriedschule","status":"publish","type":"post","link":"https:\/\/www.fuldaernachrichten.de\/?p=5704","title":{"rendered":"Dr. Wingenfeld und Dr. Dippel besuchten Winfriedschule"},"content":{"rendered":"<p><strong>Sch\u00f6nes aus Fulda.<\/strong>\u00c2\u00a0Seit Mai diesen Jahres wird an der Winfriedschule in Fulda gebaut. Der Landkreis Fulda investiert als Schultr\u00e4ger insgesamt 867.000 Euro in den Neubau von Mensa, Mediothek und Aufenthaltsr\u00e4umen, damit das Gymnasium sein Ganztagsangebot erweitern kann. Nachdem Ende August Richtfest gefeiert werden konnte, geht jetzt der Innenausbau mit gro\u00dfen Schritten voran.<\/p>\n<p><strong>Fotos (3):<\/strong> Landkreis Fulda<\/p>\n<p><a rel=\"lightbox[roadtrip]\" href=\"http:\/\/www.schoene-nachrichten.de\/wp-content\/uploads\/2007\/10\/071004_winfriedschule_3.jpg\" title=\"071004_winfriedschule_3.jpg\"><img decoding=\"async\" src=\"http:\/\/www.schoene-nachrichten.de\/wp-content\/uploads\/2007\/10\/071004_winfriedschule_3.thumbnail.jpg\" alt=\"071004_winfriedschule_3.jpg\" \/><\/a>\u00c2\u00a0<a rel=\"lightbox[roadtrip]\" href=\"http:\/\/www.schoene-nachrichten.de\/wp-content\/uploads\/2007\/10\/071004_winfriedschule_2.jpg\" title=\"071004_winfriedschule_2.jpg\"><img decoding=\"async\" src=\"http:\/\/www.schoene-nachrichten.de\/wp-content\/uploads\/2007\/10\/071004_winfriedschule_2.thumbnail.jpg\" alt=\"071004_winfriedschule_2.jpg\" \/><\/a>\u00c2\u00a0<a rel=\"lightbox[roadtrip]\" href=\"http:\/\/www.schoene-nachrichten.de\/wp-content\/uploads\/2007\/10\/071004_winfriedschule_1.jpg\" title=\"071004_winfriedschule_1.jpg\"><img decoding=\"async\" src=\"http:\/\/www.schoene-nachrichten.de\/wp-content\/uploads\/2007\/10\/071004_winfriedschule_1.thumbnail.jpg\" alt=\"071004_winfriedschule_1.jpg\" \/><\/a><!--more--><\/p>\n<p>Erster Kreisbeigeordneter Dr. Heiko Wingenfeld und Fuldas B\u00fcrgermeister Dr. Wolfgang Dippel informierten sich k\u00fcrzlich \u00fcber die Baufortschritte sowie \u00fcber die allgemeinen Lernbedingungen an der Winfriedschule. Dar\u00fcber hinaus nutzten sie den Besichtigungstermin, um mit Schulleiter Dr. Rudolf Summa \u00fcber aktuelle bildungspolitische Themen zu diskutieren. Die Themen reichten von der PISA-Studie \u00fcber die Verk\u00fcrzung der Gymnasialzeit von neun auf acht Jahre, Ganztagsangebote und Klassengr\u00f6\u00dfen bis hin zu Erziehungsproblemen sowie die k\u00fcnftige Entwicklung des Schul- und Bildungswesens.<\/p>\n<p>Die Winfriedschule, die sich seit 1955 in der Tr\u00e4gerschaft des Landkreises Fulda befindet, wird von 1.260 Sch\u00fclerinnen und Sch\u00fclern aus dem Kreis- und Stadtgebiet besucht. Das Lehrerkollegium besteht derzeit aus 80 Lehrerinnen und Lehrern, die in den unterschiedlichsten Fachbereichen unterrichten.<\/p>\n<p>\u201eDie PISA-Studie hat uns wach ger\u00fcttelt, einiges in Bewegung gebracht und der Bildung in Deutschland zu einem neuen Stellenwert verholfen\u201c, sagte Oberstudiendirektor Dr. Summa. Allerdings gebe es in vielen Bereichen noch deutlichen Handlungsbedarf. Den sieht Summa unter anderem in der Senkung der Klassengr\u00f6\u00dfen. \u201eAn dieser Schraube zu drehen, w\u00fcrde sich auszahlen\u201c, meint der Oberstudiendirektor.<\/p>\n<p>Denn bei \u00fcberschaubareren Klassengr\u00f6\u00dfen sei es leichter, moderne Arbeitsformen wie Gruppen- oder Projektarbeit in den Unterrichtsalltag einzubauen und somit auch auf die jeweiligen St\u00e4rken und Schw\u00e4chen der Sch\u00fclerinnen und Sch\u00fcler einzugehen. \u201eUm das Bildungspotenzial besser auszusch\u00f6pfen, um im internationalen Wettbewerb langfristig mithalten zu k\u00f6nnen, m\u00fcssen wir gezielt auf die Lernbed\u00fcrfnisse der einzelnen Sch\u00fclerinnen und Sch\u00fcler eingehen\u201c, betonte Erster Kreisbeigeordneter Dr. Heiko Wingenfeld.<\/p>\n<p>Dass sich ein entsprechendes Schulklima und Lernumfeld positiv auf die Leistungen der Sch\u00fcler und Lehrer auswirke, unterstrich B\u00fcrgermeister Dr. Dippel. \u201eSch\u00fcler und P\u00e4dagogen m\u00fcssen sich in der Schule wohl f\u00fchlen, dann stimmen auch die Ergebnisse\u201c, sagte Dippel. Deshalb investierten Stadt und Landkreis Fulda als Schultr\u00e4ger seit Jahren in den Ausbau und die Modernisierung der Schulen.<\/p>\n<p>Zudem diskutierten Dr. Wingenfeld, Dr. Dippel und Dr. Summa \u00fcber die Eigenverantwortung der Schulen, die Neuausrichtung von Kompetenzen und Verantwortungen und in diesem Zusammenhang \u00fcber die bislang praktizierte systematische Trennung zwischen inneren und \u00e4u\u00dferen Schulangelegenheiten.<\/p>\n","protected":false},"excerpt":{"rendered":"<div class=\"tmnf_excerpt\"><p>Sch\u00f6nes aus Fulda.\u00c2\u00a0Seit Mai diesen Jahres wird an der Winfriedschule in Fulda gebaut. Der Landkreis Fulda investiert als Schultr\u00e4ger insgesamt 867.000 Euro in den Neubau von Mensa, Mediothek und Aufenthaltsr\u00e4umen, damit das Gymnasium sein Ganztagsangebot erweitern kann. Nachdem Ende August Richtfest gefeiert werden konnte, geht jetzt der Innenausbau mit gro\u00dfen Schritten voran. Fotos (3): Landkreis &hellip;<\/p>\n<\/div>","protected":false},"author":1,"featured_media":0,"comment_status":"closed","ping_status":"closed","sticky":false,"template":"","format":"standard","meta":{"footnotes":""},"categories":[1,53,72,29],"tags":[],"class_list":["post-5704","post","type-post","status-publish","format-standard","hentry","category-startseite","category-bildung","category-jugend","category-politik"],"_links":{"self":[{"href":"https:\/\/www.fuldaernachrichten.de\/index.php?rest_route=\/wp\/v2\/posts\/5704","targetHints":{"allow":["GET"]}}],"collection":[{"href":"https:\/\/www.fuldaernachrichten.de\/index.php?rest_route=\/wp\/v2\/posts"}],"about":[{"href":"https:\/\/www.fuldaernachrichten.de\/index.php?rest_route=\/wp\/v2\/types\/post"}],"author":[{"embeddable":true,"href":"https:\/\/www.fuldaernachrichten.de\/index.php?rest_route=\/wp\/v2\/users\/1"}],"replies":[{"embeddable":true,"href":"https:\/\/www.fuldaernachrichten.de\/index.php?rest_route=%2Fwp%2Fv2%2Fcomments&post=5704"}],"version-history":[{"count":0,"href":"https:\/\/www.fuldaernachrichten.de\/index.php?rest_route=\/wp\/v2\/posts\/5704\/revisions"}],"wp:attachment":[{"href":"https:\/\/www.fuldaernachrichten.de\/index.php?rest_route=%2Fwp%2Fv2%2Fmedia&parent=5704"}],"wp:term":[{"taxonomy":"category","embeddable":true,"href":"https:\/\/www.fuldaernachrichten.de\/index.php?rest_route=%2Fwp%2Fv2%2Fcategories&post=5704"},{"taxonomy":"post_tag","embeddable":true,"href":"https:\/\/www.fuldaernachrichten.de\/index.php?rest_route=%2Fwp%2Fv2%2Ftags&post=5704"}],"curies":[{"name":"wp","href":"https:\/\/api.w.org\/{rel}","templated":true}]}}