{"id":5693,"date":"2007-10-05T01:56:46","date_gmt":"2007-10-04T23:56:46","guid":{"rendered":"http:\/\/www.schoene-nachrichten.de\/?p=5693"},"modified":"2007-10-05T02:12:10","modified_gmt":"2007-10-05T00:12:10","slug":"aerzte-des-klinikums-retten-jungen-nigerianerin-17-das-leben","status":"publish","type":"post","link":"https:\/\/www.fuldaernachrichten.de\/?p=5693","title":{"rendered":"\u00c4rzte des Klinikums retten Nigerianerin (17) das Leben"},"content":{"rendered":"<p><strong>Sch\u00f6nes aus Fulda.<\/strong> Herzfehler, schwere Leber- und Nierensch\u00e4den, f\u00fcnf Wochen k\u00fcnstliches Koma, sechseinhalb Wochen Intensivstation \u2013 die 17-j\u00e4hrige Christiana aus Nigeria hat eine schwere Zeit hinter sich. Wochenlang haben \u00c4rzte des Klinikums Fulda um das Leben der jungen Frau gek\u00e4mpft. Heute gilt Christiana zwar noch nicht als geheilt, aber zumindest geht es ihr so gut, dass sie in der n\u00e4chsten Woche zur\u00fcck in ihre Heimat fliegen kann.<\/p>\n<p><strong>Fotos (18):<\/strong> Max Colin Heydenreich<\/p>\n<p><a rel=\"lightbox[roadtrip]\" target=\"_blank\" href=\"http:\/\/www.schoene-nachrichten.de\/wp-content\/uploads\/2007\/10\/071004_Klinikum_16.jpg\" title=\"Foto: Max Colin Heydenreich\"><img decoding=\"async\" width=\"128\" src=\"http:\/\/www.schoene-nachrichten.de\/wp-content\/uploads\/2007\/10\/071004_Klinikum_16.thumbnail.jpg\" alt=\"071004_Klinikum_16.jpg\" \/><\/a>\u00c2\u00a0<a rel=\"lightbox[roadtrip]\" target=\"_blank\" href=\"http:\/\/www.schoene-nachrichten.de\/wp-content\/uploads\/2007\/10\/071004_Klinikum_18.jpg\" title=\"Foto: Max Colin Heydenreich\"><img decoding=\"async\" width=\"128\" src=\"http:\/\/www.schoene-nachrichten.de\/wp-content\/uploads\/2007\/10\/071004_Klinikum_18.thumbnail.jpg\" alt=\"071004_Klinikum_18.jpg\" \/><\/a> <a rel=\"lightbox[roadtrip]\" target=\"_blank\" href=\"http:\/\/www.schoene-nachrichten.de\/wp-content\/uploads\/2007\/10\/071004_Klinikum_09.jpg\" title=\"Foto: Max Colin Heydenreich\"><img decoding=\"async\" width=\"128\" src=\"http:\/\/www.schoene-nachrichten.de\/wp-content\/uploads\/2007\/10\/071004_Klinikum_09.thumbnail.jpg\" alt=\"071004_Klinikum_09.jpg\" \/><\/a><\/p>\n<p><a rel=\"lightbox[roadtrip]\" target=\"_blank\" href=\"http:\/\/www.schoene-nachrichten.de\/wp-content\/uploads\/2007\/10\/071004_Klinikum_13.jpg\" title=\"Foto: Max Colin Heydenreich\"><img decoding=\"async\" width=\"128\" src=\"http:\/\/www.schoene-nachrichten.de\/wp-content\/uploads\/2007\/10\/071004_Klinikum_13.thumbnail.jpg\" alt=\"071004_Klinikum_13.jpg\" \/><\/a> <a rel=\"lightbox[roadtrip]\" target=\"_blank\" href=\"http:\/\/www.schoene-nachrichten.de\/wp-content\/uploads\/2007\/10\/071004_Klinikum_08.jpg\" title=\"Foto: Max Colin Heydenreich\"><img decoding=\"async\" width=\"128\" src=\"http:\/\/www.schoene-nachrichten.de\/wp-content\/uploads\/2007\/10\/071004_Klinikum_08.thumbnail.jpg\" alt=\"071004_Klinikum_08.jpg\" \/><\/a> <a rel=\"lightbox[roadtrip]\" target=\"_blank\" href=\"http:\/\/www.schoene-nachrichten.de\/wp-content\/uploads\/2007\/10\/071004_Klinikum_12.jpg\" title=\"Foto: Max Colin Heydenreich\"><img decoding=\"async\" width=\"128\" src=\"http:\/\/www.schoene-nachrichten.de\/wp-content\/uploads\/2007\/10\/071004_Klinikum_12.thumbnail.jpg\" alt=\"071004_Klinikum_12.jpg\" \/><\/a><\/p>\n<p><!--more--><\/p>\n<p>Dass sie Hilfe im Klinikum Fulda bekam, hat sie Pfarrer Dr. Nicholas Okpe aus Nigeria zu verdanken. Okpe k\u00fcmmert sich in Nigeria um die Menschen, denen es aus gesundheitlichen oder seelischen Gr\u00fcnden schlecht geht. Der Pfarrer hatte in den 90-er Jahren in Fulda studiert und sich im \u201eFall Christiana\u201c an die \u00c4rzte des Klinikums gewand.<\/p>\n<p><a rel=\"lightbox[roadtrip]\" target=\"_blank\" href=\"http:\/\/www.schoene-nachrichten.de\/wp-content\/uploads\/2007\/10\/071004_Klinikum_06.jpg\" title=\"Foto: Max Colin Heydenreich\"><img decoding=\"async\" width=\"128\" src=\"http:\/\/www.schoene-nachrichten.de\/wp-content\/uploads\/2007\/10\/071004_Klinikum_06.thumbnail.jpg\" alt=\"071004_Klinikum_06.jpg\" \/><\/a>\u00c2\u00a0<a rel=\"lightbox[roadtrip]\" target=\"_blank\" href=\"http:\/\/www.schoene-nachrichten.de\/wp-content\/uploads\/2007\/10\/071004_Klinikum_02.jpg\" title=\"Foto: Max Colin Heydenreich\"><img decoding=\"async\" width=\"128\" src=\"http:\/\/www.schoene-nachrichten.de\/wp-content\/uploads\/2007\/10\/071004_Klinikum_02.thumbnail.jpg\" alt=\"071004_Klinikum_02.jpg\" \/><\/a> <a rel=\"lightbox[roadtrip]\" target=\"_blank\" href=\"http:\/\/www.schoene-nachrichten.de\/wp-content\/uploads\/2007\/10\/071004_Klinikum_01.jpg\" title=\"Foto: Max Colin Heydenreich\"><img decoding=\"async\" width=\"128\" src=\"http:\/\/www.schoene-nachrichten.de\/wp-content\/uploads\/2007\/10\/071004_Klinikum_01.thumbnail.jpg\" alt=\"071004_Klinikum_01.jpg\" \/><\/a><\/p>\n<p><a rel=\"lightbox[roadtrip]\" target=\"_blank\" href=\"http:\/\/www.schoene-nachrichten.de\/wp-content\/uploads\/2007\/10\/071004_Klinikum_04.jpg\" title=\"Foto: Max Colin Heydenreich\"><img decoding=\"async\" width=\"128\" src=\"http:\/\/www.schoene-nachrichten.de\/wp-content\/uploads\/2007\/10\/071004_Klinikum_04.thumbnail.jpg\" alt=\"071004_Klinikum_04.jpg\" \/><\/a>\u00c2\u00a0<a rel=\"lightbox[roadtrip]\" target=\"_blank\" href=\"http:\/\/www.schoene-nachrichten.de\/wp-content\/uploads\/2007\/10\/071004_Klinikum_14.jpg\" title=\"Foto: Max Colin Heydenreich\"><img decoding=\"async\" width=\"128\" src=\"http:\/\/www.schoene-nachrichten.de\/wp-content\/uploads\/2007\/10\/071004_Klinikum_14.thumbnail.jpg\" alt=\"071004_Klinikum_14.jpg\" \/><\/a>\u00c2\u00a0<a rel=\"lightbox[roadtrip]\" target=\"_blank\" href=\"http:\/\/www.schoene-nachrichten.de\/wp-content\/uploads\/2007\/10\/071004_Klinikum_05.jpg\" title=\"Foto: Max Colin Heydenreich\"><img decoding=\"async\" width=\"128\" src=\"http:\/\/www.schoene-nachrichten.de\/wp-content\/uploads\/2007\/10\/071004_Klinikum_05.thumbnail.jpg\" alt=\"071004_Klinikum_05.jpg\" \/><\/a><\/p>\n<p>Schnell hatte die Klinikumsleitung beschlossen, Christiana zu helfen. PD Dr. Hilmar D\u00f6rge, Direktor der Klinik f\u00fcr Herz- und Thoraxchirurgie, Prof. Dr. Clemens-Alexander Greim, Direktor der Klinik f\u00fcr An\u00e4sthesiologie, Intensiv- und Notfallmedizin und Prof. Dr. Tassilo Bonzel, Direktor der Medizinischen Klink I, behandelten die junge Frau, die am 17. Juli mit dem Flugzeug nach Deutschland kam.<\/p>\n<p>\u201eEs war eigentlich ein Wunder, dass sie diesen Flug \u00fcberlebt hat. Wir haben sie hier bei uns aufgenommen und mussten feststellen, dass die Situation noch wesentlich schlimmer war, als\u00c2\u00a0 angenommen\u201c, berichtete PD Dr. D\u00f6rge.<\/p>\n<p><a rel=\"lightbox[roadtrip]\" target=\"_blank\" href=\"http:\/\/www.schoene-nachrichten.de\/wp-content\/uploads\/2007\/10\/071004_Klinikum_07.jpg\" title=\"Foto: Max Colin Heydenreich\"><img decoding=\"async\" width=\"128\" src=\"http:\/\/www.schoene-nachrichten.de\/wp-content\/uploads\/2007\/10\/071004_Klinikum_07.thumbnail.jpg\" alt=\"071004_Klinikum_07.jpg\" \/><\/a>\u00c2\u00a0<a rel=\"lightbox[roadtrip]\" target=\"_blank\" href=\"http:\/\/www.schoene-nachrichten.de\/wp-content\/uploads\/2007\/10\/071004_Klinikum_10.jpg\" title=\"Foto: Max Colin Heydenreich\"><img decoding=\"async\" width=\"128\" src=\"http:\/\/www.schoene-nachrichten.de\/wp-content\/uploads\/2007\/10\/071004_Klinikum_10.thumbnail.jpg\" alt=\"071004_Klinikum_10.jpg\" \/><\/a> <a rel=\"lightbox[roadtrip]\" target=\"_blank\" href=\"http:\/\/www.schoene-nachrichten.de\/wp-content\/uploads\/2007\/10\/071004_Klinikum_11.jpg\" title=\"Foto: Max Colin Heydenreich\"><img decoding=\"async\" width=\"128\" src=\"http:\/\/www.schoene-nachrichten.de\/wp-content\/uploads\/2007\/10\/071004_Klinikum_11.thumbnail.jpg\" alt=\"071004_Klinikum_11.jpg\" \/><\/a><\/p>\n<p><a rel=\"lightbox[roadtrip]\" target=\"_blank\" href=\"http:\/\/www.schoene-nachrichten.de\/wp-content\/uploads\/2007\/10\/071004_Klinikum_17.jpg\" title=\"Foto: Max Colin Heydenreich\"><img decoding=\"async\" width=\"128\" src=\"http:\/\/www.schoene-nachrichten.de\/wp-content\/uploads\/2007\/10\/071004_Klinikum_17.thumbnail.jpg\" alt=\"071004_Klinikum_17.jpg\" \/><\/a>\u00c2\u00a0<a rel=\"lightbox[roadtrip]\" target=\"_blank\" href=\"http:\/\/www.schoene-nachrichten.de\/wp-content\/uploads\/2007\/10\/071004_Klinikum_03.jpg\" title=\"Foto: Max Colin Heydenreich\"><img decoding=\"async\" width=\"128\" src=\"http:\/\/www.schoene-nachrichten.de\/wp-content\/uploads\/2007\/10\/071004_Klinikum_03.thumbnail.jpg\" alt=\"071004_Klinikum_03.jpg\" \/><\/a> <a rel=\"lightbox[roadtrip]\" target=\"_blank\" href=\"http:\/\/www.schoene-nachrichten.de\/wp-content\/uploads\/2007\/10\/071004_Klinikum_15.jpg\" title=\"Foto: Max Colin Heydenreich\"><img decoding=\"async\" width=\"128\" src=\"http:\/\/www.schoene-nachrichten.de\/wp-content\/uploads\/2007\/10\/071004_Klinikum_15.thumbnail.jpg\" alt=\"071004_Klinikum_15.jpg\" \/><\/a><\/p>\n<p>Christianas Leben hing am seidenen Faden. Sie musste notoperiert werden und bei der OP wurde ein angeborener Herzfehler festgestellt. Daraufhin wurde der 17-J\u00e4hrigen eine biologische Herzklappe eingesetzt und alles unternommen, um die junge Frau wieder zu stabilisieren. Ohne Operation und professionelle medizinische Versorgung w\u00e4re Christiana heute nicht mehr am Leben, so die Experten. \u201eDass diese Patientin \u00fcberlebt hat, ist eine gro\u00dfe chirurgische Leistung\u201c, sagte Prof. Dr. Bonzel.<\/p>\n<p>Prof. Dr. Reiner D\u00f6lp, Vorstand des Klinikums dankte allen, die sich so f\u00fcr Christiana engagiert haben. \u201eOhne diese Bereitschaft w\u00e4re all das nicht m\u00f6glich gewesen.\u201c Die Kosten, die sich im f\u00fcnfstelligen Bereich bewegen, werden laut D\u00f6lp vom Klinikum getragen.<\/p>\n<p>Christiana geht es inzwischen so gut, dass sie\u00c2\u00a0gestern an einem\u00c2\u00a0Pressegespr\u00e4ch teilnehmen konnte. Ihr Zustand ist stabil und die Einnahme von Tabletten hat sich stark reduziert. Obwohl sie nach vielen Wochen im Klinikum freundschaftliche Beziehungen zu \u00c4rzten und Pflegepersonal aufgebaut hat, freut sie sich auf ihre Heimat. Und sie hat auch schon Pl\u00e4ne gemacht: \u201eWenn ich nach Hause komme, dann werde ich als erstes eine gute Mahlzeit aus unserem Land essen\u201c, schmunzelte Christiana. (Sandra G\u00fcnther\/hey)<\/p>\n","protected":false},"excerpt":{"rendered":"<div class=\"tmnf_excerpt\"><p>Sch\u00f6nes aus Fulda. Herzfehler, schwere Leber- und Nierensch\u00e4den, f\u00fcnf Wochen k\u00fcnstliches Koma, sechseinhalb Wochen Intensivstation \u2013 die 17-j\u00e4hrige Christiana aus Nigeria hat eine schwere Zeit hinter sich. Wochenlang haben \u00c4rzte des Klinikums Fulda um das Leben der jungen Frau gek\u00e4mpft. Heute gilt Christiana zwar noch nicht als geheilt, aber zumindest geht es ihr so gut, &hellip;<\/p>\n<\/div>","protected":false},"author":1,"featured_media":0,"comment_status":"closed","ping_status":"closed","sticky":false,"template":"","format":"standard","meta":{"footnotes":""},"categories":[1,54,51,48],"tags":[],"class_list":["post-5693","post","type-post","status-publish","format-standard","hentry","category-startseite","category-bildergalerien","category-medizin","category-forschung"],"_links":{"self":[{"href":"https:\/\/www.fuldaernachrichten.de\/index.php?rest_route=\/wp\/v2\/posts\/5693","targetHints":{"allow":["GET"]}}],"collection":[{"href":"https:\/\/www.fuldaernachrichten.de\/index.php?rest_route=\/wp\/v2\/posts"}],"about":[{"href":"https:\/\/www.fuldaernachrichten.de\/index.php?rest_route=\/wp\/v2\/types\/post"}],"author":[{"embeddable":true,"href":"https:\/\/www.fuldaernachrichten.de\/index.php?rest_route=\/wp\/v2\/users\/1"}],"replies":[{"embeddable":true,"href":"https:\/\/www.fuldaernachrichten.de\/index.php?rest_route=%2Fwp%2Fv2%2Fcomments&post=5693"}],"version-history":[{"count":0,"href":"https:\/\/www.fuldaernachrichten.de\/index.php?rest_route=\/wp\/v2\/posts\/5693\/revisions"}],"wp:attachment":[{"href":"https:\/\/www.fuldaernachrichten.de\/index.php?rest_route=%2Fwp%2Fv2%2Fmedia&parent=5693"}],"wp:term":[{"taxonomy":"category","embeddable":true,"href":"https:\/\/www.fuldaernachrichten.de\/index.php?rest_route=%2Fwp%2Fv2%2Fcategories&post=5693"},{"taxonomy":"post_tag","embeddable":true,"href":"https:\/\/www.fuldaernachrichten.de\/index.php?rest_route=%2Fwp%2Fv2%2Ftags&post=5693"}],"curies":[{"name":"wp","href":"https:\/\/api.w.org\/{rel}","templated":true}]}}