{"id":56786,"date":"2010-04-12T01:48:43","date_gmt":"2010-04-11T23:48:43","guid":{"rendered":"http:\/\/www.schoene-nachrichten.de\/?p=56786"},"modified":"2010-04-12T07:38:31","modified_gmt":"2010-04-12T05:38:31","slug":"grundsteinlegung-fuer-betreutes-wohnprojekt-in-grossenlueder","status":"publish","type":"post","link":"https:\/\/www.fuldaernachrichten.de\/?p=56786","title":{"rendered":"Grundsteinlegung f\u00fcr betreutes Wohnprojekt in Gro\u00dfenl\u00fcder"},"content":{"rendered":"<p><a href=\"http:\/\/www.schoene-nachrichten.de\/wp-content\/uploads\/2010\/04\/100412_Grundstein11.jpg\"><img decoding=\"async\" src=\"http:\/\/www.schoene-nachrichten.de\/wp-content\/uploads\/2010\/04\/100412_Grundstein11.jpg\" alt=\"100412_Grundstein1\" title=\"100412_Grundstein1\" width=\"560\" class=\"alignnone size-medium wp-image-56796\" srcset=\"https:\/\/www.fuldaernachrichten.de\/wp-content\/uploads\/2010\/04\/100412_Grundstein11.jpg 600w, https:\/\/www.fuldaernachrichten.de\/wp-content\/uploads\/2010\/04\/100412_Grundstein11-265x174.jpg 265w\" sizes=\"(max-width: 600px) 100vw, 600px\" \/><\/a><\/p>\n<p><strong>Gro\u00dfenl\u00fcder<\/strong>. Die Vereine Gemeinsam Leben \u2013 Gemeinsam Lernen, Gemeinsam Leben in Bimbach und die Fuldaer Integrations-Stiftung FIS hatten zur Grundsteinlegung des Hauses f\u00fcr Betreutes Wohnen nach Bimbach, Am H\u00e4denberg Freundinnen und Freunde eingeladen. In seiner Begr\u00fc\u00dfung wies der Vorsitzende der beiden Vereine und der Stiftung auf den langen und schwierigen Weg der Finanzierung des Projektes vor dem Hintergrund der leeren \u00f6ffentlichen Kassen hin. <!--more--><\/p>\n<p>Er freute sich die Vertreter der Gemeinde Gro\u00dfenl\u00fcder, den ersten Beigeordneten Norbert Mengel und den Vorsitzenden der Gemeindevertretung G\u00fcnther von Keitz sowie den Ortsvorsteher und stellvertretenden Vorsitzenden des Vereins GLiB Engelbert Jest\u00e4dt begr\u00fc\u00dfen zu k\u00f6nnen. Helmut Blum begr\u00fc\u00dfte auch die anwesenden Sponsoren, die anl\u00e4sslich ihrer Geburtstage auf Spenden verzichteten hatten und die Spende dem Projekt zukommen lie\u00dfen. <\/p>\n<p>Auch hatten es sich die Vertreter der \u00f6rtlichen Vereine nicht nehmen lassen, der Grundsteinlegung beizuwohnen. F\u00fcr die Firma Bickhardt-Bau begr\u00fc\u00dfte der Vorsitzende Herrn Arnold Heil besonders. Die Baufirma hatte sich bereit erkl\u00e4rt, die Erdarbeiten dem Verein zu sponsern und Mitarbeiter fingen  auch gleich nach dem offiziellen Teil mit den Erdbewegungen an.<\/p>\n<p><a href=\"http:\/\/www.schoene-nachrichten.de\/wp-content\/uploads\/2010\/04\/100412_Grundstein3.jpg\"><img decoding=\"async\" class=\"alignnone size-medium wp-image-56790\" title=\"100412_Grundstein3\" src=\"http:\/\/www.schoene-nachrichten.de\/wp-content\/uploads\/2010\/04\/100412_Grundstein3-265x175.jpg\" alt=\"100412_Grundstein3\" width=\"265\" height=\"175\" srcset=\"https:\/\/www.fuldaernachrichten.de\/wp-content\/uploads\/2010\/04\/100412_Grundstein3-265x175.jpg 265w, https:\/\/www.fuldaernachrichten.de\/wp-content\/uploads\/2010\/04\/100412_Grundstein3.jpg 600w\" sizes=\"(max-width: 265px) 100vw, 265px\" \/><\/a> <a href=\"http:\/\/www.schoene-nachrichten.de\/wp-content\/uploads\/2010\/04\/100412_Grundstein41.jpg\"><img decoding=\"async\" src=\"http:\/\/www.schoene-nachrichten.de\/wp-content\/uploads\/2010\/04\/100412_Grundstein41-265x176.jpg\" alt=\"100412_Grundstein4\" title=\"100412_Grundstein4\" width=\"265\" height=\"176\" class=\"alignnone size-medium wp-image-56799\" srcset=\"https:\/\/www.fuldaernachrichten.de\/wp-content\/uploads\/2010\/04\/100412_Grundstein41-265x176.jpg 265w, https:\/\/www.fuldaernachrichten.de\/wp-content\/uploads\/2010\/04\/100412_Grundstein41.jpg 600w\" sizes=\"(max-width: 265px) 100vw, 265px\" \/><\/a><\/p>\n<p>F\u00fcr das Ingenieurb\u00fcro Heil aus K\u00fcnzell wies Christian Heil auf die technischen Geb\u00e4udedaten hin. Das Geb\u00e4ude werde in Massivbauweise mit Pultdachtr\u00e4gern aus Nagelplattenbindern nach den aktuellen Kriterien der Energiesparverordnung errichtet und besitze ein Bauvolumen von ca. 3 600 m\u00c2\u00b3 und eine Bruttogrundrissfl\u00e4che von ca. 800 m\u00c2\u00b2. Architekt Herbert Hahn, Schlitz-Hemmen, gliederte das Objekt in 3 Bereiche, in einen Wohntraktbereich mit 6 Appartements mit je 60 m\u00c2\u00b2, in einen Bereich,  Raum f\u00fcr Begegnungen der Bewohner im mittleren Flachdachbau und in einen dritten, der als Sozial-, Verwaltungs- und Techniktrakt dem Haus f\u00fcr Betreutes Wohnen dient.<\/p>\n<p><a href=\"http:\/\/www.schoene-nachrichten.de\/wp-content\/uploads\/2010\/04\/100412_Grundstein21.jpg\"><img fetchpriority=\"high\" decoding=\"async\" src=\"http:\/\/www.schoene-nachrichten.de\/wp-content\/uploads\/2010\/04\/100412_Grundstein21-265x406.jpg\" alt=\"100412_Grundstein2\" title=\"100412_Grundstein2\" width=\"265\" height=\"406\" class=\"alignnone size-medium wp-image-56797\" srcset=\"https:\/\/www.fuldaernachrichten.de\/wp-content\/uploads\/2010\/04\/100412_Grundstein21-265x406.jpg 265w, https:\/\/www.fuldaernachrichten.de\/wp-content\/uploads\/2010\/04\/100412_Grundstein21.jpg 391w\" sizes=\"(max-width: 265px) 100vw, 265px\" \/><\/a> <a href=\"http:\/\/www.schoene-nachrichten.de\/wp-content\/uploads\/2010\/04\/100412_Grundstein51.jpg\"><img loading=\"lazy\" decoding=\"async\" src=\"http:\/\/www.schoene-nachrichten.de\/wp-content\/uploads\/2010\/04\/100412_Grundstein51-265x408.jpg\" alt=\"100412_Grundstein5\" title=\"100412_Grundstein5\" width=\"265\" height=\"408\" class=\"alignnone size-medium wp-image-56800\" srcset=\"https:\/\/www.fuldaernachrichten.de\/wp-content\/uploads\/2010\/04\/100412_Grundstein51-265x408.jpg 265w, https:\/\/www.fuldaernachrichten.de\/wp-content\/uploads\/2010\/04\/100412_Grundstein51.jpg 389w\" sizes=\"(max-width: 265px) 100vw, 265px\" \/><\/a><\/p>\n<p>Christian Heil w\u00fcnschte allen Beteiligten ein gutes Gelingen, unfall- und schadensfreie Bauzeiten, den neuen Bewohnern viel Freude im neuen Heim und Gottes Segen f\u00fcr das Objekt, f\u00fcr seine Bewohner und alle Beteiligten. Als kleine Symbolik f\u00fcr den Startschuss \u00fcberreichte er den Mitgliedern des \u00f6rtlichen Bauausschusses  Engelbert Jest\u00e4dt, Dittmar Helfrich, Helmut Gerbig und Helmut Blum einen Bauhelm.<\/p>\n<p><a href=\"http:\/\/www.schoene-nachrichten.de\/wp-content\/uploads\/2010\/04\/100412_Grundstein61.jpg\"><img loading=\"lazy\" decoding=\"async\" src=\"http:\/\/www.schoene-nachrichten.de\/wp-content\/uploads\/2010\/04\/100412_Grundstein61-265x174.jpg\" alt=\"100412_Grundstein6\" title=\"100412_Grundstein6\" width=\"265\" height=\"174\" class=\"alignnone size-medium wp-image-56801\" srcset=\"https:\/\/www.fuldaernachrichten.de\/wp-content\/uploads\/2010\/04\/100412_Grundstein61-265x174.jpg 265w, https:\/\/www.fuldaernachrichten.de\/wp-content\/uploads\/2010\/04\/100412_Grundstein61.jpg 600w\" sizes=\"(max-width: 265px) 100vw, 265px\" \/><\/a> <a href=\"http:\/\/www.schoene-nachrichten.de\/wp-content\/uploads\/2010\/04\/100412_Grundstein71.jpg\"><img loading=\"lazy\" decoding=\"async\" src=\"http:\/\/www.schoene-nachrichten.de\/wp-content\/uploads\/2010\/04\/100412_Grundstein71-265x174.jpg\" alt=\"100412_Grundstein7\" title=\"100412_Grundstein7\" width=\"265\" height=\"174\" class=\"alignnone size-medium wp-image-56802\" srcset=\"https:\/\/www.fuldaernachrichten.de\/wp-content\/uploads\/2010\/04\/100412_Grundstein71-265x174.jpg 265w, https:\/\/www.fuldaernachrichten.de\/wp-content\/uploads\/2010\/04\/100412_Grundstein71.jpg 600w\" sizes=\"(max-width: 265px) 100vw, 265px\" \/><\/a><\/p>\n<p>Danach wurde die eigentliche Grundsteinlegung vollzogen, die Helmut Blum in Gedichtform mit Assistenz von Christian Heil vornahm.<\/p>\n<p>Nach dem Loslassen der Luftballons, begleitet von den guten W\u00fcnschen f\u00fcr dieses Projekt, stie\u00dfen die Anwesenden auf den Baubeginn von \u201eArche Noah\u201c an.<\/p>\n<p><a href=\"http:\/\/www.schoene-nachrichten.de\/wp-content\/uploads\/2010\/04\/100412_Grundstein81.jpg\"><img loading=\"lazy\" decoding=\"async\" src=\"http:\/\/www.schoene-nachrichten.de\/wp-content\/uploads\/2010\/04\/100412_Grundstein81-265x174.jpg\" alt=\"100412_Grundstein8\" title=\"100412_Grundstein8\" width=\"265\" height=\"174\" class=\"alignnone size-medium wp-image-56803\" srcset=\"https:\/\/www.fuldaernachrichten.de\/wp-content\/uploads\/2010\/04\/100412_Grundstein81-265x174.jpg 265w, https:\/\/www.fuldaernachrichten.de\/wp-content\/uploads\/2010\/04\/100412_Grundstein81.jpg 600w\" sizes=\"(max-width: 265px) 100vw, 265px\" \/><\/a> <a href=\"http:\/\/www.schoene-nachrichten.de\/wp-content\/uploads\/2010\/04\/100412_Grundstein9.jpg\"><img loading=\"lazy\" decoding=\"async\" src=\"http:\/\/www.schoene-nachrichten.de\/wp-content\/uploads\/2010\/04\/100412_Grundstein9-265x174.jpg\" alt=\"100412_Grundstein9\" title=\"100412_Grundstein9\" width=\"265\" height=\"174\" class=\"alignnone size-medium wp-image-56804\" srcset=\"https:\/\/www.fuldaernachrichten.de\/wp-content\/uploads\/2010\/04\/100412_Grundstein9-265x174.jpg 265w, https:\/\/www.fuldaernachrichten.de\/wp-content\/uploads\/2010\/04\/100412_Grundstein9.jpg 600w\" sizes=\"(max-width: 265px) 100vw, 265px\" \/><\/a><br \/>\n<a href=\"http:\/\/www.schoene-nachrichten.de\/wp-content\/uploads\/2010\/04\/100412_Grundstein10.jpg\"><img loading=\"lazy\" decoding=\"async\" src=\"http:\/\/www.schoene-nachrichten.de\/wp-content\/uploads\/2010\/04\/100412_Grundstein10-265x174.jpg\" alt=\"100412_Grundstein10\" title=\"100412_Grundstein10\" width=\"265\" height=\"174\" class=\"alignnone size-medium wp-image-56805\" srcset=\"https:\/\/www.fuldaernachrichten.de\/wp-content\/uploads\/2010\/04\/100412_Grundstein10-265x174.jpg 265w, https:\/\/www.fuldaernachrichten.de\/wp-content\/uploads\/2010\/04\/100412_Grundstein10.jpg 600w\" sizes=\"(max-width: 265px) 100vw, 265px\" \/><\/a> <a href=\"http:\/\/www.schoene-nachrichten.de\/wp-content\/uploads\/2010\/04\/100412_Grundstein111.jpg\"><img loading=\"lazy\" decoding=\"async\" src=\"http:\/\/www.schoene-nachrichten.de\/wp-content\/uploads\/2010\/04\/100412_Grundstein111-265x174.jpg\" alt=\"100412_Grundstein11\" title=\"100412_Grundstein11\" width=\"265\" height=\"174\" class=\"alignnone size-medium wp-image-56806\" srcset=\"https:\/\/www.fuldaernachrichten.de\/wp-content\/uploads\/2010\/04\/100412_Grundstein111-265x174.jpg 265w, https:\/\/www.fuldaernachrichten.de\/wp-content\/uploads\/2010\/04\/100412_Grundstein111.jpg 600w\" sizes=\"(max-width: 265px) 100vw, 265px\" \/><\/a><br \/>\n<a href=\"http:\/\/www.schoene-nachrichten.de\/wp-content\/uploads\/2010\/04\/100412_Grundstein12.jpg\"><img loading=\"lazy\" decoding=\"async\" src=\"http:\/\/www.schoene-nachrichten.de\/wp-content\/uploads\/2010\/04\/100412_Grundstein12-265x176.jpg\" alt=\"100412_Grundstein12\" title=\"100412_Grundstein12\" width=\"265\" height=\"176\" class=\"alignnone size-medium wp-image-56807\" srcset=\"https:\/\/www.fuldaernachrichten.de\/wp-content\/uploads\/2010\/04\/100412_Grundstein12-265x176.jpg 265w, https:\/\/www.fuldaernachrichten.de\/wp-content\/uploads\/2010\/04\/100412_Grundstein12.jpg 600w\" sizes=\"(max-width: 265px) 100vw, 265px\" \/><\/a> <a href=\"http:\/\/www.schoene-nachrichten.de\/wp-content\/uploads\/2010\/04\/100412_Grundstein13.jpg\"><img loading=\"lazy\" decoding=\"async\" src=\"http:\/\/www.schoene-nachrichten.de\/wp-content\/uploads\/2010\/04\/100412_Grundstein13-265x175.jpg\" alt=\"100412_Grundstein13\" title=\"100412_Grundstein13\" width=\"265\" height=\"175\" class=\"alignnone size-medium wp-image-56808\" srcset=\"https:\/\/www.fuldaernachrichten.de\/wp-content\/uploads\/2010\/04\/100412_Grundstein13-265x175.jpg 265w, https:\/\/www.fuldaernachrichten.de\/wp-content\/uploads\/2010\/04\/100412_Grundstein13.jpg 600w\" sizes=\"(max-width: 265px) 100vw, 265px\" \/><\/a><br \/>\n<a href=\"http:\/\/www.schoene-nachrichten.de\/wp-content\/uploads\/2010\/04\/100412_Grundstein14.jpg\"><img loading=\"lazy\" decoding=\"async\" src=\"http:\/\/www.schoene-nachrichten.de\/wp-content\/uploads\/2010\/04\/100412_Grundstein14-265x175.jpg\" alt=\"100412_Grundstein14\" title=\"100412_Grundstein14\" width=\"265\" height=\"175\" class=\"alignnone size-medium wp-image-56809\" srcset=\"https:\/\/www.fuldaernachrichten.de\/wp-content\/uploads\/2010\/04\/100412_Grundstein14-265x175.jpg 265w, https:\/\/www.fuldaernachrichten.de\/wp-content\/uploads\/2010\/04\/100412_Grundstein14.jpg 600w\" sizes=\"(max-width: 265px) 100vw, 265px\" \/><\/a><\/p>\n","protected":false},"excerpt":{"rendered":"<div class=\"tmnf_excerpt\"><p>Gro\u00dfenl\u00fcder. Die Vereine Gemeinsam Leben \u2013 Gemeinsam Lernen, Gemeinsam Leben in Bimbach und die Fuldaer Integrations-Stiftung FIS hatten zur Grundsteinlegung des Hauses f\u00fcr Betreutes Wohnen nach Bimbach, Am H\u00e4denberg Freundinnen und Freunde eingeladen. In seiner Begr\u00fc\u00dfung wies der Vorsitzende der beiden Vereine und der Stiftung auf den langen und schwierigen Weg der Finanzierung des Projektes &hellip;<\/p>\n<\/div>","protected":false},"author":1,"featured_media":0,"comment_status":"closed","ping_status":"closed","sticky":false,"template":"","format":"standard","meta":{"footnotes":""},"categories":[1,29,78],"tags":[],"class_list":["post-56786","post","type-post","status-publish","format-standard","hentry","category-startseite","category-politik","category-topthema"],"_links":{"self":[{"href":"https:\/\/www.fuldaernachrichten.de\/index.php?rest_route=\/wp\/v2\/posts\/56786","targetHints":{"allow":["GET"]}}],"collection":[{"href":"https:\/\/www.fuldaernachrichten.de\/index.php?rest_route=\/wp\/v2\/posts"}],"about":[{"href":"https:\/\/www.fuldaernachrichten.de\/index.php?rest_route=\/wp\/v2\/types\/post"}],"author":[{"embeddable":true,"href":"https:\/\/www.fuldaernachrichten.de\/index.php?rest_route=\/wp\/v2\/users\/1"}],"replies":[{"embeddable":true,"href":"https:\/\/www.fuldaernachrichten.de\/index.php?rest_route=%2Fwp%2Fv2%2Fcomments&post=56786"}],"version-history":[{"count":9,"href":"https:\/\/www.fuldaernachrichten.de\/index.php?rest_route=\/wp\/v2\/posts\/56786\/revisions"}],"predecessor-version":[{"id":56821,"href":"https:\/\/www.fuldaernachrichten.de\/index.php?rest_route=\/wp\/v2\/posts\/56786\/revisions\/56821"}],"wp:attachment":[{"href":"https:\/\/www.fuldaernachrichten.de\/index.php?rest_route=%2Fwp%2Fv2%2Fmedia&parent=56786"}],"wp:term":[{"taxonomy":"category","embeddable":true,"href":"https:\/\/www.fuldaernachrichten.de\/index.php?rest_route=%2Fwp%2Fv2%2Fcategories&post=56786"},{"taxonomy":"post_tag","embeddable":true,"href":"https:\/\/www.fuldaernachrichten.de\/index.php?rest_route=%2Fwp%2Fv2%2Ftags&post=56786"}],"curies":[{"name":"wp","href":"https:\/\/api.w.org\/{rel}","templated":true}]}}